{"id":145108,"date":"2025-03-07T11:06:56","date_gmt":"2025-03-07T14:06:56","guid":{"rendered":"https:\/\/vinasfm.com\/noticias\/?p=145108"},"modified":"2025-03-10T08:58:37","modified_gmt":"2025-03-10T11:58:37","slug":"alvear-recibio-con-fervor-las-copas-de-la-seleccion-argentina-en-el-inicio-de-su-gira-por-mendoza","status":"publish","type":"post","link":"https:\/\/vinasfm.com\/noticias\/alvear-recibio-con-fervor-las-copas-de-la-seleccion-argentina-en-el-inicio-de-su-gira-por-mendoza\/","title":{"rendered":"ALVEAR RECIBI\u00d3 CON FERVOR LAS COPAS DE LA SELECCI\u00d3N ARGENTINA EN EL INICIO DE SU GIRA POR MENDOZA"},"content":{"rendered":"<h4 data-sourcepos=\"5:1-5:382\"><span style=\"color: #000000;\">General Alvear se visti\u00f3 de celeste y blanco para recibir las tres copas obtenidas por la Selecci\u00f3n Argentina, dando inicio a su gira por \u00abLa Scaloneta\u00bb. <\/span><\/h4>\n<p data-sourcepos=\"5:1-5:382\"><span style=\"color: #000000;\">El evento, que tuvo lugar gracias a la colaboraci\u00f3n de la <strong>Liga Alvearense de F\u00fatbol<\/strong>, la <strong>Municipalidad<\/strong> y el apoyo de<strong> Zummy<\/strong>, cont\u00f3 con la presencia de autoridades locales y representantes de la<strong> Asociaci\u00f3n del F\u00fatbol Argentino<\/strong> <em>(AFA).<\/em><\/span><\/p>\n<p data-sourcepos=\"7:1-7:486\"><span style=\"color: #000000;\">El<em> secretario de Desarrollo y Promoci\u00f3n Departamental<\/em>,<span style=\"color: #003366;\"><strong> Ing. Hugo Molina<\/strong><\/span>, expres\u00f3 su satisfacci\u00f3n por el trabajo conjunto que hizo posible la llegada de las copas: <em><strong>\u00abEstamos muy contentos. Un trabajo donde se combinan distintos organismos logrando realizar estos eventos tan bien recibidos por la comunidad\u00bb. En ese contexto, Molina agradeci\u00f3 a los representantes de\u00a0 AFA por la \u00abpredisposici\u00f3n de traer estas tres copas que tanto disfrutamos\u00bb.\u00a0<\/strong><\/em><\/span><\/p>\n<p data-sourcepos=\"9:1-9:566\"><span style=\"color: #000000;\"><span style=\"color: #003366;\"><strong>Mario Echevarr\u00eda<\/strong><\/span>, <em>de AFA y responsable de la gira de copas<\/em>, resalt\u00f3 que esta visita es parte de un proyecto federal que busca acercar los logros de la Selecci\u00f3n a todo el pa\u00eds: <strong><em>\u00abEs la visita n\u00famero 93 desde febrero del a\u00f1o pasad, siendo esta la primera vez que estamos en la provincia de Mendoza\u00bb.<\/em> <\/strong>Echevarr\u00eda subray\u00f3 el mensaje de trabajo en equipo y perseverancia que transmite la Selecci\u00f3n: <em><strong>\u00abEsta es una Selecci\u00f3n que nos ha dejado dos cosas importantes: primero, entender que todo se hace en equipo y no hay que darse por vencido\u00bb.<\/strong><\/em><\/span><\/p>\n<p data-sourcepos=\"11:1-11:387\"><span style=\"color: #000000;\">La gira continuar\u00e1 por San Rafael, Luj\u00e1n de Cuyo y Tupungato, con un extenso cronograma que abarcar\u00e1 diversas provincias. Echevarr\u00eda enfatiz\u00f3 la importancia de llevar la AFA al interior del pa\u00eds, <em><strong>\u00abel f\u00fatbol es de todos los argentinos, tiene el mismo derecho un alvearense que un sanrafaelino o que alguien que naci\u00f3 en Recoleta, eso es lo importante y es el mensaje que quiere dejar AFA\u00bb.<\/strong><\/em><\/span><\/p>\n<p data-sourcepos=\"13:1-13:161\"><span style=\"color: #000000;\">El evento se extender\u00e1 hasta las 17 horas, permitiendo que cientos de alvearenses pudieran disfrutar de cerca los trofeos y celebrar los \u00e9xitos de la \u00abScaloneta\u00bb.<\/span><\/p>\n","protected":false},"excerpt":{"rendered":"<p>General Alvear se visti\u00f3 de celeste y blanco para recibir las tres copas obtenidas por la Selecci\u00f3n Argentina, dando inicio a &#8230;<\/p>\n","protected":false},"author":7,"featured_media":145109,"comment_status":"open","ping_status":"open","sticky":false,"template":"","format":"standard","meta":{"footnotes":""},"categories":[3,10],"tags":[],"class_list":["post-145108","post","type-post","status-publish","format-standard","has-post-thumbnail","hentry","category-deportes","category-destacadas"],"_links":{"self":[{"href":"https:\/\/vinasfm.com\/noticias\/wp-json\/wp\/v2\/posts\/145108","targetHints":{"allow":["GET"]}}],"collection":[{"href":"https:\/\/vinasfm.com\/noticias\/wp-json\/wp\/v2\/posts"}],"about":[{"href":"https:\/\/vinasfm.com\/noticias\/wp-json\/wp\/v2\/types\/post"}],"author":[{"embeddable":true,"href":"https:\/\/vinasfm.com\/noticias\/wp-json\/wp\/v2\/users\/7"}],"replies":[{"embeddable":true,"href":"https:\/\/vinasfm.com\/noticias\/wp-json\/wp\/v2\/comments?post=145108"}],"version-history":[{"count":1,"href":"https:\/\/vinasfm.com\/noticias\/wp-json\/wp\/v2\/posts\/145108\/revisions"}],"predecessor-version":[{"id":145110,"href":"https:\/\/vinasfm.com\/noticias\/wp-json\/wp\/v2\/posts\/145108\/revisions\/145110"}],"wp:featuredmedia":[{"embeddable":true,"href":"https:\/\/vinasfm.com\/noticias\/wp-json\/wp\/v2\/media\/145109"}],"wp:attachment":[{"href":"https:\/\/vinasfm.com\/noticias\/wp-json\/wp\/v2\/media?parent=145108"}],"wp:term":[{"taxonomy":"category","embeddable":true,"href":"https:\/\/vinasfm.com\/noticias\/wp-json\/wp\/v2\/categories?post=145108"},{"taxonomy":"post_tag","embeddable":true,"href":"https:\/\/vinasfm.com\/noticias\/wp-json\/wp\/v2\/tags?post=145108"}],"curies":[{"name":"wp","href":"https:\/\/api.w.org\/{rel}","templated":true}]}}