{"id":145082,"date":"2025-03-07T08:40:47","date_gmt":"2025-03-07T11:40:47","guid":{"rendered":"https:\/\/vinasfm.com\/noticias\/?p=145082"},"modified":"2025-03-07T11:09:22","modified_gmt":"2025-03-07T14:09:22","slug":"vendimia-2024-recorridos-horarios-y-detalles-de-la-via-blanca-y-el-carrusel","status":"publish","type":"post","link":"https:\/\/vinasfm.com\/noticias\/vendimia-2024-recorridos-horarios-y-detalles-de-la-via-blanca-y-el-carrusel\/","title":{"rendered":"VENDIMIA 2025: RECORRIDOS, HORARIOS Y DETALLES DE LA V\u00cdA BLANCA Y EL CARRUSEL"},"content":{"rendered":"<h4><span style=\"color: #000000;\">Los festejos vendimiales, que comenzaron con la Bendici\u00f3n de los Frutos el pasado s\u00e1bado en el parque San Vicente, de Godoy Cruz, continuar\u00e1n cronol\u00f3gicamente con el Acto Central, la Serenata de las Reinas y las repeticiones de aqu\u00e9l. Se premiar\u00e1 a los mejores carros.<\/span><\/h4>\n<p><span style=\"color: #000000;\">Este viernes 7 de marzo, a partir de las 21:00 horas, ser\u00e1 la tradicional <em>V\u00eda Blanca de las Reinas<\/em>, mientras que el s\u00e1bado 8 ser\u00e1 el turno del<em> Carrusel<\/em>, a partir de las 9:00, por las calles c\u00e9ntricas de Ciudad. <strong>Participar\u00e1n en los desfiles carros aleg\u00f3ricos de destacados miembros de nuestra comunidad. Se espera que asista una gran cantidad de p\u00fablico \u2500tanto mendocinos como turistas\u2500 que podr\u00e1 disfrutar del desfile vendimial.<\/strong><\/span><\/p>\n<h3><span style=\"color: #000000;\"><strong>Los recorridos<\/strong><\/span><\/h3>\n<p><span style=\"color: #000000;\">El recorrido de la <em>V\u00eda Blanca<\/em> comenzar\u00e1 en la avenida<strong> San Mart\u00edn y Jos\u00e9 Vicente Zapata, continuar\u00e1 hasta Las Heras, de all\u00ed ir\u00e1 hasta Chile, doblar\u00e1 hasta Sarmiento y se desconcentrar\u00e1 en Belgrano.<\/strong><\/span><\/p>\n<p><span style=\"color: #000000;\">El <em>Carrusel<\/em> <strong>partir\u00e1 desde los Portones del parque General San Mart\u00edn, se dirigir\u00e1 hacia el este por Emilio Civit hasta la plaza Independencia, all\u00ed doblar\u00e1 hacia el norte por Chile hasta Las Heras, de ah\u00ed hasta San Mart\u00edn hacia el sur y al llegar a Col\u00f3n se desconcentrar\u00e1.<\/strong><\/span><\/p>\n<p><img decoding=\"async\" src=\"https:\/\/www.mendoza.gov.ar\/wp-content\/uploads\/sites\/5\/2025\/03\/Carrusel-24-700x468.jpg\" \/><\/p>\n<p><span style=\"color: #000000;\"><strong>Concurso de selecci\u00f3n de los mejores carros vendimiales<\/strong><\/span><\/p>\n<p><span style=\"color: #000000;\">El <strong>Ministerio de Educaci\u00f3n, Cultura, Infancias y DGE<\/strong>, a trav\u00e9s de la <strong>Subsecretar\u00eda de Cultura<\/strong>, realiza cada a\u00f1o el <strong>concurso de selecci\u00f3n del mejor carro vendimial de la V\u00eda Blanca de las Reinas y el Carrusel, en el que participan todos los municipios de la provincia.<\/strong><\/span><\/p>\n<p><span style=\"color: #000000;\"><strong>El primer premio asciende a $2.500.000, en tanto que el segundo puesto obtendr\u00e1 un monto de $1.500.000.<\/strong> El ganador ser\u00e1 seleccionado por un jurado conformado por <span style=\"color: #003366;\"><strong>Franco Marchionni<\/strong><\/span>, <em>del Colegio de Arquitectos<\/em>; <span style=\"color: #003366;\"><strong>Alejandra Alca\u00edno<\/strong><\/span>, <em>del Instituto Nacional de Vitivinicultura<\/em>; <span style=\"color: #003366;\"><strong>Nora Urcullu<\/strong><\/span>, <em>por la Comisi\u00f3n de Reinas Nacionales de la Vendimia (Corenave)<\/em> y la <em>Comisi\u00f3n de Virreinas Nacionales de la Vendimia (Covinave)<\/em>; <span style=\"color: #003366;\"><strong>Laura Yanz\u00f3n<\/strong><\/span>,<em> por la UNCuyo<\/em>, y <span style=\"color: #003366;\"><strong>Sebasti\u00e1n Ladr\u00f3n de Guevara<\/strong><\/span>, por la <em>Subsecretar\u00eda de Cultura de la Provincia.<\/em><\/span><\/p>\n<p><span style=\"color: #000000;\">Las consideraciones a tener en cuenta para la elecci\u00f3n del mejor carro vendimial est\u00e1n vinculadas a la originalidad, la sustanciaci\u00f3n en el contenido con el departamento al que representa, la fundamentaci\u00f3n del proyecto, la coherencia espacial arm\u00f3nica, la utilizaci\u00f3n de m\u00fasica propia del departamento o regional, el dise\u00f1o lum\u00ednico novedoso y acorde con la est\u00e9tica planteada, la funcionalidad y la jerarqu\u00eda de ubicaci\u00f3n del elemento humano y la composici\u00f3n general del carro en su desfile.<\/span><\/p>\n","protected":false},"excerpt":{"rendered":"<p>Los festejos vendimiales, que comenzaron con la Bendici\u00f3n de los Frutos el pasado s\u00e1bado en el parque San Vicente, de Godoy &#8230;<\/p>\n","protected":false},"author":7,"featured_media":145083,"comment_status":"open","ping_status":"open","sticky":false,"template":"","format":"standard","meta":{"footnotes":""},"categories":[1],"tags":[],"class_list":["post-145082","post","type-post","status-publish","format-standard","has-post-thumbnail","hentry","category-fmvinas"],"_links":{"self":[{"href":"https:\/\/vinasfm.com\/noticias\/wp-json\/wp\/v2\/posts\/145082","targetHints":{"allow":["GET"]}}],"collection":[{"href":"https:\/\/vinasfm.com\/noticias\/wp-json\/wp\/v2\/posts"}],"about":[{"href":"https:\/\/vinasfm.com\/noticias\/wp-json\/wp\/v2\/types\/post"}],"author":[{"embeddable":true,"href":"https:\/\/vinasfm.com\/noticias\/wp-json\/wp\/v2\/users\/7"}],"replies":[{"embeddable":true,"href":"https:\/\/vinasfm.com\/noticias\/wp-json\/wp\/v2\/comments?post=145082"}],"version-history":[{"count":3,"href":"https:\/\/vinasfm.com\/noticias\/wp-json\/wp\/v2\/posts\/145082\/revisions"}],"predecessor-version":[{"id":145111,"href":"https:\/\/vinasfm.com\/noticias\/wp-json\/wp\/v2\/posts\/145082\/revisions\/145111"}],"wp:featuredmedia":[{"embeddable":true,"href":"https:\/\/vinasfm.com\/noticias\/wp-json\/wp\/v2\/media\/145083"}],"wp:attachment":[{"href":"https:\/\/vinasfm.com\/noticias\/wp-json\/wp\/v2\/media?parent=145082"}],"wp:term":[{"taxonomy":"category","embeddable":true,"href":"https:\/\/vinasfm.com\/noticias\/wp-json\/wp\/v2\/categories?post=145082"},{"taxonomy":"post_tag","embeddable":true,"href":"https:\/\/vinasfm.com\/noticias\/wp-json\/wp\/v2\/tags?post=145082"}],"curies":[{"name":"wp","href":"https:\/\/api.w.org\/{rel}","templated":true}]}}