{"id":145061,"date":"2025-03-06T11:35:25","date_gmt":"2025-03-06T14:35:25","guid":{"rendered":"https:\/\/vinasfm.com\/noticias\/?p=145061"},"modified":"2025-03-07T10:07:04","modified_gmt":"2025-03-07T13:07:04","slug":"desde-gestion-ambiental-brindaron-una-capacitacion-sobre-el-manejo-de-estacadas-de-alamo-para-productores","status":"publish","type":"post","link":"https:\/\/vinasfm.com\/noticias\/desde-gestion-ambiental-brindaron-una-capacitacion-sobre-el-manejo-de-estacadas-de-alamo-para-productores\/","title":{"rendered":"DESDE GESTI\u00d3N AMBIENTAL BRINDARON UNA CAPACITACI\u00d3N SOBRE EL MANEJO DE ESTACAS DE \u00c1LAMO PARA PRODUCTORES"},"content":{"rendered":"<h4><span style=\"color: #000000;\">Este jueves por la ma\u00f1ana, productores y vecinos participaron en una charla pr\u00e1ctica sobre el manejo de estacas de \u00e1lamo en el Vivero de Recursos Naturales, ubicado en Calle 7, entre El Cha\u00f1aral y Callej\u00f3n J. La jornada estuvo orientada a mejorar la producci\u00f3n y el desarrollo de estas especies forestales.<\/span><\/h4>\n<p><span style=\"color: #000000;\"><span style=\"color: #003366;\"><strong>Denis Rabanal<\/strong><\/span>, de la <em>Asesor\u00eda de Gesti\u00f3n Ambiental<\/em>, expres\u00f3:<em><strong> \u201cla idea de hoy es intercambiar ideas para analizar c\u00f3mo se manejaron las estacas de \u00e1lamos en el Vivero de Recursos Naturales y c\u00f3mo cada productor las trabaj\u00f3, qu\u00e9 resultados obtuvo, para que la temporada que viene la producci\u00f3n y el desarrollo sean m\u00e1s fruct\u00edferos\u201d.<\/strong><\/em><\/span><\/p>\n<p><span style=\"color: #000000;\">Durante la capacitaci\u00f3n, se abordaron los pasos fundamentales en el proceso de producci\u00f3n, desde la generaci\u00f3n de plantas madre y la obtenci\u00f3n de varillas, hasta la plantaci\u00f3n de las estacas y sus primeros cuidados. <strong>Se hizo especial \u00e9nfasis en el periodo cr\u00edtico de enraizamiento, que abarca entre cuatro y seis semanas, un factor clave para garantizar el crecimiento saludable de los \u00e1lamos.<\/strong><\/span><\/p>\n<p><a href=\"https:\/\/vinasfm.com\/noticias\/wp-content\/uploads\/2025\/03\/IMG-20250306-WA0039.jpg\"><img loading=\"lazy\" decoding=\"async\" class=\"alignnone wp-image-145063\" src=\"https:\/\/vinasfm.com\/noticias\/wp-content\/uploads\/2025\/03\/IMG-20250306-WA0039-1024x576.jpg\" alt=\"\" width=\"533\" height=\"300\" srcset=\"https:\/\/vinasfm.com\/noticias\/wp-content\/uploads\/2025\/03\/IMG-20250306-WA0039-1024x576.jpg 1024w, https:\/\/vinasfm.com\/noticias\/wp-content\/uploads\/2025\/03\/IMG-20250306-WA0039-300x169.jpg 300w, https:\/\/vinasfm.com\/noticias\/wp-content\/uploads\/2025\/03\/IMG-20250306-WA0039-768x432.jpg 768w, https:\/\/vinasfm.com\/noticias\/wp-content\/uploads\/2025\/03\/IMG-20250306-WA0039-1536x864.jpg 1536w, https:\/\/vinasfm.com\/noticias\/wp-content\/uploads\/2025\/03\/IMG-20250306-WA0039-1140x641.jpg 1140w, https:\/\/vinasfm.com\/noticias\/wp-content\/uploads\/2025\/03\/IMG-20250306-WA0039.jpg 1600w\" sizes=\"auto, (max-width: 533px) 100vw, 533px\" \/><\/a> <a href=\"https:\/\/vinasfm.com\/noticias\/wp-content\/uploads\/2025\/03\/IMG-20250306-WA0044.jpg\"><img loading=\"lazy\" decoding=\"async\" class=\"alignnone size-medium wp-image-145064\" src=\"https:\/\/vinasfm.com\/noticias\/wp-content\/uploads\/2025\/03\/IMG-20250306-WA0044-169x300.jpg\" alt=\"\" width=\"169\" height=\"300\" srcset=\"https:\/\/vinasfm.com\/noticias\/wp-content\/uploads\/2025\/03\/IMG-20250306-WA0044-169x300.jpg 169w, https:\/\/vinasfm.com\/noticias\/wp-content\/uploads\/2025\/03\/IMG-20250306-WA0044-575x1024.jpg 575w, https:\/\/vinasfm.com\/noticias\/wp-content\/uploads\/2025\/03\/IMG-20250306-WA0044-768x1367.jpg 768w, https:\/\/vinasfm.com\/noticias\/wp-content\/uploads\/2025\/03\/IMG-20250306-WA0044-863x1536.jpg 863w, https:\/\/vinasfm.com\/noticias\/wp-content\/uploads\/2025\/03\/IMG-20250306-WA0044.jpg 899w\" sizes=\"auto, (max-width: 169px) 100vw, 169px\" \/><\/a><\/p>\n<p><span style=\"color: #000000;\">Adem\u00e1s de los productores, la actividad cont\u00f3 con la presencia de vecinos que en la temporada pasada recibieron estacas para formar cortinas forestales en sus lotes. <strong>Se realiz\u00f3 un intercambio de experiencias sobre el manejo y desarrollo de las plantas, destacando las diferencias entre el crecimiento en el vivero y en los terrenos particulares.<\/strong> En este sentido, Rabanal se\u00f1al\u00f3 que en el vivero los \u00e1lamos alcanzan entre tres y tres metros y medio de altura, mientras que, en muchos casos, el desarrollo ha sido menor.<\/span><\/p>\n<p><span style=\"color: #000000;\">Uno de los factores determinantes en esta diferencia es el manejo del suelo. En el vivero, los suelos se enriquecen con una alta carga org\u00e1nica mediante la producci\u00f3n de compost y el uso de hojas en oto\u00f1o.<\/span><\/p>\n<p><span style=\"color: #000000;\"><strong>La capacitaci\u00f3n tambi\u00e9n incluy\u00f3 recomendaciones sobre el riego y las pr\u00e1cticas de mantenimiento necesarias para lograr un crecimiento exitoso de los \u00e1lamos en distintos entornos.<\/strong> La jornada permiti\u00f3 a los asistentes adquirir herramientas para mejorar sus t\u00e9cnicas y garantizar mejores resultados en la pr\u00f3xima temporada.<\/span><\/p>\n","protected":false},"excerpt":{"rendered":"<p>Este jueves por la ma\u00f1ana, productores y vecinos participaron en una charla pr\u00e1ctica sobre el manejo de estacas de \u00e1lamo en &#8230;<\/p>\n","protected":false},"author":7,"featured_media":145065,"comment_status":"open","ping_status":"open","sticky":false,"template":"","format":"standard","meta":{"footnotes":""},"categories":[10,192],"tags":[],"class_list":["post-145061","post","type-post","status-publish","format-standard","has-post-thumbnail","hentry","category-destacadas","category-gestion-ambiental"],"_links":{"self":[{"href":"https:\/\/vinasfm.com\/noticias\/wp-json\/wp\/v2\/posts\/145061","targetHints":{"allow":["GET"]}}],"collection":[{"href":"https:\/\/vinasfm.com\/noticias\/wp-json\/wp\/v2\/posts"}],"about":[{"href":"https:\/\/vinasfm.com\/noticias\/wp-json\/wp\/v2\/types\/post"}],"author":[{"embeddable":true,"href":"https:\/\/vinasfm.com\/noticias\/wp-json\/wp\/v2\/users\/7"}],"replies":[{"embeddable":true,"href":"https:\/\/vinasfm.com\/noticias\/wp-json\/wp\/v2\/comments?post=145061"}],"version-history":[{"count":3,"href":"https:\/\/vinasfm.com\/noticias\/wp-json\/wp\/v2\/posts\/145061\/revisions"}],"predecessor-version":[{"id":145075,"href":"https:\/\/vinasfm.com\/noticias\/wp-json\/wp\/v2\/posts\/145061\/revisions\/145075"}],"wp:featuredmedia":[{"embeddable":true,"href":"https:\/\/vinasfm.com\/noticias\/wp-json\/wp\/v2\/media\/145065"}],"wp:attachment":[{"href":"https:\/\/vinasfm.com\/noticias\/wp-json\/wp\/v2\/media?parent=145061"}],"wp:term":[{"taxonomy":"category","embeddable":true,"href":"https:\/\/vinasfm.com\/noticias\/wp-json\/wp\/v2\/categories?post=145061"},{"taxonomy":"post_tag","embeddable":true,"href":"https:\/\/vinasfm.com\/noticias\/wp-json\/wp\/v2\/tags?post=145061"}],"curies":[{"name":"wp","href":"https:\/\/api.w.org\/{rel}","templated":true}]}}