{"id":145035,"date":"2025-03-06T08:21:42","date_gmt":"2025-03-06T11:21:42","guid":{"rendered":"https:\/\/vinasfm.com\/noticias\/?p=145035"},"modified":"2025-03-06T08:21:42","modified_gmt":"2025-03-06T11:21:42","slug":"mendoza-culmina-su-participacion-en-la-pdac-2025-con-una-intensa-agenda-de-trabajo-y-reuniones","status":"publish","type":"post","link":"https:\/\/vinasfm.com\/noticias\/mendoza-culmina-su-participacion-en-la-pdac-2025-con-una-intensa-agenda-de-trabajo-y-reuniones\/","title":{"rendered":"MENDOZA CULMINA SU PARTICIPACI\u00d3N EN LA PDAC 2025 CON UNA INTENSA AGENDA DE TRABAJO Y REUNIONES"},"content":{"rendered":"<h4><span style=\"color: #000000;\">La ministra de Energ\u00eda y Ambiente, Jimena Latorre; el director de Miner\u00eda, Jer\u00f3nimo Shantal, y el intendente de Malarg\u00fce, Celso Jaque, articularon una intensa jornada de trabajo y reuniones en el \u00faltimo d\u00eda de la Prospectors y Developers Association of Canada (PDAC) 2025.<\/span><\/h4>\n<p><span style=\"color: #000000;\">La <em>ministra de Energ\u00eda y Ambiente<\/em>, <span style=\"color: #000080;\"><strong>Jimena Latorre<\/strong><\/span>; el <em>director de Miner\u00eda<\/em>, <span style=\"color: #000080;\"><strong>Jer\u00f3nimo Shantal<\/strong><\/span>, y el <em>intendente de Malarg\u00fce<\/em>, <span style=\"color: #000080;\"><strong>Celco Jaque<\/strong><\/span>, cerraron la participaci\u00f3n de <strong>Mendoza en la Prospectors y Developers Association of Canada (PDAC) 2025<\/strong>, la feria minera m\u00e1s importante del mundo, en la que provincia tuvo una participaci\u00f3n central.<\/span><\/p>\n<p><span style=\"color: #000000;\">El encuentro, que se desarroll\u00f3 durante cuatro jornadas en el Metro Toronto Convention Center (MTCC), congreg\u00f3 a 27.000 asistentes de m\u00e1s de 135 pa\u00edses, y cont\u00f3 con un d\u00eda especial dedicado a la Argentina, cuando disertaron el <span style=\"color: #000080;\"><strong>Gobernador Alfredo Cornejo<\/strong><\/span> junto a <em>su par de San Juan<\/em>, <span style=\"color: #000080;\"><strong>Marcelo Orrego<\/strong><\/span>; la <em>secretaria de Energ\u00eda y Miner\u00eda de R\u00edo Negro<\/em>, <span style=\"color: #000080;\"><strong>Andrea Confini<\/strong><\/span>, y la <em>secretaria de Miner\u00eda de Santa Cruz<\/em>, <span style=\"color: #000080;\"><strong>Nadia Ricci<\/strong><\/span>.<\/span><\/p>\n<p><span style=\"color: #000000;\">Durante el mi\u00e9rcoles 5 de marzo, \u00faltimo d\u00eda de la feria, la agenda de Latorre y Shantal incluy\u00f3 reuniones estrat\u00e9gicas con actores clave del sector minero global.<\/span><\/p>\n<p><span style=\"color: #000000;\">Uno de los encuentros destacados fue con <span style=\"color: #000080;\"><strong>Arvind Misra<\/strong><\/span>, <em>director Ejecutivo de Belararox<\/em> (BRX), una compa\u00f1\u00eda minera canadiense con sede en Australia. Esta empresa se enfoca en la exploraci\u00f3n de minerales esenciales para el desarrollo de energ\u00eda limpia y tecnolog\u00edas renovables, incluyendo el cobre.<\/span><\/p>\n<p><span style=\"color: #000000;\"><strong>\u201cNos reunimos para trabajar en acuerdos de colaboraci\u00f3n educativos con las universidades de Mendoza y de Australia, en particular, para avanzar con la posibilidad de realizar intercambios con la Curtin University School, entendiendo que la formaci\u00f3n del capital humano es uno de los ejes centrales para el desarrollo de la miner\u00eda\u201d<\/strong>, afirm\u00f3 Latorre. Y destac\u00f3: <strong><em>\u201cQuedamos en seguir avanzando y volver a reunirnos en mayo de este a\u00f1o con el objeto de materializar una comitiva para que visite dicha universidad en Kalgoorlie\u201d.<\/em><\/strong><\/span><\/p>\n<p><span style=\"color: #000000;\">M\u00e1s tarde se reunieron con <strong><span style=\"color: #003366;\">Andr\u00e9s Sanabria<\/span><\/strong>, <em>coordinador de la Iniciativa de Regiones y Ciudades Mineras de la Organizaci\u00f3n para la Cooperaci\u00f3n y el Desarrollo Econ\u00f3mico (OCDE)<\/em>. Sanabria ha liderado iniciativas para medir el bienestar en regiones mineras y ha trabajado en estrategias para el desarrollo de comunidades ind\u00edgenas en contextos extractivos. <strong>Durante el encuentro exploraron oportunidades de colaboraci\u00f3n para fortalecer la gesti\u00f3n y la sostenibilidad de la miner\u00eda en Mendoza.<\/strong><\/span><\/p>\n<p><span style=\"color: #000000;\">Latorre destac\u00f3 el inter\u00e9s de la OCDE por el trabajo realizado en Mendoza, especialmente en el desarrollo de proveedores locales, la comunicaci\u00f3n en comunidades con proyectos mineros y la participaci\u00f3n ciudadana.<\/span><\/p>\n<p><span style=\"color: #000000;\">Mencion\u00f3 estudios de casos en Finlandia, Andaluc\u00eda (Espa\u00f1a) y Antofagasta (Chile), y c\u00f3mo estos pueden complementarse con el trabajo provincial, en el que participan el Consejo Empresario Mendocino, la Universidad Nacional de Cuyo, Impulsa Mendoza y empresarios locales a trav\u00e9s del Plan Pilar.<\/span><\/p>\n<p><span style=\"color: #000000;\"><em><strong>\u201cEstamos muy interesados en trabajar con la OCDE en los departamentos de la provincia en donde ya hay proyectos, pero tambi\u00e9n de trabajar a nivel regional y aprender del desarrollo que ha llevado esta organizaci\u00f3n en otras regiones\u201d<\/strong><\/em>, afirm\u00f3 la ministra.<\/span><\/p>\n<p><span style=\"color: #000000;\">Otro punto clave de la jornada fue la reuni\u00f3n con autoridades mineras de diversas provincias de Canad\u00e1. Participaron representantes de Quebec, British Columbia y Ontario, quienes expusieron sus estrategias para la atracci\u00f3n de inversiones, regulaciones y mejores pr\u00e1cticas en los criterios ESG (Environmental, Social and Governance), referidos a los aspectos ambiental, social y de gobernanza.<\/span><\/p>\n<p><img decoding=\"async\" src=\"https:\/\/www.mendoza.gov.ar\/wp-content\/uploads\/sites\/5\/2025\/03\/WhatsApp-Image-2025-03-05-at-21.21.16-1-700x456.jpeg\" \/><\/p>\n<p><span style=\"color: #000000;\">En este marco, Mendoza present\u00f3 su organizaci\u00f3n y modelo de trabajo como autoridad minera, seguido de una mesa redonda de preguntas y respuestas moderada por Alberto Carlocchia.<\/span><\/p>\n<p><span style=\"color: #000000;\">Finalmente, la jornada culmin\u00f3 con la recepci\u00f3n de McEwen Copper, compa\u00f1\u00eda que lleva adelante el proyecto Los Azules en San Juan y que recientemente se inscribi\u00f3 como sociedad en Mendoza, adem\u00e1s de manifestar un creciente inter\u00e9s por el desarrollo minero provincial.<\/span><\/p>\n<p><span style=\"color: #000000;\"><em><strong>\u201cMendoza est\u00e1 logrando codearse con las grandes provincias mineras del mundo. Cerramos la participaci\u00f3n en la PDAC 2025 con grandes propuestas y conclusiones para seguir trabajando e impulsando el desarrollo de la miner\u00eda en la provincia\u201d<\/strong><\/em>, concluy\u00f3 Latorre.<\/span><\/p>\n<p><span style=\"color: #000000;\">Por \u00faltimo, la ministra \u2500junto con Gustavo Fern\u00e1ndez, ministro de Producci\u00f3n de San Juan\u2500 mantuvo una reuni\u00f3n con representantes de la Junta de Control de Bebidas Alcoh\u00f3licas de Ontario (LCBO o Liquor Control Board of Ontario), el \u00fanico importador de alcoholes de esa provincia de Canad\u00e1.<\/span><\/p>\n<p><span style=\"color: #000000;\"><em><strong>\u201cHablamos de la necesidad de trabajar en forma conjunta y reforzar las pol\u00edticas de promoci\u00f3n y difusi\u00f3n de la oferta de productos de Mendoza\u201d<\/strong><\/em>, resalt\u00f3 la funcionaria. Y agreg\u00f3 que tambi\u00e9n se hizo hincapi\u00e9 en la necesidad de entablar acciones conjuntas por provincia y regi\u00f3n.<\/span><\/p>\n<h2><span style=\"color: #000000;\"><strong>Mendoza en la PDAC 2025<\/strong><\/span><\/h2>\n<p><span style=\"color: #000000;\">Mendoza form\u00f3 parte de la delegaci\u00f3n argentina encabezada por la<em> secretaria general de la Presidencia<\/em>, <span style=\"color: #003366;\"><strong>Karina Milei<\/strong><\/span>. Acompa\u00f1aron al<em> Gobernador de Mendoza<\/em>, <span style=\"color: #003366;\"><strong>Alfredo Cornejo<\/strong><\/span>; la <span style=\"color: #003366;\"><strong>ministra Latorre<\/strong><\/span>, el <span style=\"color: #003366;\"><strong>director Shantal<\/strong> <\/span>y el <em>intendente de Malarg\u00fce<\/em>, <span style=\"color: #003366;\"><strong>Celso Jaque<\/strong><\/span>.<\/span><\/p>\n<p><span style=\"color: #000000;\">Tambi\u00e9n formaron parte de la comitiva los gobernadores<span style=\"color: #003366;\"><strong> Marcelo Orrego<\/strong><\/span> <em>(San Juan)<\/em>, <span style=\"color: #003366;\"><strong>Claudio Vidal<\/strong><\/span> <em>(Santa Cruz)<\/em>, <span style=\"color: #003366;\"><strong>Carlos Sadir<\/strong> <\/span><em>(Jujuy)<\/em>, <span style=\"color: #003366;\"><strong>Ra\u00fal Jalil<\/strong> <\/span><em>(Catamarca)<\/em> y<span style=\"color: #003366;\"><strong> Ricardo Quintela<\/strong><\/span> (<em>La Rioja)<\/em>, representando a diversas corrientes pol\u00edticas con un objetivo com\u00fan: impulsar inversiones en un sector clave para el crecimiento econ\u00f3mico argentino.<\/span><\/p>\n<p><strong><span style=\"color: #000000;\">La presencia de Mendoza en la PDAC 2025 reafirm\u00f3 el compromiso con el desarrollo de una miner\u00eda sustentable y competitiva promoviendo la atracci\u00f3n de inversiones y fortaleciendo v\u00ednculos con actores globales de la industria.<\/span><\/strong><\/p>\n","protected":false},"excerpt":{"rendered":"<p>La ministra de Energ\u00eda y Ambiente, Jimena Latorre; el director de Miner\u00eda, Jer\u00f3nimo Shantal, y el intendente de Malarg\u00fce, Celso Jaque, &#8230;<\/p>\n","protected":false},"author":7,"featured_media":145036,"comment_status":"open","ping_status":"open","sticky":false,"template":"","format":"standard","meta":{"footnotes":""},"categories":[1],"tags":[],"class_list":["post-145035","post","type-post","status-publish","format-standard","has-post-thumbnail","hentry","category-fmvinas"],"_links":{"self":[{"href":"https:\/\/vinasfm.com\/noticias\/wp-json\/wp\/v2\/posts\/145035","targetHints":{"allow":["GET"]}}],"collection":[{"href":"https:\/\/vinasfm.com\/noticias\/wp-json\/wp\/v2\/posts"}],"about":[{"href":"https:\/\/vinasfm.com\/noticias\/wp-json\/wp\/v2\/types\/post"}],"author":[{"embeddable":true,"href":"https:\/\/vinasfm.com\/noticias\/wp-json\/wp\/v2\/users\/7"}],"replies":[{"embeddable":true,"href":"https:\/\/vinasfm.com\/noticias\/wp-json\/wp\/v2\/comments?post=145035"}],"version-history":[{"count":1,"href":"https:\/\/vinasfm.com\/noticias\/wp-json\/wp\/v2\/posts\/145035\/revisions"}],"predecessor-version":[{"id":145037,"href":"https:\/\/vinasfm.com\/noticias\/wp-json\/wp\/v2\/posts\/145035\/revisions\/145037"}],"wp:featuredmedia":[{"embeddable":true,"href":"https:\/\/vinasfm.com\/noticias\/wp-json\/wp\/v2\/media\/145036"}],"wp:attachment":[{"href":"https:\/\/vinasfm.com\/noticias\/wp-json\/wp\/v2\/media?parent=145035"}],"wp:term":[{"taxonomy":"category","embeddable":true,"href":"https:\/\/vinasfm.com\/noticias\/wp-json\/wp\/v2\/categories?post=145035"},{"taxonomy":"post_tag","embeddable":true,"href":"https:\/\/vinasfm.com\/noticias\/wp-json\/wp\/v2\/tags?post=145035"}],"curies":[{"name":"wp","href":"https:\/\/api.w.org\/{rel}","templated":true}]}}