{"id":144968,"date":"2025-03-05T08:10:57","date_gmt":"2025-03-05T11:10:57","guid":{"rendered":"https:\/\/vinasfm.com\/noticias\/?p=144968"},"modified":"2025-03-05T11:51:51","modified_gmt":"2025-03-05T14:51:51","slug":"estos-seran-los-recorridos-de-la-via-blanca-y-el-carrusel-2025","status":"publish","type":"post","link":"https:\/\/vinasfm.com\/noticias\/estos-seran-los-recorridos-de-la-via-blanca-y-el-carrusel-2025\/","title":{"rendered":"ESTOS SER\u00c1N LOS RECORRIDOS DE LA V\u00cdA BLANCA Y EL CARRUSEL 2025"},"content":{"rendered":"<h4><span style=\"color: #000000;\">La Subsecretar\u00eda de Cultura de la Provincia comunic\u00f3 el recorrido que realizar\u00e1n los tradicionales desfiles de la Vendimia por las calles c\u00e9ntricas de nuestra capital. Participar\u00e1n carros vendimiales, agrupaciones gauchas, murgas y caporales, entre otros.<\/span><\/h4>\n<p><span style=\"color: #000000;\">La V\u00eda Blanca de las Reinas ser\u00e1 el viernes 7 desde las 21:00 horas.<strong> Comenzar\u00e1 en San Mart\u00edn y Vicente Zapata, continuar\u00e1 hasta Las Heras, de all\u00ed ir\u00e1 hasta Chile, doblar\u00e1 por Sarmiento y en Belgrano tendr\u00e1 su desconcentraci\u00f3n.<\/strong><\/span><\/p>\n<p><span style=\"color: #000000;\">El Carrusel ser\u00e1 el s\u00e1bado 8 y comenzar\u00e1 a las 09:00. <strong>Partir\u00e1 desde los portones del parque General San Mart\u00edn, se dirigir\u00e1 hacia el este por Emilio Civit hasta la plaza Independencia, all\u00ed doblar\u00e1 hacia el norte por Chile hasta Las Heras y desde ah\u00ed hasta San Mart\u00edn hacia el sur, hasta Col\u00f3n, para su desconcentraci\u00f3n.<\/strong><\/span><\/p>\n<p><img loading=\"lazy\" decoding=\"async\" class=\"\" src=\"https:\/\/www.mendoza.gov.ar\/wp-content\/uploads\/sites\/5\/2025\/03\/carrusel-700x486.png\" width=\"360\" height=\"250\" \/> <img loading=\"lazy\" decoding=\"async\" class=\"\" src=\"https:\/\/www.mendoza.gov.ar\/wp-content\/uploads\/sites\/5\/2025\/03\/via-blanca-700x486.png\" width=\"360\" height=\"250\" \/><\/p>\n<h2><span style=\"color: #000000;\"><strong>Orden de los carros departamentales<\/strong><\/span><\/h2>\n<ol>\n<li><span style=\"color: #000000;\">Guaymall\u00e9n<\/span><\/li>\n<li>San Carlos<\/li>\n<li>Tupungato<\/li>\n<li>Rivadavia<\/li>\n<li>Malarg\u00fce<\/li>\n<li>Ciudad de Mendoz<\/li>\n<li>Lavalle<\/li>\n<li>San Rafael<\/li>\n<li>Las Heras<\/li>\n<li>General Alvear<\/li>\n<li>Godoy Cruz<\/li>\n<li>Maip\u00fa<\/li>\n<li>Santa Rosa<\/li>\n<li>Tunuy\u00e1n<\/li>\n<li>Luj\u00e1n de Cuyo<\/li>\n<li>San Mart\u00edn<\/li>\n<li>La Paz<\/li>\n<li>Jun\u00edn<\/li>\n<\/ol>\n<p>&nbsp;<\/p>\n","protected":false},"excerpt":{"rendered":"<p>La Subsecretar\u00eda de Cultura de la Provincia comunic\u00f3 el recorrido que realizar\u00e1n los tradicionales desfiles de la Vendimia por las calles &#8230;<\/p>\n","protected":false},"author":7,"featured_media":144969,"comment_status":"open","ping_status":"open","sticky":false,"template":"","format":"standard","meta":{"footnotes":""},"categories":[19,25],"tags":[],"class_list":["post-144968","post","type-post","status-publish","format-standard","has-post-thumbnail","hentry","category-cultura","category-vendimia"],"_links":{"self":[{"href":"https:\/\/vinasfm.com\/noticias\/wp-json\/wp\/v2\/posts\/144968","targetHints":{"allow":["GET"]}}],"collection":[{"href":"https:\/\/vinasfm.com\/noticias\/wp-json\/wp\/v2\/posts"}],"about":[{"href":"https:\/\/vinasfm.com\/noticias\/wp-json\/wp\/v2\/types\/post"}],"author":[{"embeddable":true,"href":"https:\/\/vinasfm.com\/noticias\/wp-json\/wp\/v2\/users\/7"}],"replies":[{"embeddable":true,"href":"https:\/\/vinasfm.com\/noticias\/wp-json\/wp\/v2\/comments?post=144968"}],"version-history":[{"count":1,"href":"https:\/\/vinasfm.com\/noticias\/wp-json\/wp\/v2\/posts\/144968\/revisions"}],"predecessor-version":[{"id":144970,"href":"https:\/\/vinasfm.com\/noticias\/wp-json\/wp\/v2\/posts\/144968\/revisions\/144970"}],"wp:featuredmedia":[{"embeddable":true,"href":"https:\/\/vinasfm.com\/noticias\/wp-json\/wp\/v2\/media\/144969"}],"wp:attachment":[{"href":"https:\/\/vinasfm.com\/noticias\/wp-json\/wp\/v2\/media?parent=144968"}],"wp:term":[{"taxonomy":"category","embeddable":true,"href":"https:\/\/vinasfm.com\/noticias\/wp-json\/wp\/v2\/categories?post=144968"},{"taxonomy":"post_tag","embeddable":true,"href":"https:\/\/vinasfm.com\/noticias\/wp-json\/wp\/v2\/tags?post=144968"}],"curies":[{"name":"wp","href":"https:\/\/api.w.org\/{rel}","templated":true}]}}