{"id":144908,"date":"2025-03-03T10:50:14","date_gmt":"2025-03-03T13:50:14","guid":{"rendered":"https:\/\/vinasfm.com\/noticias\/?p=144908"},"modified":"2025-03-04T08:36:17","modified_gmt":"2025-03-04T11:36:17","slug":"conoce-a-los-afortunados-ganadores-de-la-rifa-del-20-festival-nacional-de-la-ciruela","status":"publish","type":"post","link":"https:\/\/vinasfm.com\/noticias\/conoce-a-los-afortunados-ganadores-de-la-rifa-del-20-festival-nacional-de-la-ciruela\/","title":{"rendered":"CONOCE A LOS AFORTUNADOS GANADORES DE LA RIFA DEL 20\u00b0 FESTIVAL NACIONAL DE LA CIRUELA"},"content":{"rendered":"<h4 data-sourcepos=\"5:1-5:165\"><span style=\"color: #000000;\">Luego de una larga espera, el distrito de Bowen celebr\u00f3 una nueva edici\u00f3n de la Fiesta Nacional de la Ciruela, un evento que volvi\u00f3 con m\u00e1s fuerza que nunca. <\/span><\/h4>\n<p data-sourcepos=\"5:1-5:165\"><span style=\"color: #000000;\">El evento reuni\u00f3 a una multitud en el predio, especialmente en su segunda noche, donde grandes espect\u00e1culos art\u00edsticos, exposiciones de artesanos y un patio de comidas t\u00edpicas deleitaron a los asistentes.<\/span><\/p>\n<p data-sourcepos=\"5:1-5:165\"><strong><span style=\"color: #000000;\">El 20\u00b0 Festival Nacional de la Ciruela lleg\u00f3 a su fin, y con \u00e9l, la emocionante rifa que reparti\u00f3 grandes premios entre los presentes. <\/span><\/strong><\/p>\n<h2 data-sourcepos=\"5:1-5:165\"><span style=\"color: #000000;\">Los afortunados ganadores son:<\/span><\/h2>\n<ul data-sourcepos=\"7:1-11:0\">\n<li data-sourcepos=\"7:1-7:64\"><span style=\"color: #000000;\"><strong>1\u00b0 Premio:<\/strong> Motocicleta Zanella Due 110 cc: Valeria Poblete<\/span><\/li>\n<li data-sourcepos=\"8:1-8:64\"><span style=\"color: #000000;\"><strong>2\u00b0 Premio:<\/strong> Motocicleta Zanella Due 110 cc: Gabriela Mathei<\/span><\/li>\n<li data-sourcepos=\"9:1-9:40\"><span style=\"color: #000000;\"><strong>3\u00b0 Premio:<\/strong> $100.000: Emilce Ag\u00fcero<\/span><\/li>\n<li data-sourcepos=\"10:1-11:0\"><span style=\"color: #000000;\"><strong>4\u00b0 Premio:<\/strong> $50.000: Lilibet Cabello Mu\u00f1oz<\/span><\/li>\n<\/ul>\n<p data-sourcepos=\"12:1-12:189\"><span style=\"color: #000000;\">La Comisi\u00f3n Amigos del Festival se pondr\u00e1 en contacto con los ganadores para coordinar la entrega de los premios en una ceremonia especial, cuya fecha y hora ser\u00e1n confirmadas pr\u00f3ximamente.<\/span><\/p>\n","protected":false},"excerpt":{"rendered":"<p>Luego de una larga espera, el distrito de Bowen celebr\u00f3 una nueva edici\u00f3n de la Fiesta Nacional de la Ciruela, un &#8230;<\/p>\n","protected":false},"author":7,"featured_media":144910,"comment_status":"open","ping_status":"open","sticky":false,"template":"","format":"standard","meta":{"footnotes":""},"categories":[5,10],"tags":[],"class_list":["post-144908","post","type-post","status-publish","format-standard","has-post-thumbnail","hentry","category-actualidad","category-destacadas"],"_links":{"self":[{"href":"https:\/\/vinasfm.com\/noticias\/wp-json\/wp\/v2\/posts\/144908","targetHints":{"allow":["GET"]}}],"collection":[{"href":"https:\/\/vinasfm.com\/noticias\/wp-json\/wp\/v2\/posts"}],"about":[{"href":"https:\/\/vinasfm.com\/noticias\/wp-json\/wp\/v2\/types\/post"}],"author":[{"embeddable":true,"href":"https:\/\/vinasfm.com\/noticias\/wp-json\/wp\/v2\/users\/7"}],"replies":[{"embeddable":true,"href":"https:\/\/vinasfm.com\/noticias\/wp-json\/wp\/v2\/comments?post=144908"}],"version-history":[{"count":1,"href":"https:\/\/vinasfm.com\/noticias\/wp-json\/wp\/v2\/posts\/144908\/revisions"}],"predecessor-version":[{"id":144911,"href":"https:\/\/vinasfm.com\/noticias\/wp-json\/wp\/v2\/posts\/144908\/revisions\/144911"}],"wp:featuredmedia":[{"embeddable":true,"href":"https:\/\/vinasfm.com\/noticias\/wp-json\/wp\/v2\/media\/144910"}],"wp:attachment":[{"href":"https:\/\/vinasfm.com\/noticias\/wp-json\/wp\/v2\/media?parent=144908"}],"wp:term":[{"taxonomy":"category","embeddable":true,"href":"https:\/\/vinasfm.com\/noticias\/wp-json\/wp\/v2\/categories?post=144908"},{"taxonomy":"post_tag","embeddable":true,"href":"https:\/\/vinasfm.com\/noticias\/wp-json\/wp\/v2\/tags?post=144908"}],"curies":[{"name":"wp","href":"https:\/\/api.w.org\/{rel}","templated":true}]}}