{"id":144903,"date":"2025-03-03T10:17:55","date_gmt":"2025-03-03T13:17:55","guid":{"rendered":"https:\/\/vinasfm.com\/noticias\/?p=144903"},"modified":"2025-03-04T08:26:30","modified_gmt":"2025-03-04T11:26:30","slug":"violenta-pelea-tras-un-incidente-vial-en-diagonal-carlos-pelegrini","status":"publish","type":"post","link":"https:\/\/vinasfm.com\/noticias\/violenta-pelea-tras-un-incidente-vial-en-diagonal-carlos-pelegrini\/","title":{"rendered":"VIOLENTA PELEA TRAS UN INCIDENTE VIAL EN DIAGONAL CARLOS PELLEGRINI"},"content":{"rendered":"<h4 data-sourcepos=\"7:1-7:232\">El confuso episodio tuvo lugar en la intersecci\u00f3n de Diagonal Carlos Pellegrini y Pedro Escud\u00e9, cuando un hombre que circulaba en motocicleta con dos menores de edad perdi\u00f3 el control del rodado y cay\u00f3 al asfalto.<\/h4>\n<p data-sourcepos=\"9:1-9:242\">Seg\u00fan testigos presenciales, <strong>el incidente inicial deriv\u00f3 en un altercado con la polic\u00eda al llegar al lugar. La situaci\u00f3n escal\u00f3 r\u00e1pidamente, culminando en un violento enfrentamiento entre el conductor de la motocicleta y un efectivo policial.<\/strong><\/p>\n<p data-sourcepos=\"11:1-11:169\">El incidente fue registrado en video por personas que se encontraban en el lugar<strong>. Las autoridades no han emitido declaraciones oficiales sobre el hecho hasta el momento.<\/strong><\/p>\n","protected":false},"excerpt":{"rendered":"<p>El confuso episodio tuvo lugar en la intersecci\u00f3n de Diagonal Carlos Pellegrini y Pedro Escud\u00e9, cuando un hombre que circulaba en &#8230;<\/p>\n","protected":false},"author":7,"featured_media":144906,"comment_status":"open","ping_status":"open","sticky":false,"template":"","format":"standard","meta":{"footnotes":""},"categories":[5,4],"tags":[],"class_list":["post-144903","post","type-post","status-publish","format-standard","has-post-thumbnail","hentry","category-actualidad","category-policiales"],"_links":{"self":[{"href":"https:\/\/vinasfm.com\/noticias\/wp-json\/wp\/v2\/posts\/144903","targetHints":{"allow":["GET"]}}],"collection":[{"href":"https:\/\/vinasfm.com\/noticias\/wp-json\/wp\/v2\/posts"}],"about":[{"href":"https:\/\/vinasfm.com\/noticias\/wp-json\/wp\/v2\/types\/post"}],"author":[{"embeddable":true,"href":"https:\/\/vinasfm.com\/noticias\/wp-json\/wp\/v2\/users\/7"}],"replies":[{"embeddable":true,"href":"https:\/\/vinasfm.com\/noticias\/wp-json\/wp\/v2\/comments?post=144903"}],"version-history":[{"count":2,"href":"https:\/\/vinasfm.com\/noticias\/wp-json\/wp\/v2\/posts\/144903\/revisions"}],"predecessor-version":[{"id":144907,"href":"https:\/\/vinasfm.com\/noticias\/wp-json\/wp\/v2\/posts\/144903\/revisions\/144907"}],"wp:featuredmedia":[{"embeddable":true,"href":"https:\/\/vinasfm.com\/noticias\/wp-json\/wp\/v2\/media\/144906"}],"wp:attachment":[{"href":"https:\/\/vinasfm.com\/noticias\/wp-json\/wp\/v2\/media?parent=144903"}],"wp:term":[{"taxonomy":"category","embeddable":true,"href":"https:\/\/vinasfm.com\/noticias\/wp-json\/wp\/v2\/categories?post=144903"},{"taxonomy":"post_tag","embeddable":true,"href":"https:\/\/vinasfm.com\/noticias\/wp-json\/wp\/v2\/tags?post=144903"}],"curies":[{"name":"wp","href":"https:\/\/api.w.org\/{rel}","templated":true}]}}