{"id":144898,"date":"2025-03-03T09:26:10","date_gmt":"2025-03-03T12:26:10","guid":{"rendered":"https:\/\/vinasfm.com\/noticias\/?p=144898"},"modified":"2025-03-03T09:26:10","modified_gmt":"2025-03-03T12:26:10","slug":"por-el-conflicto-con-el-rio-atuel-un-ex-intendente-de-la-pampa-quiere-prohibir-el-ingreso-de-mendocinos","status":"publish","type":"post","link":"https:\/\/vinasfm.com\/noticias\/por-el-conflicto-con-el-rio-atuel-un-ex-intendente-de-la-pampa-quiere-prohibir-el-ingreso-de-mendocinos\/","title":{"rendered":"POR EL CONFLICTO CON EL R\u00cdO ATUEL, UN EX INTENDENTE DE LA PAMPA QUIERE PROHIBIR EL INGRESO DE MENDOCINOS"},"content":{"rendered":"<h4><span style=\"color: #000000;\">\u00abHay que cortar rutas\u00bb dijo Enrique Tomas y se quej\u00f3 con que se instalen bodegas mendocinas en La Pampa. Recrudecen la cruzada por las aguas del r\u00edo Atuel.<\/span><\/h4>\n<article class=\"article-body first\">\n<div class=\"article-content\">\n<div class=\"cuerpo\" data-twitter-link=\"\">\n<p><span style=\"color: #000000;\">La<strong>\u00a0cruzada en La Pampa por el\u00a0r\u00edo Atuel<\/strong>\u00a0se recrudece. Ahora un ex intendente pampeano pidi\u00f3 que se le proh\u00edba el ingreso a esa provincia a todos los mendocinos y que para eso \u201chay que cortar las rutas 143 y 188\u201d.<\/span><\/p>\n<\/div>\n<\/div>\n<\/article>\n<article class=\"article-body\">\n<div class=\"article-content\">\n<div class=\"cuerpo\" data-twitter-link=\"\">\n<p><span style=\"color: #000000;\">La arenga de Enrique Tomas fue en la televisi\u00f3n p\u00fablica pampeana: \u201c<strong>No hay que permitir el paso de ning\u00fan producto ni persona<\/strong>\u00a0que tenga documentaci\u00f3n de esa provincia. Si es ilegal cortar una ruta, tambi\u00e9n es ilegal cortar un r\u00edo\u201d, dijo.<\/span><\/p>\n<p><span style=\"color: #000000;\">El ex intendente de Puelches y referente en la defensa de los recursos h\u00eddricos pampeanos tambi\u00e9n dijo que<strong>\u00a0\u201cno se debi\u00f3 permitir\u201d la instalaci\u00f3n de bodegas mendocinas en territorio de La Pampa<\/strong>, sobre todo en la zona de bajo riego de Casa de Piedra y 25 de Mayo.<\/span><\/p>\n<\/div>\n<\/div>\n<\/article>\n<article class=\"article-body third-p\">\n<div class=\"article-content\">\n<div class=\"cuerpo\" data-twitter-link=\"\">\n<p><span style=\"color: #000000;\">\u201cHace 80 a\u00f1os nos cortaron el r\u00edo Atuel, en realidad m\u00e1s atr\u00e1s, hace 100 a\u00f1os, nos cortaron el Salado. Entonces si hace 100 pueden cortar un r\u00edo interprovincial, yo puedo cortar la ruta, porque si eso no se puede hacer tampoco se puede cortar un r\u00edo. Para m\u00ed no queda otra, no hay que permitir que pasen con documentaci\u00f3n mendocina, ni personas ni mercader\u00eda:<strong>\u00a0si no pasa un litro de agua hacia ac\u00e1, no pasa nada de Mendoza tampoco<\/strong>\u201d, agreg\u00f3 Tomas.<\/span><\/p>\n<p><span style=\"color: #000000;\">La\u00a0embestida de La Pampa contra Mendoza se sigue dando en distintos planos, mientras el eje est\u00e1 puesto en el debate por fallo de la Corte Suprema de la Justicia de la Naci\u00f3n que ordena un escurrimiento m\u00ednimo del r\u00edo Atuel hacia La Pampa.<\/span><\/p>\n<p><span style=\"color: #000000;\"><img decoding=\"async\" src=\"https:\/\/media.diariouno.com.ar\/p\/67ca5848b66e0854ec6b84807db5d87c\/adjuntos\/298\/imagenes\/009\/353\/0009353539\/1200x0\/smart\/conflicto-la-pampa-bandera-rio-atueljpg.jpg\" \/><\/span><\/p>\n<h2><span style=\"color: #000000;\">El fallo de 2020 sobre el R\u00edo Atuel<\/span><\/h2>\n<p><span style=\"color: #000000;\">El 16 de julio de 2020, la Corte Suprema de Justicia de la Naci\u00f3n fij\u00f3 que\u00a0<strong>Mendoza<\/strong>\u00a0debe garantizar un caudal inicial m\u00ednimo permanente de 3,2m3\/s en el ingreso del r\u00edo Atuel a\u00a0<strong>La Pampa<\/strong>. Desde Mendoza se ha advertido y reiterado que no es posible cumplir la resoluci\u00f3n porque no existe el agua que se reclama.<\/span><\/p>\n<\/div>\n<\/div>\n<\/article>\n","protected":false},"excerpt":{"rendered":"<p>\u00abHay que cortar rutas\u00bb dijo Enrique Tomas y se quej\u00f3 con que se instalen bodegas mendocinas en La Pampa. Recrudecen la &#8230;<\/p>\n","protected":false},"author":7,"featured_media":144899,"comment_status":"open","ping_status":"open","sticky":false,"template":"","format":"standard","meta":{"footnotes":""},"categories":[1],"tags":[],"class_list":["post-144898","post","type-post","status-publish","format-standard","has-post-thumbnail","hentry","category-fmvinas"],"_links":{"self":[{"href":"https:\/\/vinasfm.com\/noticias\/wp-json\/wp\/v2\/posts\/144898","targetHints":{"allow":["GET"]}}],"collection":[{"href":"https:\/\/vinasfm.com\/noticias\/wp-json\/wp\/v2\/posts"}],"about":[{"href":"https:\/\/vinasfm.com\/noticias\/wp-json\/wp\/v2\/types\/post"}],"author":[{"embeddable":true,"href":"https:\/\/vinasfm.com\/noticias\/wp-json\/wp\/v2\/users\/7"}],"replies":[{"embeddable":true,"href":"https:\/\/vinasfm.com\/noticias\/wp-json\/wp\/v2\/comments?post=144898"}],"version-history":[{"count":1,"href":"https:\/\/vinasfm.com\/noticias\/wp-json\/wp\/v2\/posts\/144898\/revisions"}],"predecessor-version":[{"id":144900,"href":"https:\/\/vinasfm.com\/noticias\/wp-json\/wp\/v2\/posts\/144898\/revisions\/144900"}],"wp:featuredmedia":[{"embeddable":true,"href":"https:\/\/vinasfm.com\/noticias\/wp-json\/wp\/v2\/media\/144899"}],"wp:attachment":[{"href":"https:\/\/vinasfm.com\/noticias\/wp-json\/wp\/v2\/media?parent=144898"}],"wp:term":[{"taxonomy":"category","embeddable":true,"href":"https:\/\/vinasfm.com\/noticias\/wp-json\/wp\/v2\/categories?post=144898"},{"taxonomy":"post_tag","embeddable":true,"href":"https:\/\/vinasfm.com\/noticias\/wp-json\/wp\/v2\/tags?post=144898"}],"curies":[{"name":"wp","href":"https:\/\/api.w.org\/{rel}","templated":true}]}}