{"id":144877,"date":"2025-03-02T15:06:27","date_gmt":"2025-03-02T18:06:27","guid":{"rendered":"https:\/\/vinasfm.com\/noticias\/?p=144877"},"modified":"2025-03-03T10:20:28","modified_gmt":"2025-03-03T13:20:28","slug":"una-multitud-celebro-el-regreso-del-festival-de-la-ciruela-en-bowen","status":"publish","type":"post","link":"https:\/\/vinasfm.com\/noticias\/una-multitud-celebro-el-regreso-del-festival-de-la-ciruela-en-bowen\/","title":{"rendered":"UNA MULTITUD CELEBR\u00d3 EL REGRESO DEL FESTIVAL DE LA CIRUELA EN BOWEN"},"content":{"rendered":"<h4>Despu\u00e9s de cuatro a\u00f1os de espera, el distrito de Bowen celebr\u00f3 una nueva edici\u00f3n de la Fiesta Nacional de la Ciruela, un evento que volvi\u00f3 con m\u00e1s fuerza que nunca. La festividad, que se desarroll\u00f3 durante el fin de semana, reuni\u00f3 a una multitud en el predio, especialmente en su segunda noche, donde grandes espect\u00e1culos art\u00edsticos, exposiciones de artesanos y un patio de comidas t\u00edpicas deleitaron a los asistentes.<\/h4>\n<p>El <span style=\"color: #003366;\"><strong>intendente Alejandro Molero<\/strong><\/span> destac\u00f3 el \u00e9xito del festival, resaltando la gran respuesta de la comunidad: <strong><em>\u201cel festival popular de Bowen se ha recuperado y ha generado una gran respuesta, con un predio lleno de gente\u201d<\/em><\/strong>. Adem\u00e1s, enfatiz\u00f3 el esfuerzo realizado por el municipio para organizar el evento con el objetivo de reactivar la econom\u00eda local a trav\u00e9s del turismo. <strong><em>\u201cLos visitantes resaltan la calidez de la gente; por eso es fundamental ofrecer una agenda de actividades culturales y deportivas gratuitas para todos, especialmente para las familias. Este festival re\u00fane a la familia\u2026 a la familia del agro, a aquellos que encuentran dif\u00edcil pagar entradas elevadas para espect\u00e1culos. Nosotros estamos comprometidos a ofrecer una agenda cultural y deportiva totalmente gratuita\u201d<\/em><\/strong>, afirm\u00f3 Molero.<\/p>\n<p><a href=\"https:\/\/vinasfm.com\/noticias\/wp-content\/uploads\/2025\/03\/IMG-20250302-WA0023.jpg\"><img loading=\"lazy\" decoding=\"async\" class=\"alignnone size-medium wp-image-144878\" src=\"https:\/\/vinasfm.com\/noticias\/wp-content\/uploads\/2025\/03\/IMG-20250302-WA0023-300x200.jpg\" alt=\"\" width=\"300\" height=\"200\" srcset=\"https:\/\/vinasfm.com\/noticias\/wp-content\/uploads\/2025\/03\/IMG-20250302-WA0023-300x200.jpg 300w, https:\/\/vinasfm.com\/noticias\/wp-content\/uploads\/2025\/03\/IMG-20250302-WA0023-1024x684.jpg 1024w, https:\/\/vinasfm.com\/noticias\/wp-content\/uploads\/2025\/03\/IMG-20250302-WA0023-768x513.jpg 768w, https:\/\/vinasfm.com\/noticias\/wp-content\/uploads\/2025\/03\/IMG-20250302-WA0023-1536x1025.jpg 1536w, https:\/\/vinasfm.com\/noticias\/wp-content\/uploads\/2025\/03\/IMG-20250302-WA0023.jpg 1600w\" sizes=\"auto, (max-width: 300px) 100vw, 300px\" \/><\/a> <a href=\"https:\/\/vinasfm.com\/noticias\/wp-content\/uploads\/2025\/03\/IMG-20250302-WA0014.jpg\"><img loading=\"lazy\" decoding=\"async\" class=\"alignnone size-medium wp-image-144879\" src=\"https:\/\/vinasfm.com\/noticias\/wp-content\/uploads\/2025\/03\/IMG-20250302-WA0014-300x200.jpg\" alt=\"\" width=\"300\" height=\"200\" srcset=\"https:\/\/vinasfm.com\/noticias\/wp-content\/uploads\/2025\/03\/IMG-20250302-WA0014-300x200.jpg 300w, https:\/\/vinasfm.com\/noticias\/wp-content\/uploads\/2025\/03\/IMG-20250302-WA0014-1024x684.jpg 1024w, https:\/\/vinasfm.com\/noticias\/wp-content\/uploads\/2025\/03\/IMG-20250302-WA0014-768x513.jpg 768w, https:\/\/vinasfm.com\/noticias\/wp-content\/uploads\/2025\/03\/IMG-20250302-WA0014-1536x1025.jpg 1536w, https:\/\/vinasfm.com\/noticias\/wp-content\/uploads\/2025\/03\/IMG-20250302-WA0014.jpg 1600w\" sizes=\"auto, (max-width: 300px) 100vw, 300px\" \/><\/a><\/p>\n<p>Por su parte, el delegado <span style=\"color: #003366;\"><strong>Luis Gergeluk<\/strong><\/span> expres\u00f3 su satisfacci\u00f3n por el regreso del Festival de la Ciruela: <strong><em>\u201cha regresado despu\u00e9s de mucho trabajo y preparaci\u00f3n, generando felicidad entre los organizadores y la comunidad. A pesar de un inicio complicado debido a la lluvia, el evento comenz\u00f3 con \u00e9xito y se espera que contin\u00fae mejorando. La comunidad anhela que el festival recupere la grandeza de a\u00f1os anteriores\u201d.<\/em><\/strong><\/p>\n<p><span style=\"color: #003366;\"><strong>Ram\u00f3n Valdez<\/strong><\/span>, uno de los fundadores del festival, tambi\u00e9n comparti\u00f3 su alegr\u00eda por este regreso. Agradeci\u00f3 la colaboraci\u00f3n del delegado y del intendente Alejandro Molero por haber recuperado el esp\u00edritu del festival y trabajar en su crecimiento. <strong><em>\u201cHan sido dos meses intensos de preparaci\u00f3n para organizar este evento despu\u00e9s de cuatro a\u00f1os\u201d<\/em><\/strong>, coment\u00f3 Valdez.<\/p>\n<p><a href=\"https:\/\/vinasfm.com\/noticias\/wp-content\/uploads\/2025\/03\/IMG-20250302-WA0013.jpg\"><img loading=\"lazy\" decoding=\"async\" class=\"alignnone size-medium wp-image-144880\" src=\"https:\/\/vinasfm.com\/noticias\/wp-content\/uploads\/2025\/03\/IMG-20250302-WA0013-300x200.jpg\" alt=\"\" width=\"300\" height=\"200\" srcset=\"https:\/\/vinasfm.com\/noticias\/wp-content\/uploads\/2025\/03\/IMG-20250302-WA0013-300x200.jpg 300w, https:\/\/vinasfm.com\/noticias\/wp-content\/uploads\/2025\/03\/IMG-20250302-WA0013-1024x684.jpg 1024w, https:\/\/vinasfm.com\/noticias\/wp-content\/uploads\/2025\/03\/IMG-20250302-WA0013-768x513.jpg 768w, https:\/\/vinasfm.com\/noticias\/wp-content\/uploads\/2025\/03\/IMG-20250302-WA0013-1536x1025.jpg 1536w, https:\/\/vinasfm.com\/noticias\/wp-content\/uploads\/2025\/03\/IMG-20250302-WA0013.jpg 1600w\" sizes=\"auto, (max-width: 300px) 100vw, 300px\" \/><\/a> <a href=\"https:\/\/vinasfm.com\/noticias\/wp-content\/uploads\/2025\/03\/IMG-20250302-WA0031.jpg\"><img loading=\"lazy\" decoding=\"async\" class=\"alignnone size-medium wp-image-144881\" src=\"https:\/\/vinasfm.com\/noticias\/wp-content\/uploads\/2025\/03\/IMG-20250302-WA0031-300x200.jpg\" alt=\"\" width=\"300\" height=\"200\" srcset=\"https:\/\/vinasfm.com\/noticias\/wp-content\/uploads\/2025\/03\/IMG-20250302-WA0031-300x200.jpg 300w, https:\/\/vinasfm.com\/noticias\/wp-content\/uploads\/2025\/03\/IMG-20250302-WA0031-1024x684.jpg 1024w, https:\/\/vinasfm.com\/noticias\/wp-content\/uploads\/2025\/03\/IMG-20250302-WA0031-768x513.jpg 768w, https:\/\/vinasfm.com\/noticias\/wp-content\/uploads\/2025\/03\/IMG-20250302-WA0031-1536x1025.jpg 1536w, https:\/\/vinasfm.com\/noticias\/wp-content\/uploads\/2025\/03\/IMG-20250302-WA0031.jpg 1600w\" sizes=\"auto, (max-width: 300px) 100vw, 300px\" \/><\/a><\/p>\n<p>La Fiesta Nacional de la Ciruela representa un punto de encuentro para las familias y una oportunidad para revitalizar la econom\u00eda local. Con su exitoso regreso, Bowen demuestra que las tradiciones son m\u00e1s fuertes que nunca y que hay un gran deseo colectivo por disfrutar y compartir momentos inolvidables.<\/p>\n","protected":false},"excerpt":{"rendered":"<p>Despu\u00e9s de cuatro a\u00f1os de espera, el distrito de Bowen celebr\u00f3 una nueva edici\u00f3n de la Fiesta Nacional de la Ciruela, &#8230;<\/p>\n","protected":false},"author":7,"featured_media":144882,"comment_status":"open","ping_status":"open","sticky":false,"template":"","format":"standard","meta":{"footnotes":""},"categories":[10,58],"tags":[],"class_list":["post-144877","post","type-post","status-publish","format-standard","has-post-thumbnail","hentry","category-destacadas","category-fiesta-nacional-de-la-ciruela"],"_links":{"self":[{"href":"https:\/\/vinasfm.com\/noticias\/wp-json\/wp\/v2\/posts\/144877","targetHints":{"allow":["GET"]}}],"collection":[{"href":"https:\/\/vinasfm.com\/noticias\/wp-json\/wp\/v2\/posts"}],"about":[{"href":"https:\/\/vinasfm.com\/noticias\/wp-json\/wp\/v2\/types\/post"}],"author":[{"embeddable":true,"href":"https:\/\/vinasfm.com\/noticias\/wp-json\/wp\/v2\/users\/7"}],"replies":[{"embeddable":true,"href":"https:\/\/vinasfm.com\/noticias\/wp-json\/wp\/v2\/comments?post=144877"}],"version-history":[{"count":1,"href":"https:\/\/vinasfm.com\/noticias\/wp-json\/wp\/v2\/posts\/144877\/revisions"}],"predecessor-version":[{"id":144883,"href":"https:\/\/vinasfm.com\/noticias\/wp-json\/wp\/v2\/posts\/144877\/revisions\/144883"}],"wp:featuredmedia":[{"embeddable":true,"href":"https:\/\/vinasfm.com\/noticias\/wp-json\/wp\/v2\/media\/144882"}],"wp:attachment":[{"href":"https:\/\/vinasfm.com\/noticias\/wp-json\/wp\/v2\/media?parent=144877"}],"wp:term":[{"taxonomy":"category","embeddable":true,"href":"https:\/\/vinasfm.com\/noticias\/wp-json\/wp\/v2\/categories?post=144877"},{"taxonomy":"post_tag","embeddable":true,"href":"https:\/\/vinasfm.com\/noticias\/wp-json\/wp\/v2\/tags?post=144877"}],"curies":[{"name":"wp","href":"https:\/\/api.w.org\/{rel}","templated":true}]}}