{"id":144872,"date":"2025-03-02T10:59:49","date_gmt":"2025-03-02T13:59:49","guid":{"rendered":"https:\/\/vinasfm.com\/noticias\/?p=144872"},"modified":"2025-03-03T09:59:44","modified_gmt":"2025-03-03T12:59:44","slug":"una-oracion-con-esperanza-en-la-bendicion-de-los-frutos-de-la-vendimia-2025","status":"publish","type":"post","link":"https:\/\/vinasfm.com\/noticias\/una-oracion-con-esperanza-en-la-bendicion-de-los-frutos-de-la-vendimia-2025\/","title":{"rendered":"UNA ORACI\u00d3N CON ESPERANZA EN LA BENDICI\u00d3N DE LOS FRUTOS DE LA VENDIMIA 2025"},"content":{"rendered":"<h4>La provincia celebr\u00f3 la Bendici\u00f3n de los Frutos durante la noche de este s\u00e1bado, abriendo as\u00ed el calendario de actos oficiales. Fue en el predio del parque San Vicente de Godoy Cruz.<\/h4>\n<p>Pasadas las 20, el <span style=\"color: #003366;\"><strong>Gobernador Alfredo Cornejo<\/strong><\/span> y el <span style=\"color: #003366;\"><strong>Intendente de Godoy Cruz, Diego Costarelli<\/strong><\/span>, arribaron al parque San Vicente de Godoy Cruz al tiempo que el p\u00fablico iba tomando ubicaci\u00f3n para vivir la <strong>Bendici\u00f3n de los Frutos, ceremonia que abre el calendario oficial de los actos centrales de la Fiesta Nacional de la Vendimia.<\/strong><\/p>\n<p><em>La celebraci\u00f3n convoc\u00f3 a intendentes municipales, legisladores, representantes de los distintos credos y de los pueblos originarios, miembros de agrupaciones tradicionalistas y las representantes vendimiales 2025 de los 18 departamentos de Mendoza, encabezadas por la Reina Nacional de la Vendimia 2024, Agostina Saua, y la virreina Roc\u00edo Neila.<\/em><\/p>\n<p>El espect\u00e1culo que dio marco a la Bendici\u00f3n de los Frutos llev\u00f3 por nombre <em>\u00abConseguir\u00e1s el pan\u00bb<\/em>, y conjug\u00f3 danza, m\u00fasica, teatro y el talento de nuestros artistas, en homenaje a la culminaci\u00f3n de un a\u00f1o de trabajo, sacrificio y esperanza de la familia mendocina.<\/p>\n<p><a href=\"https:\/\/vinasfm.com\/noticias\/wp-content\/uploads\/2025\/03\/DSC_9410-768x512-1.jpg\"><img loading=\"lazy\" decoding=\"async\" class=\"alignnone size-medium wp-image-144873\" src=\"https:\/\/vinasfm.com\/noticias\/wp-content\/uploads\/2025\/03\/DSC_9410-768x512-1-300x200.jpg\" alt=\"\" width=\"300\" height=\"200\" srcset=\"https:\/\/vinasfm.com\/noticias\/wp-content\/uploads\/2025\/03\/DSC_9410-768x512-1-300x200.jpg 300w, https:\/\/vinasfm.com\/noticias\/wp-content\/uploads\/2025\/03\/DSC_9410-768x512-1.jpg 768w\" sizes=\"auto, (max-width: 300px) 100vw, 300px\" \/><\/a> <a href=\"https:\/\/vinasfm.com\/noticias\/wp-content\/uploads\/2025\/03\/DSC_0008-768x509-1.jpg\"><img loading=\"lazy\" decoding=\"async\" class=\"alignnone size-medium wp-image-144874\" src=\"https:\/\/vinasfm.com\/noticias\/wp-content\/uploads\/2025\/03\/DSC_0008-768x509-1-300x199.jpg\" alt=\"\" width=\"300\" height=\"199\" srcset=\"https:\/\/vinasfm.com\/noticias\/wp-content\/uploads\/2025\/03\/DSC_0008-768x509-1-300x199.jpg 300w, https:\/\/vinasfm.com\/noticias\/wp-content\/uploads\/2025\/03\/DSC_0008-768x509-1.jpg 768w\" sizes=\"auto, (max-width: 300px) 100vw, 300px\" \/><\/a><\/p>\n<h2>Bendecir el fruto de la tierra<\/h2>\n<p>Bajo la presencia de la <strong>Virgen de la Carrodilla<\/strong>, patrona de los vi\u00f1edos, se vivi\u00f3 uno de los momentos m\u00e1s emotivos y profundos de los festejos vendimiales cuando representantes del Consejo Interreligioso de Mendoza \u2500hermanados en una sola voz\u2500 depositaron las esperanzas en manos de esa fuerza superior que rige todo.<\/p>\n<p>Como es habitual en Mendoza, <strong>la multiplicidad de credos, tradiciones y comunidades religiosas oraron convencidas del mandato divino de dialogar para co-construir la paz y el bienestar com\u00fan en nuestra provincia, en nuestro pa\u00eds y para toda la humanidad.<\/strong><\/p>\n<p>Participaron la <span style=\"color: #800080;\"><strong>Sociedad Israelita de Beneficencia de Mendoza<\/strong><\/span>, la <strong><span style=\"color: #800080;\">Comunidad Budista<\/span><\/strong>, la <span style=\"color: #800080;\"><strong>Iglesia Evang\u00e9lica<\/strong><\/span> <strong><span style=\"color: #800080;\">Metodista<\/span><\/strong>, la <span style=\"color: #800080;\"><strong>Iglesia de Jesucristo de los Santos de los \u00daltimos D\u00edas<\/strong><\/span>, la <span style=\"color: #800080;\"><strong>Iglesia Cat\u00f3lica<\/strong><\/span>, <span style=\"color: #800080;\"><strong>Apost\u00f3lica y Romana<\/strong><\/span>, y la <span style=\"color: #800080;\"><strong>Comunidad del Hare Krishna de Mendoza<\/strong><\/span>, a quienes se sumaron representantes de los pueblos originarios.<\/p>\n<p>Como parte de esta tradicional ceremonia, a continuaci\u00f3n, el Gobernador Alfredo Cornejo \u2500acompa\u00f1ado por el intendente de Godoy Cruz, Diego Costarelli; el <em>cura <\/em><span style=\"color: #003366;\"><strong>Marcelo de Benedictis<\/strong><\/span>, la <em><span style=\"color: #000000;\">Reina Nacional de la Vendimia<\/span><\/em>, <span style=\"color: #003366;\"><strong>Agostina Saua;<\/strong><\/span> la <em>virreina<\/em>, <span style=\"color: #003366;\"><strong>Roc\u00edo Neila<\/strong><\/span>; el <em>presidente de la Federaci\u00f3n Gaucha de Mendoza<\/em>, <span style=\"color: #003366;\"><strong>Bruno Oropel<\/strong><\/span>, y la <em>Flor Provincial de la Tradici\u00f3n<\/em>, <span style=\"color: #003366;\"><strong>Macarena Vera<\/strong><\/span>\u2500 dio el hist\u00f3rico golpe de reja.<\/p>\n<p>Posteriormente realizaron el consecuente brindis por el trabajo, el esfuerzo y la fe permanente custodiando las cosechas.<\/p>\n","protected":false},"excerpt":{"rendered":"<p>La provincia celebr\u00f3 la Bendici\u00f3n de los Frutos durante la noche de este s\u00e1bado, abriendo as\u00ed el calendario de actos oficiales. &#8230;<\/p>\n","protected":false},"author":7,"featured_media":144875,"comment_status":"open","ping_status":"open","sticky":false,"template":"","format":"standard","meta":{"footnotes":""},"categories":[19,25],"tags":[],"class_list":["post-144872","post","type-post","status-publish","format-standard","has-post-thumbnail","hentry","category-cultura","category-vendimia"],"_links":{"self":[{"href":"https:\/\/vinasfm.com\/noticias\/wp-json\/wp\/v2\/posts\/144872","targetHints":{"allow":["GET"]}}],"collection":[{"href":"https:\/\/vinasfm.com\/noticias\/wp-json\/wp\/v2\/posts"}],"about":[{"href":"https:\/\/vinasfm.com\/noticias\/wp-json\/wp\/v2\/types\/post"}],"author":[{"embeddable":true,"href":"https:\/\/vinasfm.com\/noticias\/wp-json\/wp\/v2\/users\/7"}],"replies":[{"embeddable":true,"href":"https:\/\/vinasfm.com\/noticias\/wp-json\/wp\/v2\/comments?post=144872"}],"version-history":[{"count":1,"href":"https:\/\/vinasfm.com\/noticias\/wp-json\/wp\/v2\/posts\/144872\/revisions"}],"predecessor-version":[{"id":144876,"href":"https:\/\/vinasfm.com\/noticias\/wp-json\/wp\/v2\/posts\/144872\/revisions\/144876"}],"wp:featuredmedia":[{"embeddable":true,"href":"https:\/\/vinasfm.com\/noticias\/wp-json\/wp\/v2\/media\/144875"}],"wp:attachment":[{"href":"https:\/\/vinasfm.com\/noticias\/wp-json\/wp\/v2\/media?parent=144872"}],"wp:term":[{"taxonomy":"category","embeddable":true,"href":"https:\/\/vinasfm.com\/noticias\/wp-json\/wp\/v2\/categories?post=144872"},{"taxonomy":"post_tag","embeddable":true,"href":"https:\/\/vinasfm.com\/noticias\/wp-json\/wp\/v2\/tags?post=144872"}],"curies":[{"name":"wp","href":"https:\/\/api.w.org\/{rel}","templated":true}]}}