{"id":144802,"date":"2025-02-28T10:24:57","date_gmt":"2025-02-28T13:24:57","guid":{"rendered":"https:\/\/vinasfm.com\/noticias\/?p=144802"},"modified":"2025-02-28T10:24:57","modified_gmt":"2025-02-28T13:24:57","slug":"un-gran-encuentro-en-san-rafael-apostando-por-la-integracion-de-la-region-y-con-chile","status":"publish","type":"post","link":"https:\/\/vinasfm.com\/noticias\/un-gran-encuentro-en-san-rafael-apostando-por-la-integracion-de-la-region-y-con-chile\/","title":{"rendered":"UN GRAN ENCUENTRO EN SAN RAFAEL APOSTANDO POR LA INTEGRACI\u00d3N DE LA REGI\u00d3N Y CON CHILE"},"content":{"rendered":"<h4>En reiteradas ocasiones se ha hablado de la necesidad de la integraci\u00f3n regional de los departamentos del Sur Mendocino, pero ahora adem\u00e1s aparece una nueva apuesta, la de vincularse hacia el otro lado de la cordillera.<\/h4>\n<p>Para la regi\u00f3n es de vital importancia poder reunirse e impulsar acciones conjuntas, m\u00e1s si tienen que ver con el desarrollo y la conectividad, dos cuestiones que la regi\u00f3n necesita mejorar urgentemente y dejando de lado los \u201cpersonalismos\u201d.<\/p>\n<p>Dentro de dos meses habr\u00e1 una cita fundamental para ir plasmando esto. <strong>Es que el 25 de abril San Rafael ser\u00e1 sede de una jornada de Corredores Bioce\u00e1nicos, donde confluir\u00e1n autoridades pol\u00edticas y referentes del sector empresarial de Argentina y Chile.<\/strong><\/p>\n<p>En el encuentro se pondr\u00e1 sobre el tapete la necesidad de potenciar la conectividad binacional entre el Sur de Mendoza y Chile.<\/p>\n<p><strong>Se trata de una propuesta que promueve la Agencia de Desarrollo Regional del Sur Provincial, espacio impulsado por la Universidad Tecnol\u00f3gica Nacional en la que participan los tres municipios sure\u00f1os.<\/strong><\/p>\n<h2>OPTIMIZAR LA CONECTIVIDAD<\/h2>\n<p>Hoy la regi\u00f3n cuenta con cuatro pasos fronterizos. <strong>El m\u00e1s desarrollado es el Pehuenche, completamente asfaltado y con un intenso tr\u00e1nsito, aunque con demandas insatisfechas como la posibilidad del paso de todo tipo de camiones y mejor infraestructura aduanera para convertirse en una alternativa real a Libertadores.<\/strong><\/p>\n<p>El otro paso es el Planch\u00f3n (o Vergara del lado chileno) el cual funciona como una alternativa estival, en una zona con mucho potencial para desarrollo.<\/p>\n<p><a href=\"https:\/\/vinasfm.com\/noticias\/wp-content\/uploads\/2025\/02\/coel.jpg\"><img loading=\"lazy\" decoding=\"async\" class=\"alignnone size-medium wp-image-144804\" src=\"https:\/\/vinasfm.com\/noticias\/wp-content\/uploads\/2025\/02\/coel-300x157.jpg\" alt=\"\" width=\"300\" height=\"157\" srcset=\"https:\/\/vinasfm.com\/noticias\/wp-content\/uploads\/2025\/02\/coel-300x157.jpg 300w, https:\/\/vinasfm.com\/noticias\/wp-content\/uploads\/2025\/02\/coel.jpg 750w\" sizes=\"auto, (max-width: 300px) 100vw, 300px\" \/><\/a><\/p>\n<p>Las otras alternativas son Las Damas (tambi\u00e9n de uso estival) y Las Le\u00f1as, el que tiene mayor potencial por su baja altura, un camino simple y la posibilidad de que est\u00e9 abierto los 365 d\u00edas del a\u00f1o, pero que necesita la construcci\u00f3n de un t\u00fanel en alta monta\u00f1a.<\/p>\n<p><strong>Paso Las Le\u00f1as ser\u00e1 un tema central del encuentro, donde tambi\u00e9n se plantear\u00e1 la necesidad de potenciar la infraestructura existente.<\/strong><\/p>\n<p>El gran objetivo es fortalecer herramientas para mejorar la integraci\u00f3n tur\u00edstica, cultural y comercial entre el Sur de Mendoza y los \u201cvecinos\u201d del otro lado de la cordillera.<\/p>\n<p><strong>La conectividad binacional ser\u00e1 fundamental para el desarrollo de las econom\u00edas regionales, fomentando nuevos corredores comerciales por esta zona de la provincia<\/strong>. No solo para potenciar los territorios sanrafaelinos, alvearenses y malarg\u00fcinos sino tambi\u00e9n para descomprimir los problemas que cada a\u00f1o se registran en el cruce por el Norte de Mendoza.<\/p>\n","protected":false},"excerpt":{"rendered":"<p>En reiteradas ocasiones se ha hablado de la necesidad de la integraci\u00f3n regional de los departamentos del Sur Mendocino, pero ahora &#8230;<\/p>\n","protected":false},"author":7,"featured_media":144805,"comment_status":"open","ping_status":"open","sticky":false,"template":"","format":"standard","meta":{"footnotes":""},"categories":[1],"tags":[],"class_list":["post-144802","post","type-post","status-publish","format-standard","has-post-thumbnail","hentry","category-fmvinas"],"_links":{"self":[{"href":"https:\/\/vinasfm.com\/noticias\/wp-json\/wp\/v2\/posts\/144802","targetHints":{"allow":["GET"]}}],"collection":[{"href":"https:\/\/vinasfm.com\/noticias\/wp-json\/wp\/v2\/posts"}],"about":[{"href":"https:\/\/vinasfm.com\/noticias\/wp-json\/wp\/v2\/types\/post"}],"author":[{"embeddable":true,"href":"https:\/\/vinasfm.com\/noticias\/wp-json\/wp\/v2\/users\/7"}],"replies":[{"embeddable":true,"href":"https:\/\/vinasfm.com\/noticias\/wp-json\/wp\/v2\/comments?post=144802"}],"version-history":[{"count":3,"href":"https:\/\/vinasfm.com\/noticias\/wp-json\/wp\/v2\/posts\/144802\/revisions"}],"predecessor-version":[{"id":144808,"href":"https:\/\/vinasfm.com\/noticias\/wp-json\/wp\/v2\/posts\/144802\/revisions\/144808"}],"wp:featuredmedia":[{"embeddable":true,"href":"https:\/\/vinasfm.com\/noticias\/wp-json\/wp\/v2\/media\/144805"}],"wp:attachment":[{"href":"https:\/\/vinasfm.com\/noticias\/wp-json\/wp\/v2\/media?parent=144802"}],"wp:term":[{"taxonomy":"category","embeddable":true,"href":"https:\/\/vinasfm.com\/noticias\/wp-json\/wp\/v2\/categories?post=144802"},{"taxonomy":"post_tag","embeddable":true,"href":"https:\/\/vinasfm.com\/noticias\/wp-json\/wp\/v2\/tags?post=144802"}],"curies":[{"name":"wp","href":"https:\/\/api.w.org\/{rel}","templated":true}]}}