{"id":144792,"date":"2025-02-28T10:11:14","date_gmt":"2025-02-28T13:11:14","guid":{"rendered":"https:\/\/vinasfm.com\/noticias\/?p=144792"},"modified":"2025-02-28T21:36:57","modified_gmt":"2025-03-01T00:36:57","slug":"sesion-preparatoria-torti-continuara-como-presidente-del-hcd","status":"publish","type":"post","link":"https:\/\/vinasfm.com\/noticias\/sesion-preparatoria-torti-continuara-como-presidente-del-hcd\/","title":{"rendered":"SESI\u00d3N PREPARATORIA: TORTI CONTINUAR\u00c1 COMO PRESIDENTE DEL HCD"},"content":{"rendered":"<h4><span style=\"color: #000000;\">Este viernes, el Honorable Concejo Deliberante de General Alvear celebr\u00f3 la Sesi\u00f3n Preparatoria para renovar sus autoridades. De esta manera, tras reunir 7 votos, Alejandra Torti continuar\u00e1 como presidente del Cuerpo. <\/span><\/h4>\n<p><span style=\"color: #000000;\">Fueron tres las propuestas para presidir el HCD durante este a\u00f1o: <span style=\"color: #003366;\"><strong>Alejandra Torti<\/strong><\/span><em> (CM)<\/em>, <strong><span style=\"color: #003366;\">N\u00e9stor Ortega<\/span><\/strong> <em>(<span class=\"error misspelling\" title=\"Se ha encontrado un posible error ortogr\u00e1fico.\" data-type=\"misspelling\" data-suggestions=\"[{&quot;value&quot;:&quot;LA\u00daD&quot;},{&quot;value&quot;:&quot;LAU&quot;}]\" data-rule=\"MORFOLOGIK_RULE_ES\" data-word=\"LAUM\">LAUM<\/span>)<\/em> y <span style=\"color: #003366;\"><strong>Florencia Escart\u00edn<\/strong><\/span> <em>(<span class=\"error misspelling\" title=\"Se ha encontrado un posible error ortogr\u00e1fico.\" data-type=\"misspelling\" data-suggestions=\"[{&quot;value&quot;:&quot;pH&quot;},{&quot;value&quot;:&quot;PE&quot;},{&quot;value&quot;:&quot;PI&quot;},{&quot;value&quot;:&quot;DJ&quot;},{&quot;value&quot;:&quot;PC&quot;},{&quot;value&quot;:&quot;PD&quot;},{&quot;value&quot;:&quot;PP&quot;}]\" data-rule=\"MORFOLOGIK_RULE_ES\" data-word=\"PJ\">PJ<\/span>)<\/em>. Si bien la votaci\u00f3n fue dividida, Torti se impuso frente a Ortega y Escart\u00edn quienes obtuvieron 1 y 2 votos respectivamente. <\/span><\/p>\n<p><span style=\"color: #000000;\"><strong><em><span class=\"grammar correction\" title=\"En una tipograf\u00eda cuidada, use comillas tipogr\u00e1ficas.\" data-type=\"grammar\" data-suggestions=\"[{&quot;value&quot;:&quot;\u201c&quot;},{&quot;value&quot;:&quot;\u00ab&quot;}]\" data-rule=\"COMILLAS_TIPOGRAFICAS\" data-word=\"&quot;\">\u201c<\/span>Agradezco <span class=\"grammar correction\" title=\"Contracci\u00f3n.\" data-type=\"grammar\" data-suggestions=\"[{&quot;value&quot;:&quot;al&quot;}]\" data-rule=\"CONTRACCIONES\" data-word=\"a el\">al<\/span> <span class=\"error misspelling\" title=\"Se ha encontrado un posible error ortogr\u00e1fico.\" data-type=\"misspelling\" data-suggestions=\"[{&quot;value&quot;:&quot;interbloqueo&quot;},{&quot;value&quot;:&quot;inter bloque&quot;}]\" data-rule=\"MORFOLOGIK_RULE_ES\" data-word=\"interbloque\">interbloque<\/span> y los dem\u00e1s bloques por haber acompa\u00f1ado la propuesta. Hemos marcado la diferencia, logrando trabajar de manera conjunta con el Ejecutivo para poder acompa\u00f1ar las herramientas que hoy los <span class=\"error misspelling\" title=\"Se ha encontrado un posible error ortogr\u00e1fico.\" data-type=\"misspelling\" data-suggestions=\"[{&quot;value&quot;:&quot;albeldenses&quot;}]\" data-rule=\"MORFOLOGIK_RULE_ES\" data-word=\"alvearenses\">alvearenses<\/span> <span class=\"misspelling correction\" title=\"Se ha encontrado un posible error ortogr\u00e1fico.\" data-type=\"misspelling\" data-suggestions=\"[{&quot;value&quot;:&quot;est\u00e1n&quot;},{&quot;value&quot;:&quot;desatan&quot;},{&quot;value&quot;:&quot;sat\u00e1n&quot;},{&quot;value&quot;:&quot;e sat\u00e1n&quot;},{&quot;value&quot;:&quot;eSATA&quot;}]\" data-rule=\"MORFOLOGIK_RULE_ES\" data-word=\"esat\u00e1n\">est\u00e1n<\/span> necesitando<span class=\"grammar correction\" title=\"En una tipograf\u00eda cuidada, use comillas tipogr\u00e1ficas.\" data-type=\"grammar\" data-suggestions=\"[{&quot;value&quot;:&quot;\u201d&quot;},{&quot;value&quot;:&quot;\u00bb&quot;}]\" data-rule=\"COMILLAS_TIPOGRAFICAS\" data-word=\"&quot;\">\u201d<\/span><\/em><\/strong>, expres\u00f3 Torti en di\u00e1logo con <strong><span style=\"color: #800080;\">FM VI\u00d1AS<\/span><\/strong>. De cara al a\u00f1o pol\u00edtico, la edil se\u00f1al\u00f3 que<em><strong> <span class=\"grammar correction\" title=\"En una tipograf\u00eda cuidada, use comillas tipogr\u00e1ficas.\" data-type=\"grammar\" data-suggestions=\"[{&quot;value&quot;:&quot;\u201c&quot;},{&quot;value&quot;:&quot;\u00ab&quot;}]\" data-rule=\"COMILLAS_TIPOGRAFICAS\" data-word=\"&quot;\">\u201c<\/span>es necesario poner al di\u00e1logo por delante de las <span class=\"misspelling correction\" title=\"Se ha encontrado un posible error ortogr\u00e1fico.\" data-type=\"misspelling\" data-suggestions=\"[{&quot;value&quot;:&quot;mezquindades&quot;}]\" data-rule=\"MORFOLOGIK_RULE_ES\" data-word=\"mesquindades\">mezquindades<\/span> pol\u00edticas para cuidar la instituci\u00f3n<span class=\"grammar correction\" title=\"En una tipograf\u00eda cuidada, use comillas tipogr\u00e1ficas.\" data-type=\"grammar\" data-suggestions=\"[{&quot;value&quot;:&quot;\u201d&quot;},{&quot;value&quot;:&quot;\u00bb&quot;}]\" data-rule=\"COMILLAS_TIPOGRAFICAS\" data-word=\"&quot;\">\u201d<\/span>.\u00a0<\/strong><\/em><\/span><\/p>\n<p><span style=\"color: #000000;\"> Realizando un balance sobre el \u00faltimo a\u00f1o, Torti lo calific\u00f3 como muy bueno debido a que <strong><em><span class=\"grammar correction\" title=\"En una tipograf\u00eda cuidada, use comillas tipogr\u00e1ficas.\" data-type=\"grammar\" data-suggestions=\"[{&quot;value&quot;:&quot;\u201c&quot;},{&quot;value&quot;:&quot;\u00ab&quot;}]\" data-rule=\"COMILLAS_TIPOGRAFICAS\" data-word=\"&quot;\">\u201c<\/span>muchos funcionarios han pasado por el Concejo Deliberante, resolviendo las inquietudes de los concejales y vecinos<span class=\"grammar correction\" title=\"En una tipograf\u00eda cuidada, use comillas tipogr\u00e1ficas.\" data-type=\"grammar\" data-suggestions=\"[{&quot;value&quot;:&quot;\u201d&quot;},{&quot;value&quot;:&quot;\u00bb&quot;}]\" data-rule=\"COMILLAS_TIPOGRAFICAS\" data-word=\"&quot;\">\u201d<\/span><\/em><\/strong>, as\u00ed mismo manifest\u00f3 esperar que <em><strong><span class=\"grammar correction\" title=\"En una tipograf\u00eda cuidada, use comillas tipogr\u00e1ficas.\" data-type=\"grammar\" data-suggestions=\"[{&quot;value&quot;:&quot;\u201c&quot;},{&quot;value&quot;:&quot;\u00ab&quot;}]\" data-rule=\"COMILLAS_TIPOGRAFICAS\" data-word=\"&quot;\">\u201c<\/span>cada vez sean m\u00e1s los funcionarios que se pongan a disposici\u00f3n de la ciudadan\u00eda<span class=\"grammar correction\" title=\"En una tipograf\u00eda cuidada, use comillas tipogr\u00e1ficas.\" data-type=\"grammar\" data-suggestions=\"[{&quot;value&quot;:&quot;\u201d&quot;},{&quot;value&quot;:&quot;\u00bb&quot;}]\" data-rule=\"COMILLAS_TIPOGRAFICAS\" data-word=\"&quot;\">\u201d<\/span>.<\/strong><\/em><\/span><\/p>\n<p><a href=\"https:\/\/vinasfm.com\/noticias\/wp-content\/uploads\/2025\/02\/IMG-20250228-WA0022.jpg\"><img loading=\"lazy\" decoding=\"async\" class=\"alignnone wp-image-144796 size-large\" src=\"https:\/\/vinasfm.com\/noticias\/wp-content\/uploads\/2025\/02\/IMG-20250228-WA0022-1024x577.jpg\" alt=\"\" width=\"1024\" height=\"577\" srcset=\"https:\/\/vinasfm.com\/noticias\/wp-content\/uploads\/2025\/02\/IMG-20250228-WA0022-1024x577.jpg 1024w, https:\/\/vinasfm.com\/noticias\/wp-content\/uploads\/2025\/02\/IMG-20250228-WA0022-300x169.jpg 300w, https:\/\/vinasfm.com\/noticias\/wp-content\/uploads\/2025\/02\/IMG-20250228-WA0022-768x432.jpg 768w, https:\/\/vinasfm.com\/noticias\/wp-content\/uploads\/2025\/02\/IMG-20250228-WA0022-1536x865.jpg 1536w, https:\/\/vinasfm.com\/noticias\/wp-content\/uploads\/2025\/02\/IMG-20250228-WA0022-1140x641.jpg 1140w, https:\/\/vinasfm.com\/noticias\/wp-content\/uploads\/2025\/02\/IMG-20250228-WA0022.jpg 1600w\" sizes=\"auto, (max-width: 1024px) 100vw, 1024px\" \/><\/a><\/p>\n<h6>Alejandra Torti, presidente del Honorable Concejo Deliberante.<\/h6>\n<p><span style=\"color: #000000;\">Durante la Sesi\u00f3n Preparatoria, el concejal <span style=\"color: #003366;\"><strong>Adri\u00e1n <span class=\"error misspelling\" title=\"Se ha encontrado un posible error ortogr\u00e1fico.\" data-type=\"misspelling\" data-suggestions=\"[{&quot;value&quot;:&quot;Calatabiano&quot;}]\" data-rule=\"MORFOLOGIK_RULE_ES\" data-word=\"Caltabiano\">Caltabiano<\/span><\/strong><\/span> result\u00f3 electo como <strong>Vicepresidente Primero<\/strong><em> (7 votos)<\/em> y <span style=\"color: #003366;\"><strong><span class=\"error misspelling\" title=\"Se ha encontrado un posible error ortogr\u00e1fico.\" data-type=\"misspelling\" data-suggestions=\"[{&quot;value&quot;:&quot;Martha&quot;},{&quot;value&quot;:&quot;Mirta&quot;}]\" data-rule=\"MORFOLOGIK_RULE_ES\" data-word=\"Mirtha\">Mirtha<\/span> Mart\u00ednez<\/strong><\/span> como<strong> Vicepresidente Segundo<\/strong> <em>(6 votos). <\/em><\/span><\/p>\n<p><span style=\"color: #000000;\">Por su parte, Calatabiano reconoci\u00f3 que, si bien se trata de un cargo muy importante dentro de la instituci\u00f3n, no cambia en nada su trabajo como <span class=\"misspelling correction\" title=\"Se ha encontrado un posible error ortogr\u00e1fico.\" data-type=\"misspelling\" data-suggestions=\"[{&quot;value&quot;:&quot;miembro&quot;}]\" data-rule=\"MORFOLOGIK_RULE_ES\" data-word=\"miemnbro\">miembro<\/span> del HCD. Consultado, el edil se\u00f1al\u00f3 que <em><strong><span class=\"grammar correction\" title=\"En una tipograf\u00eda cuidada, use comillas tipogr\u00e1ficas.\" data-type=\"grammar\" data-suggestions=\"[{&quot;value&quot;:&quot;\u201c&quot;},{&quot;value&quot;:&quot;\u00ab&quot;}]\" data-rule=\"COMILLAS_TIPOGRAFICAS\" data-word=\"&quot;\">\u201c<\/span>es necesario mantener el Concejo abierto a la comunidad. Si bien dentro del cuerpo hay miradas y opiniones distintas, es <span class=\"grammar correction\" title=\"Esta expresi\u00f3n ya ha aparecido antes. Puede sustituirla por otra para hacer m\u00e1s variado el texto.\" data-type=\"grammar\" data-suggestions=\"[{&quot;value&quot;:&quot;relevante&quot;},{&quot;value&quot;:&quot;fundamental&quot;},{&quot;value&quot;:&quot;crucial&quot;},{&quot;value&quot;:&quot;significativo&quot;},{&quot;value&quot;:&quot;considerable&quot;}]\" data-rule=\"REP_IMPORTANTE\" data-word=\"importante\">fundamental<\/span> atender las inquietudes de los vecinos<span class=\"grammar correction\" title=\"En una tipograf\u00eda cuidada, use comillas tipogr\u00e1ficas.\" data-type=\"grammar\" data-suggestions=\"[{&quot;value&quot;:&quot;\u201d&quot;},{&quot;value&quot;:&quot;\u00bb&quot;}]\" data-rule=\"COMILLAS_TIPOGRAFICAS\" data-word=\"&quot;\">\u201d<\/span>.\u00a0 <\/strong><\/em><\/span><\/p>\n<p><span style=\"color: #000000;\">Finalmente, Mart\u00ednez celebr\u00f3 el cargo obtenido tras la votaci\u00f3n y le respondi\u00f3 a quienes se\u00f1alan que dentro del HCD no ha <em><span class=\"grammar correction\" title=\"En una tipograf\u00eda cuidada, use comillas tipogr\u00e1ficas.\" data-type=\"grammar\" data-suggestions=\"[{&quot;value&quot;:&quot;\u201c&quot;},{&quot;value&quot;:&quot;\u00ab&quot;}]\" data-rule=\"COMILLAS_TIPOGRAFICAS\" data-word=\"&quot;\">\u201c<\/span>hecho nada<span class=\"grammar correction\" title=\"En una tipograf\u00eda cuidada, use comillas tipogr\u00e1ficas.\" data-type=\"grammar\" data-suggestions=\"[{&quot;value&quot;:&quot;\u201d&quot;},{&quot;value&quot;:&quot;\u00bb&quot;}]\" data-rule=\"COMILLAS_TIPOGRAFICAS\" data-word=\"&quot;\">\u201d<\/span><\/em>. <em><strong><span class=\"grammar correction\" title=\"En una tipograf\u00eda cuidada, use comillas tipogr\u00e1ficas.\" data-type=\"grammar\" data-suggestions=\"[{&quot;value&quot;:&quot;\u201c&quot;},{&quot;value&quot;:&quot;\u00ab&quot;}]\" data-rule=\"COMILLAS_TIPOGRAFICAS\" data-word=\"&quot;\">\u201c<\/span>He presentado 31 proyectos, 10 de los cuales son ordenanzas. Como edil, he trabajado arduamente de la misma forma que lo he hecho como docente<span class=\"grammar correction\" title=\"En una tipograf\u00eda cuidada, use comillas tipogr\u00e1ficas.\" data-type=\"grammar\" data-suggestions=\"[{&quot;value&quot;:&quot;\u201d&quot;},{&quot;value&quot;:&quot;\u00bb&quot;}]\" data-rule=\"COMILLAS_TIPOGRAFICAS\" data-word=\"&quot;\">\u201d<\/span><\/strong><\/em>. Por \u00faltimo, <span class=\"misspelling correction\" title=\"Se ha encontrado un posible error ortogr\u00e1fico.\" data-type=\"misspelling\" data-suggestions=\"[{&quot;value&quot;:&quot;concedi\u00f3&quot;},{&quot;value&quot;:&quot;coincidi\u00f3&quot;},{&quot;value&quot;:&quot;concibi\u00f3&quot;},{&quot;value&quot;:&quot;concilio&quot;},{&quot;value&quot;:&quot;concili\u00f3&quot;},{&quot;value&quot;:&quot;coccidio&quot;},{&quot;value&quot;:&quot;conidio&quot;}]\" data-rule=\"MORFOLOGIK_RULE_ES\" data-word=\"concidi\u00f3\">coincidi\u00f3<\/span> con el resto de miembros del cuerpo y sostuvo que <strong><em><span class=\"grammar correction\" title=\"En una tipograf\u00eda cuidada, use comillas tipogr\u00e1ficas.\" data-type=\"grammar\" data-suggestions=\"[{&quot;value&quot;:&quot;\u201c&quot;},{&quot;value&quot;:&quot;\u00ab&quot;}]\" data-rule=\"COMILLAS_TIPOGRAFICAS\" data-word=\"&quot;\">\u201c<\/span>dentro del Concejo se escucha mucho a la gente, pero es necesario estar cada vez m\u00e1s cerca de la comunidad trabajando codo a codo y manteniendo un buen di\u00e1logo<span class=\"grammar correction\" title=\"En una tipograf\u00eda cuidada, use comillas tipogr\u00e1ficas.\" data-type=\"grammar\" data-suggestions=\"[{&quot;value&quot;:&quot;\u201d&quot;},{&quot;value&quot;:&quot;\u00bb&quot;}]\" data-rule=\"COMILLAS_TIPOGRAFICAS\" data-word=\"&quot;\">\u201d<\/span>.<\/em><\/strong><\/span><\/p>\n","protected":false},"excerpt":{"rendered":"<p>Este viernes, el Honorable Concejo Deliberante de General Alvear celebr\u00f3 la Sesi\u00f3n Preparatoria para renovar sus autoridades. De esta manera, tras &#8230;<\/p>\n","protected":false},"author":7,"featured_media":144795,"comment_status":"open","ping_status":"open","sticky":false,"template":"","format":"standard","meta":{"footnotes":""},"categories":[5,26],"tags":[],"class_list":["post-144792","post","type-post","status-publish","format-standard","has-post-thumbnail","hentry","category-actualidad","category-hcd"],"_links":{"self":[{"href":"https:\/\/vinasfm.com\/noticias\/wp-json\/wp\/v2\/posts\/144792","targetHints":{"allow":["GET"]}}],"collection":[{"href":"https:\/\/vinasfm.com\/noticias\/wp-json\/wp\/v2\/posts"}],"about":[{"href":"https:\/\/vinasfm.com\/noticias\/wp-json\/wp\/v2\/types\/post"}],"author":[{"embeddable":true,"href":"https:\/\/vinasfm.com\/noticias\/wp-json\/wp\/v2\/users\/7"}],"replies":[{"embeddable":true,"href":"https:\/\/vinasfm.com\/noticias\/wp-json\/wp\/v2\/comments?post=144792"}],"version-history":[{"count":2,"href":"https:\/\/vinasfm.com\/noticias\/wp-json\/wp\/v2\/posts\/144792\/revisions"}],"predecessor-version":[{"id":144800,"href":"https:\/\/vinasfm.com\/noticias\/wp-json\/wp\/v2\/posts\/144792\/revisions\/144800"}],"wp:featuredmedia":[{"embeddable":true,"href":"https:\/\/vinasfm.com\/noticias\/wp-json\/wp\/v2\/media\/144795"}],"wp:attachment":[{"href":"https:\/\/vinasfm.com\/noticias\/wp-json\/wp\/v2\/media?parent=144792"}],"wp:term":[{"taxonomy":"category","embeddable":true,"href":"https:\/\/vinasfm.com\/noticias\/wp-json\/wp\/v2\/categories?post=144792"},{"taxonomy":"post_tag","embeddable":true,"href":"https:\/\/vinasfm.com\/noticias\/wp-json\/wp\/v2\/tags?post=144792"}],"curies":[{"name":"wp","href":"https:\/\/api.w.org\/{rel}","templated":true}]}}