{"id":144783,"date":"2025-02-28T08:26:31","date_gmt":"2025-02-28T11:26:31","guid":{"rendered":"https:\/\/vinasfm.com\/noticias\/?p=144783"},"modified":"2025-02-28T08:26:31","modified_gmt":"2025-02-28T11:26:31","slug":"este-sabado-se-realizara-la-bendicion-de-los-frutos","status":"publish","type":"post","link":"https:\/\/vinasfm.com\/noticias\/este-sabado-se-realizara-la-bendicion-de-los-frutos\/","title":{"rendered":"ESTE S\u00c1BADO SE REALIZAR\u00c1 LA BENDICI\u00d3N DE LOS FRUTOS"},"content":{"rendered":"<h4><span style=\"color: #000000;\">El s\u00e1bado 1 de marzo, a las 20, se celebrar\u00e1 la ceremonia interreligiosa que abre el calendario oficial de Vendimia. Ser\u00e1 en el Parque San Vicente de Godoy Cruz. La entrada al p\u00fablico es gratuita.<\/span><\/h4>\n<p><span style=\"color: #000000;\">Desde hace a\u00f1os, la<strong> Bendici\u00f3n de los Frutos<\/strong> recorre distintos puntos de nuestro territorio con el objetivo de federalizar el acceso a la cultura. <strong>En la edici\u00f3n 2025, se realizar\u00e1 en el departamento de Godoy Cruz.<\/strong><\/span><\/p>\n<p><span style=\"color: #000000;\">La celebraci\u00f3n religiosa rescata el verdadero esp\u00edritu de esta ceremonia que agradece el vino nuevo y ruega por la cosecha venidera. Con la presencia de la <span style=\"color: #003366;\"><strong>Virgen de la Carrodilla<\/strong><\/span>,<strong> Patrona de los vi\u00f1edos, se efectuar\u00e1 la oraci\u00f3n del Consejo Interreligioso de Mendoza y representantes de Pueblos Originarios, uniendo sus voces, elevando una \u00fanica plegaria.<\/strong><\/span><\/p>\n<p><span style=\"color: #000000;\">Como es tradici\u00f3n, se realizar\u00e1 el <strong>tradicional golpe de reja como s\u00edmbolo del trabajo de hombres y mujeres mendocinas, que hicieron del desierto un oasis.<\/strong> Participar\u00e1n el <span style=\"color: #003366;\"><strong>Gobernador Alfredo Cornejo<\/strong><\/span>, el <em>Intendente de Godoy Cruz<\/em>, <span style=\"color: #003366;\"><strong>Diego Costarelli<\/strong><\/span>; el <em>presidente de la Federaci\u00f3n Gaucha de Mendoza<\/em>, <span style=\"color: #003366;\"><strong>Agostina Saua<\/strong><\/span>, <em>Reina Nacional de la Vendimia 2024<\/em>; <span style=\"color: #003366;\"><strong>Roc\u00edo Neila<\/strong><\/span>, <em>Virreina Nacional de la Vendimia<\/em>, y la <span style=\"color: #003366;\"><strong>Flor Provincial de la Tradici\u00f3n.<\/strong><\/span><\/span><\/p>\n<p><span style=\"color: #000000;\">Este a\u00f1o, la <strong>direcci\u00f3n del acto estar\u00e1 a cargo de <span style=\"color: #003366;\">H\u00e9ctor Gomina<\/span>, con guion de <span style=\"color: #003366;\">Rafael \u201cGolondrina\u201d Ruiz<\/span> y un equipo formado por <span style=\"color: #003366;\">Vanina Gispert<\/span> en coreograf\u00eda contempor\u00e1nea,<span style=\"color: #003366;\"> Adri\u00e1n Sorrentino<\/span> en direcci\u00f3n actoral y <span style=\"color: #003366;\">Mart\u00edn Villarruel<\/span> en coreograf\u00eda folcl\u00f3rica.<\/strong><\/span><\/p>\n","protected":false},"excerpt":{"rendered":"<p>El s\u00e1bado 1 de marzo, a las 20, se celebrar\u00e1 la ceremonia interreligiosa que abre el calendario oficial de Vendimia. Ser\u00e1 &#8230;<\/p>\n","protected":false},"author":7,"featured_media":144784,"comment_status":"open","ping_status":"open","sticky":false,"template":"","format":"standard","meta":{"footnotes":""},"categories":[1],"tags":[],"class_list":["post-144783","post","type-post","status-publish","format-standard","has-post-thumbnail","hentry","category-fmvinas"],"_links":{"self":[{"href":"https:\/\/vinasfm.com\/noticias\/wp-json\/wp\/v2\/posts\/144783","targetHints":{"allow":["GET"]}}],"collection":[{"href":"https:\/\/vinasfm.com\/noticias\/wp-json\/wp\/v2\/posts"}],"about":[{"href":"https:\/\/vinasfm.com\/noticias\/wp-json\/wp\/v2\/types\/post"}],"author":[{"embeddable":true,"href":"https:\/\/vinasfm.com\/noticias\/wp-json\/wp\/v2\/users\/7"}],"replies":[{"embeddable":true,"href":"https:\/\/vinasfm.com\/noticias\/wp-json\/wp\/v2\/comments?post=144783"}],"version-history":[{"count":1,"href":"https:\/\/vinasfm.com\/noticias\/wp-json\/wp\/v2\/posts\/144783\/revisions"}],"predecessor-version":[{"id":144785,"href":"https:\/\/vinasfm.com\/noticias\/wp-json\/wp\/v2\/posts\/144783\/revisions\/144785"}],"wp:featuredmedia":[{"embeddable":true,"href":"https:\/\/vinasfm.com\/noticias\/wp-json\/wp\/v2\/media\/144784"}],"wp:attachment":[{"href":"https:\/\/vinasfm.com\/noticias\/wp-json\/wp\/v2\/media?parent=144783"}],"wp:term":[{"taxonomy":"category","embeddable":true,"href":"https:\/\/vinasfm.com\/noticias\/wp-json\/wp\/v2\/categories?post=144783"},{"taxonomy":"post_tag","embeddable":true,"href":"https:\/\/vinasfm.com\/noticias\/wp-json\/wp\/v2\/tags?post=144783"}],"curies":[{"name":"wp","href":"https:\/\/api.w.org\/{rel}","templated":true}]}}