{"id":144684,"date":"2025-02-25T14:02:01","date_gmt":"2025-02-25T17:02:01","guid":{"rendered":"https:\/\/vinasfm.com\/noticias\/?p=144684"},"modified":"2025-02-27T10:39:02","modified_gmt":"2025-02-27T13:39:02","slug":"alvearenses-podran-adquirir-las-entradas-para-la-fiesta-nacional-de-la-vendimia-en-el-cine-teatro","status":"publish","type":"post","link":"https:\/\/vinasfm.com\/noticias\/alvearenses-podran-adquirir-las-entradas-para-la-fiesta-nacional-de-la-vendimia-en-el-cine-teatro\/","title":{"rendered":"ALVEARENSES PODR\u00c1N COMPRARR LAS ENTRADAS PARA LA FIESTA NACIONAL DE LA VENDIMIA EN EL CINE TEATRO"},"content":{"rendered":"<h4>Desde este mi\u00e9rcoles, los alvearenses podr\u00e1n adquirir sus entradas para la Fiesta Nacional de la Vendimia \u00abGuardiana del vino eterno\u00bb.<\/h4>\n<p><span style=\"color: #003366;\"><strong>Nelson \u00c1lvarez<\/strong><\/span>, <em>director de Rentas<\/em>, inform\u00f3 que la venta se realizar\u00e1 en el Cine Teatro Antonio Lafalla, en horario de 10:00 a 13:00 y de 17:00 a 22:00 horas.<\/p>\n<p>Es importante conocer que se vender\u00e1 un m\u00e1ximo de dos entradas por persona para asistir al Frank Romero Day, el pr\u00f3ximo 8 de marzo.<\/p>\n<h3>\u00a0Precios:<\/h3>\n<ul>\n<li>Sector Malbec: $50.000<\/li>\n<li>Sector Tempranillo: $35.000<\/li>\n<li>Sector Cabernet: $35.000<\/li>\n<li>Sector Bonarda: $32.000<\/li>\n<li>Sector Chardonnay: $32.000<\/li>\n<\/ul>\n<p>Formas de pago: Se aceptar\u00e1n todas las modalidades: QR, billeteras virtuales, efectivo y tarjetas de pl\u00e1stico.<\/p>\n<p><a href=\"https:\/\/vinasfm.com\/noticias\/wp-content\/uploads\/2025\/02\/IMG-20250225-WA0062.jpg\"><img loading=\"lazy\" decoding=\"async\" class=\"alignnone size-medium wp-image-144686\" src=\"https:\/\/vinasfm.com\/noticias\/wp-content\/uploads\/2025\/02\/IMG-20250225-WA0062-212x300.jpg\" alt=\"\" width=\"212\" height=\"300\" srcset=\"https:\/\/vinasfm.com\/noticias\/wp-content\/uploads\/2025\/02\/IMG-20250225-WA0062-212x300.jpg 212w, https:\/\/vinasfm.com\/noticias\/wp-content\/uploads\/2025\/02\/IMG-20250225-WA0062-724x1024.jpg 724w, https:\/\/vinasfm.com\/noticias\/wp-content\/uploads\/2025\/02\/IMG-20250225-WA0062-768x1086.jpg 768w, https:\/\/vinasfm.com\/noticias\/wp-content\/uploads\/2025\/02\/IMG-20250225-WA0062-1086x1536.jpg 1086w, https:\/\/vinasfm.com\/noticias\/wp-content\/uploads\/2025\/02\/IMG-20250225-WA0062.jpg 1131w\" sizes=\"auto, (max-width: 212px) 100vw, 212px\" \/><\/a><\/p>\n<p>Es importante conocer que el Municipio adquiri\u00f3 100 (correspondiente a General Alvear) entradas, 20 por sector.<\/p>\n<p>Se recomienda a los interesados acercarse con anticipaci\u00f3n, ya que se espera una alta demanda y las entradas son limitadas.<\/p>\n","protected":false},"excerpt":{"rendered":"<p>Desde este mi\u00e9rcoles, los alvearenses podr\u00e1n adquirir sus entradas para la Fiesta Nacional de la Vendimia \u00abGuardiana del vino eterno\u00bb. Nelson &#8230;<\/p>\n","protected":false},"author":7,"featured_media":144685,"comment_status":"open","ping_status":"open","sticky":false,"template":"","format":"standard","meta":{"footnotes":""},"categories":[19,25],"tags":[],"class_list":["post-144684","post","type-post","status-publish","format-standard","has-post-thumbnail","hentry","category-cultura","category-vendimia"],"_links":{"self":[{"href":"https:\/\/vinasfm.com\/noticias\/wp-json\/wp\/v2\/posts\/144684","targetHints":{"allow":["GET"]}}],"collection":[{"href":"https:\/\/vinasfm.com\/noticias\/wp-json\/wp\/v2\/posts"}],"about":[{"href":"https:\/\/vinasfm.com\/noticias\/wp-json\/wp\/v2\/types\/post"}],"author":[{"embeddable":true,"href":"https:\/\/vinasfm.com\/noticias\/wp-json\/wp\/v2\/users\/7"}],"replies":[{"embeddable":true,"href":"https:\/\/vinasfm.com\/noticias\/wp-json\/wp\/v2\/comments?post=144684"}],"version-history":[{"count":3,"href":"https:\/\/vinasfm.com\/noticias\/wp-json\/wp\/v2\/posts\/144684\/revisions"}],"predecessor-version":[{"id":144713,"href":"https:\/\/vinasfm.com\/noticias\/wp-json\/wp\/v2\/posts\/144684\/revisions\/144713"}],"wp:featuredmedia":[{"embeddable":true,"href":"https:\/\/vinasfm.com\/noticias\/wp-json\/wp\/v2\/media\/144685"}],"wp:attachment":[{"href":"https:\/\/vinasfm.com\/noticias\/wp-json\/wp\/v2\/media?parent=144684"}],"wp:term":[{"taxonomy":"category","embeddable":true,"href":"https:\/\/vinasfm.com\/noticias\/wp-json\/wp\/v2\/categories?post=144684"},{"taxonomy":"post_tag","embeddable":true,"href":"https:\/\/vinasfm.com\/noticias\/wp-json\/wp\/v2\/tags?post=144684"}],"curies":[{"name":"wp","href":"https:\/\/api.w.org\/{rel}","templated":true}]}}