{"id":144619,"date":"2025-02-24T10:28:13","date_gmt":"2025-02-24T13:28:13","guid":{"rendered":"https:\/\/vinasfm.com\/noticias\/?p=144619"},"modified":"2025-02-25T10:18:40","modified_gmt":"2025-02-25T13:18:40","slug":"la-peatonal-del-arte-volvio-a-reunir-a-cientos-de-alvearenses-y-turistas-en-la-avenida-principal","status":"publish","type":"post","link":"https:\/\/vinasfm.com\/noticias\/la-peatonal-del-arte-volvio-a-reunir-a-cientos-de-alvearenses-y-turistas-en-la-avenida-principal\/","title":{"rendered":"LA PEATONAL DEL ARTE VOLVI\u00d3 A REUNIR A CIENTOS DE ALVEARENSES Y TURISTAS EN LA AVENIDA PRINCIPAL"},"content":{"rendered":"<h4>El domingo, desde las 21:00 horas, los vecinos y visitantes pudieron disfrutar de una variada oferta art\u00edstica y gastron\u00f3mica en un ambiente festivo y gratuito.<\/h4>\n<p>La Avenida Alvear se ilumin\u00f3 con cinco escenarios que ofrecieron espect\u00e1culos para todos los gustos. En el <strong>Escenario 1<\/strong>, ubicado frente al Paseo Gastron\u00f3mico Artesanos alvearenses,<em> los artistas cautivaron al p\u00fablico con sus presentaciones.<\/em> En el <strong>Escenario 2<\/strong>, el talento local brill\u00f3 con las actuaciones de <em>Facundo Gelvez, Camila P\u00e9rez y Los Bandalos<\/em>, quienes lograron encender la energ\u00eda del p\u00fablico.<\/p>\n<p>El <strong>Escenario 3<\/strong> fue el lugar donde <em>Nico Bello mostr\u00f3 su arte<\/em>, mientras que en el<strong> Escenario 4<\/strong>, frente al Cine Teatro, se llevaron a cabo <em>diversas intervenciones art\u00edsticas que enriquecieron a\u00fan m\u00e1s la experiencia cultural.<\/em> Por \u00faltimo, en el <strong>Escenario 5<\/strong>, <em>Kratevas tambi\u00e9n dej\u00f3 su huella musical junto a Nico Bello y Facundo Gelvez.<\/em><\/p>\n<p><a href=\"https:\/\/vinasfm.com\/noticias\/wp-content\/uploads\/2025\/02\/IMG-20250224-WA0035.jpg\"><img loading=\"lazy\" decoding=\"async\" class=\"alignnone wp-image-144623\" src=\"https:\/\/vinasfm.com\/noticias\/wp-content\/uploads\/2025\/02\/IMG-20250224-WA0035-1024x682.jpg\" alt=\"\" width=\"350\" height=\"233\" srcset=\"https:\/\/vinasfm.com\/noticias\/wp-content\/uploads\/2025\/02\/IMG-20250224-WA0035-1024x682.jpg 1024w, https:\/\/vinasfm.com\/noticias\/wp-content\/uploads\/2025\/02\/IMG-20250224-WA0035-300x200.jpg 300w, https:\/\/vinasfm.com\/noticias\/wp-content\/uploads\/2025\/02\/IMG-20250224-WA0035-768x512.jpg 768w, https:\/\/vinasfm.com\/noticias\/wp-content\/uploads\/2025\/02\/IMG-20250224-WA0035-1536x1023.jpg 1536w, https:\/\/vinasfm.com\/noticias\/wp-content\/uploads\/2025\/02\/IMG-20250224-WA0035.jpg 1600w\" sizes=\"auto, (max-width: 350px) 100vw, 350px\" \/><\/a> <a href=\"https:\/\/vinasfm.com\/noticias\/wp-content\/uploads\/2025\/02\/IMG-20250224-WA0037.jpg\"><img loading=\"lazy\" decoding=\"async\" class=\"alignnone wp-image-144622\" src=\"https:\/\/vinasfm.com\/noticias\/wp-content\/uploads\/2025\/02\/IMG-20250224-WA0037-1024x682.jpg\" alt=\"\" width=\"350\" height=\"233\" srcset=\"https:\/\/vinasfm.com\/noticias\/wp-content\/uploads\/2025\/02\/IMG-20250224-WA0037-1024x682.jpg 1024w, https:\/\/vinasfm.com\/noticias\/wp-content\/uploads\/2025\/02\/IMG-20250224-WA0037-300x200.jpg 300w, https:\/\/vinasfm.com\/noticias\/wp-content\/uploads\/2025\/02\/IMG-20250224-WA0037-768x512.jpg 768w, https:\/\/vinasfm.com\/noticias\/wp-content\/uploads\/2025\/02\/IMG-20250224-WA0037-1536x1023.jpg 1536w, https:\/\/vinasfm.com\/noticias\/wp-content\/uploads\/2025\/02\/IMG-20250224-WA0037.jpg 1600w\" sizes=\"auto, (max-width: 350px) 100vw, 350px\" \/><\/a><\/p>\n<p>La Peatonal del Arte no solo se limit\u00f3 a m\u00fasica; tambi\u00e9n incluy\u00f3 intervenciones art\u00edsticas como la del Estudio de Arte de Gachi Garc\u00eda y una destacada muestra de las artistas visuales Lorena Mielniczuk y Natalia P\u00e9rez. Adem\u00e1s, los asistentes disfrutaron de un espect\u00e1culo m\u00e1gico a cargo de David Dom\u00ednguez y las divertidas actuaciones del mimo Claudio Tischeler, quienes aportaron una dosis extra de diversi\u00f3n al evento.<\/p>\n<p>Este encuentro cultural <strong>no solo promovi\u00f3 el talento art\u00edstico local, sino que tambi\u00e9n fortaleci\u00f3 los lazos comunitarios al reunir a personas de todas las edades en un ambiente festivo.<\/strong> La Peatonal del Arte se consolid\u00f3 como un espacio donde la creatividad y la cultura brillan, dejando una huella positiva en todos los que participaron.<\/p>\n","protected":false},"excerpt":{"rendered":"<p>El domingo, desde las 21:00 horas, los vecinos y visitantes pudieron disfrutar de una variada oferta art\u00edstica y gastron\u00f3mica en un &#8230;<\/p>\n","protected":false},"author":7,"featured_media":144624,"comment_status":"open","ping_status":"open","sticky":false,"template":"","format":"standard","meta":{"footnotes":""},"categories":[19,11],"tags":[],"class_list":["post-144619","post","type-post","status-publish","format-standard","has-post-thumbnail","hentry","category-cultura","category-sociales"],"_links":{"self":[{"href":"https:\/\/vinasfm.com\/noticias\/wp-json\/wp\/v2\/posts\/144619","targetHints":{"allow":["GET"]}}],"collection":[{"href":"https:\/\/vinasfm.com\/noticias\/wp-json\/wp\/v2\/posts"}],"about":[{"href":"https:\/\/vinasfm.com\/noticias\/wp-json\/wp\/v2\/types\/post"}],"author":[{"embeddable":true,"href":"https:\/\/vinasfm.com\/noticias\/wp-json\/wp\/v2\/users\/7"}],"replies":[{"embeddable":true,"href":"https:\/\/vinasfm.com\/noticias\/wp-json\/wp\/v2\/comments?post=144619"}],"version-history":[{"count":3,"href":"https:\/\/vinasfm.com\/noticias\/wp-json\/wp\/v2\/posts\/144619\/revisions"}],"predecessor-version":[{"id":144628,"href":"https:\/\/vinasfm.com\/noticias\/wp-json\/wp\/v2\/posts\/144619\/revisions\/144628"}],"wp:featuredmedia":[{"embeddable":true,"href":"https:\/\/vinasfm.com\/noticias\/wp-json\/wp\/v2\/media\/144624"}],"wp:attachment":[{"href":"https:\/\/vinasfm.com\/noticias\/wp-json\/wp\/v2\/media?parent=144619"}],"wp:term":[{"taxonomy":"category","embeddable":true,"href":"https:\/\/vinasfm.com\/noticias\/wp-json\/wp\/v2\/categories?post=144619"},{"taxonomy":"post_tag","embeddable":true,"href":"https:\/\/vinasfm.com\/noticias\/wp-json\/wp\/v2\/tags?post=144619"}],"curies":[{"name":"wp","href":"https:\/\/api.w.org\/{rel}","templated":true}]}}