{"id":144597,"date":"2025-02-24T08:26:25","date_gmt":"2025-02-24T11:26:25","guid":{"rendered":"https:\/\/vinasfm.com\/noticias\/?p=144597"},"modified":"2025-02-24T12:06:29","modified_gmt":"2025-02-24T15:06:29","slug":"con-gran-exito-cerro-la-49a-edicion-de-la-vuelta-ciclista-de-mendoza","status":"publish","type":"post","link":"https:\/\/vinasfm.com\/noticias\/con-gran-exito-cerro-la-49a-edicion-de-la-vuelta-ciclista-de-mendoza\/","title":{"rendered":"CON GRAN \u00c9XITO CERR\u00d3 LA 49\u00aa EDICI\u00d3N DE LA VUELTA CICLISTA DE MENDOZA"},"content":{"rendered":"<h4><span style=\"color: #000000;\">La 49\u00aa edici\u00f3n de la Vuelta Ciclista de Mendoza lleg\u00f3 a su fin con una destacada participaci\u00f3n de corredores nacionales e internacionales, consolid\u00e1ndose como uno de los eventos deportivos m\u00e1s importantes de la provincia.<\/span><\/h4>\n<p><span style=\"color: #000000;\">Con el t\u00edtulo de campe\u00f3n en manos de <span style=\"color: #003366;\"><strong>Andree Gonz\u00e1lez Zenteno<\/strong> <\/span><em>(SEP\/San Juan)<\/em>,<strong> quien registr\u00f3 un tiempo total de 24 horas, 44 minutos y 37 segundos.<\/strong> El evento reafirm\u00f3 su lugar en el calendario deportivo del pa\u00eds. <span style=\"color: #003366;\"><strong>Royner Navarro<\/strong><\/span> <em>(Municipalidad de Guaymall\u00e9n)<\/em> y <span style=\"color: #003366;\"><strong>Agust\u00edn Videla<\/strong><\/span> <em>(SEP\/San Juan)<\/em> completaron el podio, demostrando el alt\u00edsimo nivel competitivo de la carrera.<\/span><\/p>\n<p><span style=\"color: #000000;\">Durante varias jornadas, los ciclistas desafiaron las dif\u00edciles rutas mendocinas, que pusieron a prueba su resistencia y destreza en un recorrido cargado de emociones y sorpresas.<\/span><\/p>\n<p><span style=\"color: #000000;\">La competencia recorri\u00f3 los hermosos paisajes de la provincia, atravesando algunos de los paisajes m\u00e1s desafiantes de la regi\u00f3n, con etapas exigentes y un final vibrante en diferentes departamentos de la provincia.<\/span><\/p>\n<p><img loading=\"lazy\" decoding=\"async\" class=\"\" src=\"https:\/\/www.mendoza.gov.ar\/wp-content\/uploads\/sites\/5\/2025\/02\/DSC_8491-700x467.jpg\" width=\"360\" height=\"240\" \/> <img loading=\"lazy\" decoding=\"async\" class=\"\" src=\"https:\/\/www.mendoza.gov.ar\/wp-content\/uploads\/sites\/5\/2025\/02\/DSC_8319-700x467.jpg\" width=\"360\" height=\"240\" \/><\/p>\n<p><span style=\"color: #000000;\">El <em>subsecretario de Deportes<\/em>, <span style=\"color: #003366;\"><strong>Federico Chiapetta<\/strong><\/span>, presente en la premiaci\u00f3n en el predio de la Virgen en Guaymall\u00e9n, destac\u00f3 la importancia de la <strong>Vuelta Ciclista de Mendoza<\/strong> como un evento que no solo impulsa el deporte de alto rendimiento, sino que tambi\u00e9n fortalece el turismo y la cultura de la provincia. <em><strong>\u201cLa Vuelta Ciclista es un claro ejemplo de c\u00f3mo Mendoza sigue creciendo en el deporte. Es una competencia de primer nivel, seguiremos trabajando con la misma dedicaci\u00f3n y esfuerzo para que sea un evento de mayor trascendencia, con una continuidad que nos permita pensar en una edici\u00f3n a\u00fan m\u00e1s grande para los 50 a\u00f1os, en 2026\u201d<\/strong><\/em>, expres\u00f3 Chiapetta.<\/span><\/p>\n<p><span style=\"color: #000000;\">El subsecretario subray\u00f3 el rol clave que juega el Gobierno de Mendoza en el desarrollo de estos eventos, destacando tambi\u00e9n el apoyo de los municipios. <strong><em>\u201cGracias al compromiso de los municipios, que son parte fundamental de la organizaci\u00f3n y al apoyo constante del gobierno provincial, hemos logrado realizar una edici\u00f3n espectacular, pensando en nuestros deportistas y en ofrecerles las mejores condiciones para su desarrollo. El pr\u00f3ximo a\u00f1o ser\u00e1 clave, con los 50 a\u00f1os de la Vuelta en 2026 y la visi\u00f3n es seguir sumando equipos y adem\u00e1s incluyendo al sector privado, para hacer de este evento un hito \u00fanico\u201d<\/em><\/strong>, destac\u00f3.<\/span><\/p>\n<p><span style=\"color: #000000;\"><span style=\"color: #003366;\"><strong>Mauricio Ginestar<\/strong><\/span>, <em>director de Alto Rendimiento de la provincia<\/em>, tambi\u00e9n resalt\u00f3 la calidad de la edici\u00f3n 2025. <em><strong>\u201cEste evento demuestra el gran nivel de competitividad que hay en Mendoza. La presencia de ciclistas nacionales e internacionales y el alto rendimiento de nuestros atletas pone a Mendoza en la vanguardia del ciclismo\u201d.<\/strong><\/em><\/span><\/p>\n<p><span style=\"color: #000000;\">Andree Gonz\u00e1lez Zenteno, <strong>el ganador de la 49\u00aa edici\u00f3n<\/strong>, expres\u00f3 su felicidad y satisfacci\u00f3n tras conquistar el t\u00edtulo.<strong><em> \u201cEstoy muy contento por este logro, pero fue una competencia muy dura. Cada etapa fue un desaf\u00edo, sobre todo enfrentando los terrenos dif\u00edciles y el nivel de los dem\u00e1s ciclistas, que son muy fuertes. La Vuelta de Mendoza es exigente y esta victoria es muy especial para m\u00ed\u201d<\/em><\/strong>, se\u00f1al\u00f3 el ciclista, visiblemente emocionado.<em><strong> \u201cHa sido una carrera que me ha exigido al m\u00e1ximo y ganar es un verdadero honor. Agradezco a mi equipo y a todos los que me apoyaron durante este tiempo\u201d<\/strong><\/em>, agreg\u00f3.<\/span><\/p>\n<p><span style=\"color: #000000;\">Con una multitud de familias, turistas y fan\u00e1ticos del ciclismo en el cierre, el evento no solo celebr\u00f3 la competencia, sino tambi\u00e9n el esp\u00edritu que caracteriza a la <strong>Vuelta Ciclista de Mendoza.<\/strong><\/span><\/p>\n<p><span style=\"color: #000000;\">Este evento ha dejado un gran recuerdo en los participantes y espectadores, y reafirma el compromiso de Mendoza con el deporte, consolidando a la provincia como un referente de primer nivel para el ciclismo tanto nacional como internacional.<\/span><\/p>\n<p><span style=\"color: #000000;\">La Vuelta Ciclista de Mendoza contin\u00faa siendo un pilar fundamental para el<\/span><br \/>\n<span style=\"color: #000000;\">desarrollo del deporte y el turismo, con miras a futuras ediciones a\u00fan m\u00e1s grandes y desafiantes.<\/span><\/p>\n<p><img decoding=\"async\" src=\"https:\/\/www.mendoza.gov.ar\/wp-content\/uploads\/sites\/5\/2025\/02\/DSC_8540-700x467.jpg\" \/><\/p>\n<h2><span style=\"color: #000000;\">Clasificaci\u00f3n General Final:<\/span><\/h2>\n<ol>\n<li><span style=\"color: #000000;\"><strong>Andree Gonz\u00e1lez Zenteno<\/strong> <em>(SEP\/San Juan)<\/em> \u2013 24h 44m 37s<\/span><\/li>\n<li><span style=\"color: #000000;\"><strong>Royner Navarro<\/strong> <em>(Municipalidad de Guaymall\u00e9n)<\/em> \u2013 a 3m 24s<\/span><\/li>\n<li><span style=\"color: #000000;\"><strong>Agust\u00edn Videla<\/strong> <em>(SEP\/San Juan)<\/em> \u2013 a 4m 18s<\/span><\/li>\n<li><span style=\"color: #000000;\"><strong>Maximiliano Traico<\/strong> <em>(Municipalidad de Godoy Cruz)<\/em> \u2013 a 4m 34s<\/span><\/li>\n<li><span style=\"color: #000000;\"><strong>Franco Mart\u00edn Vecchi<\/strong> <em>(Municipalidad de Godoy Cruz)<\/em> \u2013 a 75m 32s<\/span><\/li>\n<li><span style=\"color: #000000;\"><strong>Nicol\u00e1s Reynoso<\/strong> <em>(Salta La Linda)<\/em> \u2013 a 8m 30s<\/span><\/li>\n<li><span style=\"color: #000000;\"><strong>Jos\u00e9 Autr\u00e1n<\/strong><em> (SEP\/San Juan)<\/em> \u2013 a 9m 12s<\/span><\/li>\n<li><span style=\"color: #000000;\"><strong>Gabriel Brizuela<\/strong> <em>(Municipalidad de Guaymall\u00e9n)<\/em> \u2013 a 9m 47s<\/span><\/li>\n<li><span style=\"color: #000000;\"><strong>Nahuel M\u00e9ndez<\/strong> <em>(Municipalidad de Guaymall\u00e9n)<\/em> \u2013 a 9m 52s<\/span><\/li>\n<li><span style=\"color: #000000;\"><strong>Denis Heredia<\/strong> <em>(Giro Vivo Team)<\/em> \u2013 a 11m 1s<\/span><\/li>\n<\/ol>\n","protected":false},"excerpt":{"rendered":"<p>La 49\u00aa edici\u00f3n de la Vuelta Ciclista de Mendoza lleg\u00f3 a su fin con una destacada participaci\u00f3n de corredores nacionales e &#8230;<\/p>\n","protected":false},"author":7,"featured_media":144599,"comment_status":"open","ping_status":"open","sticky":false,"template":"","format":"standard","meta":{"footnotes":""},"categories":[5,3],"tags":[],"class_list":["post-144597","post","type-post","status-publish","format-standard","has-post-thumbnail","hentry","category-actualidad","category-deportes"],"_links":{"self":[{"href":"https:\/\/vinasfm.com\/noticias\/wp-json\/wp\/v2\/posts\/144597","targetHints":{"allow":["GET"]}}],"collection":[{"href":"https:\/\/vinasfm.com\/noticias\/wp-json\/wp\/v2\/posts"}],"about":[{"href":"https:\/\/vinasfm.com\/noticias\/wp-json\/wp\/v2\/types\/post"}],"author":[{"embeddable":true,"href":"https:\/\/vinasfm.com\/noticias\/wp-json\/wp\/v2\/users\/7"}],"replies":[{"embeddable":true,"href":"https:\/\/vinasfm.com\/noticias\/wp-json\/wp\/v2\/comments?post=144597"}],"version-history":[{"count":1,"href":"https:\/\/vinasfm.com\/noticias\/wp-json\/wp\/v2\/posts\/144597\/revisions"}],"predecessor-version":[{"id":144600,"href":"https:\/\/vinasfm.com\/noticias\/wp-json\/wp\/v2\/posts\/144597\/revisions\/144600"}],"wp:featuredmedia":[{"embeddable":true,"href":"https:\/\/vinasfm.com\/noticias\/wp-json\/wp\/v2\/media\/144599"}],"wp:attachment":[{"href":"https:\/\/vinasfm.com\/noticias\/wp-json\/wp\/v2\/media?parent=144597"}],"wp:term":[{"taxonomy":"category","embeddable":true,"href":"https:\/\/vinasfm.com\/noticias\/wp-json\/wp\/v2\/categories?post=144597"},{"taxonomy":"post_tag","embeddable":true,"href":"https:\/\/vinasfm.com\/noticias\/wp-json\/wp\/v2\/tags?post=144597"}],"curies":[{"name":"wp","href":"https:\/\/api.w.org\/{rel}","templated":true}]}}