{"id":144585,"date":"2025-02-22T20:40:52","date_gmt":"2025-02-22T23:40:52","guid":{"rendered":"https:\/\/vinasfm.com\/noticias\/?p=144585"},"modified":"2025-02-22T20:40:52","modified_gmt":"2025-02-22T23:40:52","slug":"molero-destaco-la-inversion-realizada-en-educacion","status":"publish","type":"post","link":"https:\/\/vinasfm.com\/noticias\/molero-destaco-la-inversion-realizada-en-educacion\/","title":{"rendered":"MOLERO DESTAC\u00d3 LA INVERSI\u00d3N REALIZADA EN EDUCACI\u00d3N"},"content":{"rendered":"<h4>El municipio, en colaboraci\u00f3n con el Gobierno Provincial, ha realizado una significativa inversi\u00f3n de 1.400 millones de pesos en la reparaci\u00f3n y acondicionamiento de m\u00e1s de 30 establecimientos educativos. Esta iniciativa fue destacada por el intendente Alejandro Molero, a pocos d\u00edas del inicio de un nuevo ciclo lectivo.<\/h4>\n<p>El intendente afirm\u00f3:<strong><em> \u201cSeguramente no es suficiente, pero es la inversi\u00f3n m\u00e1s importante en la historia del departamento en educaci\u00f3n\u201d.<\/em><\/strong> Este compromiso no solo busca reparar infraestructuras deterioradas, como techos, paredes y ba\u00f1os, sino tambi\u00e9n transformar el entorno educativo para los ni\u00f1os y j\u00f3venes.<\/p>\n<p>En un esfuerzo por mejorar la calidad educativa, Molero <strong>anunci\u00f3 que para este a\u00f1o se espera superar los 1.700 millones de pesos en inversiones.<\/strong> Estos fondos no solo se destinar\u00e1n a colegios y escuelas, sino tambi\u00e9n a jardines maternales y equipamiento tecnol\u00f3gico. <em><strong>\u201cNo estamos solo arreglando espacios f\u00edsicos; estamos creando un mejor ambiente laboral y acad\u00e9mico\u201d<\/strong><\/em>, a\u00f1adi\u00f3.<\/p>\n<p>Entre las mejoras planificadas se incluyen la instalaci\u00f3n de aire acondicionado, ventiladores y tecnolog\u00eda moderna a trav\u00e9s de computadoras, lo que permitir\u00e1 un aprendizaje m\u00e1s c\u00f3modo y eficiente. <strong>Esta visi\u00f3n integral pone de relieve el compromiso del municipio por avanzar en la educaci\u00f3n y proporcionar un ambiente propicio para el desarrollo de los estudiantes.<\/strong><\/p>\n<p><strong><em>\u201cEstamos convencidos de que, al finalizar nuestra gesti\u00f3n, seremos la administraci\u00f3n que m\u00e1s avanz\u00f3 en educaci\u00f3n en nuestro departamento\u201d<\/em><\/strong>, asegur\u00f3 Molero con optimismo. Esta inversi\u00f3n no solo representa un cambio tangible en las instalaciones educativas, sino tambi\u00e9n una apuesta al futuro de las nuevas generaciones.<\/p>\n","protected":false},"excerpt":{"rendered":"<p>El municipio, en colaboraci\u00f3n con el Gobierno Provincial, ha realizado una significativa inversi\u00f3n de 1.400 millones de pesos en la reparaci\u00f3n &#8230;<\/p>\n","protected":false},"author":7,"featured_media":144586,"comment_status":"open","ping_status":"open","sticky":false,"template":"","format":"standard","meta":{"footnotes":""},"categories":[1],"tags":[],"class_list":["post-144585","post","type-post","status-publish","format-standard","has-post-thumbnail","hentry","category-fmvinas"],"_links":{"self":[{"href":"https:\/\/vinasfm.com\/noticias\/wp-json\/wp\/v2\/posts\/144585","targetHints":{"allow":["GET"]}}],"collection":[{"href":"https:\/\/vinasfm.com\/noticias\/wp-json\/wp\/v2\/posts"}],"about":[{"href":"https:\/\/vinasfm.com\/noticias\/wp-json\/wp\/v2\/types\/post"}],"author":[{"embeddable":true,"href":"https:\/\/vinasfm.com\/noticias\/wp-json\/wp\/v2\/users\/7"}],"replies":[{"embeddable":true,"href":"https:\/\/vinasfm.com\/noticias\/wp-json\/wp\/v2\/comments?post=144585"}],"version-history":[{"count":1,"href":"https:\/\/vinasfm.com\/noticias\/wp-json\/wp\/v2\/posts\/144585\/revisions"}],"predecessor-version":[{"id":144587,"href":"https:\/\/vinasfm.com\/noticias\/wp-json\/wp\/v2\/posts\/144585\/revisions\/144587"}],"wp:featuredmedia":[{"embeddable":true,"href":"https:\/\/vinasfm.com\/noticias\/wp-json\/wp\/v2\/media\/144586"}],"wp:attachment":[{"href":"https:\/\/vinasfm.com\/noticias\/wp-json\/wp\/v2\/media?parent=144585"}],"wp:term":[{"taxonomy":"category","embeddable":true,"href":"https:\/\/vinasfm.com\/noticias\/wp-json\/wp\/v2\/categories?post=144585"},{"taxonomy":"post_tag","embeddable":true,"href":"https:\/\/vinasfm.com\/noticias\/wp-json\/wp\/v2\/tags?post=144585"}],"curies":[{"name":"wp","href":"https:\/\/api.w.org\/{rel}","templated":true}]}}