{"id":144581,"date":"2025-02-22T12:40:31","date_gmt":"2025-02-22T15:40:31","guid":{"rendered":"https:\/\/vinasfm.com\/noticias\/?p=144581"},"modified":"2025-02-24T10:29:03","modified_gmt":"2025-02-24T13:29:03","slug":"ruta-143-un-hombre-fue-encontrado-sin-vida-en-el-paraje-negro-quemado","status":"publish","type":"post","link":"https:\/\/vinasfm.com\/noticias\/ruta-143-un-hombre-fue-encontrado-sin-vida-en-el-paraje-negro-quemado\/","title":{"rendered":"RUTA 143: UN HOMBRE FUE ENCONTRADO SIN VIDA EN EL PARAJE NEGRO QUEMADO"},"content":{"rendered":"<h4 data-sourcepos=\"3:1-3:234\">Un tr\u00e1gico incidente ocurri\u00f3 en la Ruta 143, Paraje Negro Quemado, donde un hombre de 45 a\u00f1os, identificado como Marcelo David Lopez, perdi\u00f3 la vida tras ser presuntamente atropellado por un veh\u00edculo que se dio a la fuga.<\/h4>\n<p data-sourcepos=\"5:1-5:290\">El hecho tuvo lugar alrededor de las 07:25 de la ma\u00f1ana, cuando un ciudadano que se dirig\u00eda a su trabajo <strong>se encontr\u00f3 con el cuerpo de Lopez tendido en la v\u00eda p\u00fablica y alert\u00f3 de inmediato al 911.<\/strong> Al llegar al lugar, el <strong>personal policial constat\u00f3 que la v\u00edctima no presentaba signos vitales.<\/strong><\/p>\n<p data-sourcepos=\"7:1-7:245\">Profesionales del centro de salud local se desplazaron hasta la escena y confirmaron el fallecimiento de Lopez. <strong>Tras examinar el cuerpo, observaron traumatismos en miembros inferiores y superiores, lo que sugiere que fue v\u00edctima de un atropello.<\/strong><\/p>\n<p data-sourcepos=\"9:1-9:245\">\u00a0Las autoridades han iniciado un operativo para identificar y localizar al responsable de este fatal incidente.<\/p>\n<p data-sourcepos=\"11:1-11:253\">En el lugar del hecho, se hicieron presentes el Crio. Iv\u00e1n Berm\u00fadez, el titular de la Comisar\u00eda 26\u00b0 de Villa Atuel y el Ayudante Fiscal en turno, quienes est\u00e1n coordinando las diligencias y recabando pruebas para esclarecer las circunstancias del suceso.<\/p>\n","protected":false},"excerpt":{"rendered":"<p>Un tr\u00e1gico incidente ocurri\u00f3 en la Ruta 143, Paraje Negro Quemado, donde un hombre de 45 a\u00f1os, identificado como Marcelo David &#8230;<\/p>\n","protected":false},"author":7,"featured_media":144583,"comment_status":"open","ping_status":"open","sticky":false,"template":"","format":"standard","meta":{"footnotes":""},"categories":[10,4],"tags":[],"class_list":["post-144581","post","type-post","status-publish","format-standard","has-post-thumbnail","hentry","category-destacadas","category-policiales"],"_links":{"self":[{"href":"https:\/\/vinasfm.com\/noticias\/wp-json\/wp\/v2\/posts\/144581","targetHints":{"allow":["GET"]}}],"collection":[{"href":"https:\/\/vinasfm.com\/noticias\/wp-json\/wp\/v2\/posts"}],"about":[{"href":"https:\/\/vinasfm.com\/noticias\/wp-json\/wp\/v2\/types\/post"}],"author":[{"embeddable":true,"href":"https:\/\/vinasfm.com\/noticias\/wp-json\/wp\/v2\/users\/7"}],"replies":[{"embeddable":true,"href":"https:\/\/vinasfm.com\/noticias\/wp-json\/wp\/v2\/comments?post=144581"}],"version-history":[{"count":1,"href":"https:\/\/vinasfm.com\/noticias\/wp-json\/wp\/v2\/posts\/144581\/revisions"}],"predecessor-version":[{"id":144584,"href":"https:\/\/vinasfm.com\/noticias\/wp-json\/wp\/v2\/posts\/144581\/revisions\/144584"}],"wp:featuredmedia":[{"embeddable":true,"href":"https:\/\/vinasfm.com\/noticias\/wp-json\/wp\/v2\/media\/144583"}],"wp:attachment":[{"href":"https:\/\/vinasfm.com\/noticias\/wp-json\/wp\/v2\/media?parent=144581"}],"wp:term":[{"taxonomy":"category","embeddable":true,"href":"https:\/\/vinasfm.com\/noticias\/wp-json\/wp\/v2\/categories?post=144581"},{"taxonomy":"post_tag","embeddable":true,"href":"https:\/\/vinasfm.com\/noticias\/wp-json\/wp\/v2\/tags?post=144581"}],"curies":[{"name":"wp","href":"https:\/\/api.w.org\/{rel}","templated":true}]}}