{"id":144554,"date":"2025-02-22T09:53:05","date_gmt":"2025-02-22T12:53:05","guid":{"rendered":"https:\/\/vinasfm.com\/noticias\/?p=144554"},"modified":"2025-02-24T08:47:34","modified_gmt":"2025-02-24T11:47:34","slug":"culmino-el-curso-para-vigilador-privado-y-preventores-en-general-alvear","status":"publish","type":"post","link":"https:\/\/vinasfm.com\/noticias\/culmino-el-curso-para-vigilador-privado-y-preventores-en-general-alvear\/","title":{"rendered":"CULMIN\u00d3 EL CURSO PARA VIGILADOR PRIVADO Y PREVENTORES EN GENERAL ALVEAR"},"content":{"rendered":"<h4>En el Multiespacio Bodega Fara\u00f3n, se llev\u00f3 a cabo la ceremonia de entrega de certificados a los egresados de los cursos de Vigilador privado y Preventores, una iniciativa que busca fortalecer la seguridad en el departamento de General Alvear.<\/h4>\n<p>Este curso, avalado por el Instituto <strong>Universitario de Seguridad P\u00fablica<\/strong> y la <strong>Universidad Nacional de Cuyo<\/strong>, fue dise\u00f1ado para capacitar tanto a polic\u00edas viales como a civiles en el rol crucial de vigiladores privados.<\/p>\n<p>La ceremonia cont\u00f3 con la presencia del <span style=\"color: #000080;\"><strong>Intendente Alejandro Molero<\/strong><\/span>, quien destac\u00f3 la importancia de la colaboraci\u00f3n comunitaria en materia de seguridad. <strong><em>\u201cLos preventores ayudan a la polic\u00eda de Mendoza en el patrullaje y el ordenamiento de las calles\u201d<\/em><\/strong>, afirm\u00f3 Molero, subrayando el impacto positivo que estos agentes tienen en la comunidad. Adem\u00e1s, se hizo hincapi\u00e9 en la labor preventiva que se realiza en las escuelas y la colaboraci\u00f3n continua con las fuerzas policiales, que ahora incluye patrullajes conjuntos las 24 horas.<\/p>\n<p>El Intendente expres\u00f3 su compromiso desde antes de asumir su cargo: <strong><em>\u201cNos hab\u00edamos comprometido a convertir a la polic\u00eda vial en preventores de seguridad. Hoy est\u00e1n egresando 22 efectivos del municipio que han recibido esta capacitaci\u00f3n\u201d.<\/em> <\/strong>En su discurso, tambi\u00e9n resalt\u00f3 la inversi\u00f3n significativa realizada por el municipio en tecnolog\u00eda y equipamiento para los preventores, incluyendo m\u00e1s de 100 c\u00e1maras de seguridad instaladas en todo el departamento.<\/p>\n<p><a href=\"https:\/\/vinasfm.com\/noticias\/wp-content\/uploads\/2025\/02\/IMG-20250222-WA0014.jpg\"><img loading=\"lazy\" decoding=\"async\" class=\"alignnone size-medium wp-image-144555\" src=\"https:\/\/vinasfm.com\/noticias\/wp-content\/uploads\/2025\/02\/IMG-20250222-WA0014-300x169.jpg\" alt=\"\" width=\"300\" height=\"169\" srcset=\"https:\/\/vinasfm.com\/noticias\/wp-content\/uploads\/2025\/02\/IMG-20250222-WA0014-300x169.jpg 300w, https:\/\/vinasfm.com\/noticias\/wp-content\/uploads\/2025\/02\/IMG-20250222-WA0014-1024x576.jpg 1024w, https:\/\/vinasfm.com\/noticias\/wp-content\/uploads\/2025\/02\/IMG-20250222-WA0014-768x432.jpg 768w, https:\/\/vinasfm.com\/noticias\/wp-content\/uploads\/2025\/02\/IMG-20250222-WA0014-1536x864.jpg 1536w, https:\/\/vinasfm.com\/noticias\/wp-content\/uploads\/2025\/02\/IMG-20250222-WA0014-750x420.jpg 750w, https:\/\/vinasfm.com\/noticias\/wp-content\/uploads\/2025\/02\/IMG-20250222-WA0014-1140x641.jpg 1140w, https:\/\/vinasfm.com\/noticias\/wp-content\/uploads\/2025\/02\/IMG-20250222-WA0014.jpg 1600w\" sizes=\"auto, (max-width: 300px) 100vw, 300px\" \/><\/a> <a href=\"https:\/\/vinasfm.com\/noticias\/wp-content\/uploads\/2025\/02\/IMG-20250222-WA0024.jpg\"><img loading=\"lazy\" decoding=\"async\" class=\"alignnone size-medium wp-image-144556\" src=\"https:\/\/vinasfm.com\/noticias\/wp-content\/uploads\/2025\/02\/IMG-20250222-WA0024-300x169.jpg\" alt=\"\" width=\"300\" height=\"169\" srcset=\"https:\/\/vinasfm.com\/noticias\/wp-content\/uploads\/2025\/02\/IMG-20250222-WA0024-300x169.jpg 300w, https:\/\/vinasfm.com\/noticias\/wp-content\/uploads\/2025\/02\/IMG-20250222-WA0024-1024x576.jpg 1024w, https:\/\/vinasfm.com\/noticias\/wp-content\/uploads\/2025\/02\/IMG-20250222-WA0024-768x432.jpg 768w, https:\/\/vinasfm.com\/noticias\/wp-content\/uploads\/2025\/02\/IMG-20250222-WA0024-1536x864.jpg 1536w, https:\/\/vinasfm.com\/noticias\/wp-content\/uploads\/2025\/02\/IMG-20250222-WA0024-750x420.jpg 750w, https:\/\/vinasfm.com\/noticias\/wp-content\/uploads\/2025\/02\/IMG-20250222-WA0024-1140x641.jpg 1140w, https:\/\/vinasfm.com\/noticias\/wp-content\/uploads\/2025\/02\/IMG-20250222-WA0024.jpg 1600w\" sizes=\"auto, (max-width: 300px) 100vw, 300px\" \/><\/a><\/p>\n<p>Molero anunci\u00f3 que en los pr\u00f3ximos 30 a 40 d\u00edas <strong>se inaugurar\u00e1 un gran centro de monitoreo que permitir\u00e1 supervisar tanto las c\u00e1maras municipales como las provinciales, asegurando un monitoreo constante para mejorar la respuesta ante situaciones de emergencia.<\/strong> Cada preventor estar\u00e1 equipado con una c\u00e1mara personal durante su periodo laboral, lo que aumentar\u00e1 a\u00fan m\u00e1s la vigilancia y prevenci\u00f3n.<\/p>\n<p>El Intendente concluy\u00f3 su discurso enfatizando la importancia del cuerpo de preventores como primera l\u00ednea de contacto para los ciudadanos. <em><strong>\u201cSon las personas a las que nuestra ciudadan\u00eda debe acudir r\u00e1pidamente ante cualquier problema\u201d,<\/strong><\/em> dijo Molero. Este enfoque no solo busca mejorar la seguridad p\u00fablica, sino tambi\u00e9n promover una imagen amigable y accesible del departamento hacia los turistas.<\/p>\n<p>Con estas iniciativas, General Alvear avanza hacia un futuro m\u00e1s seguro y acogedor para todos sus habitantes.<\/p>\n","protected":false},"excerpt":{"rendered":"<p>En el Multiespacio Bodega Fara\u00f3n, se llev\u00f3 a cabo la ceremonia de entrega de certificados a los egresados de los cursos &#8230;<\/p>\n","protected":false},"author":7,"featured_media":144557,"comment_status":"open","ping_status":"open","sticky":false,"template":"","format":"standard","meta":{"footnotes":""},"categories":[78,33],"tags":[],"class_list":["post-144554","post","type-post","status-publish","format-standard","has-post-thumbnail","hentry","category-municipalidad","category-seguridad"],"_links":{"self":[{"href":"https:\/\/vinasfm.com\/noticias\/wp-json\/wp\/v2\/posts\/144554","targetHints":{"allow":["GET"]}}],"collection":[{"href":"https:\/\/vinasfm.com\/noticias\/wp-json\/wp\/v2\/posts"}],"about":[{"href":"https:\/\/vinasfm.com\/noticias\/wp-json\/wp\/v2\/types\/post"}],"author":[{"embeddable":true,"href":"https:\/\/vinasfm.com\/noticias\/wp-json\/wp\/v2\/users\/7"}],"replies":[{"embeddable":true,"href":"https:\/\/vinasfm.com\/noticias\/wp-json\/wp\/v2\/comments?post=144554"}],"version-history":[{"count":1,"href":"https:\/\/vinasfm.com\/noticias\/wp-json\/wp\/v2\/posts\/144554\/revisions"}],"predecessor-version":[{"id":144558,"href":"https:\/\/vinasfm.com\/noticias\/wp-json\/wp\/v2\/posts\/144554\/revisions\/144558"}],"wp:featuredmedia":[{"embeddable":true,"href":"https:\/\/vinasfm.com\/noticias\/wp-json\/wp\/v2\/media\/144557"}],"wp:attachment":[{"href":"https:\/\/vinasfm.com\/noticias\/wp-json\/wp\/v2\/media?parent=144554"}],"wp:term":[{"taxonomy":"category","embeddable":true,"href":"https:\/\/vinasfm.com\/noticias\/wp-json\/wp\/v2\/categories?post=144554"},{"taxonomy":"post_tag","embeddable":true,"href":"https:\/\/vinasfm.com\/noticias\/wp-json\/wp\/v2\/tags?post=144554"}],"curies":[{"name":"wp","href":"https:\/\/api.w.org\/{rel}","templated":true}]}}