{"id":144541,"date":"2025-02-21T09:54:11","date_gmt":"2025-02-21T12:54:11","guid":{"rendered":"https:\/\/vinasfm.com\/noticias\/?p=144541"},"modified":"2025-02-24T08:48:43","modified_gmt":"2025-02-24T11:48:43","slug":"personal-policial-secuestro-una-motocicleta-por-falta-de-documentacion","status":"publish","type":"post","link":"https:\/\/vinasfm.com\/noticias\/personal-policial-secuestro-una-motocicleta-por-falta-de-documentacion\/","title":{"rendered":"PERSONAL POLICIAL SECUESTR\u00d3 UNA MOTOCICLETA POR FALTA DE DOCUMENTACI\u00d3N"},"content":{"rendered":"<h4 data-sourcepos=\"3:1-3:202\"><span style=\"color: #000000;\">El jueves a las 18:00 horas, personal de la Comisar\u00eda 14\u00b0 llev\u00f3 a cabo el secuestro de una motocicleta en la intersecci\u00f3n de Av. Alvear Este y Tricherri.\u00a0<\/span><\/h4>\n<p data-sourcepos=\"5:1-5:382\"><span style=\"color: #000000;\">El procedimiento se realiz\u00f3 durante un patrullaje de rutina, <strong>cuando los oficiales procedieron a controlar una motocicleta marca Gilera 110cc, de color gris y rojo, con carenados repintados. Al solicitar la documentaci\u00f3n del veh\u00edculo, el conductor, identificado como A.M., manifest\u00f3 no poseer ning\u00fan tipo de documentaci\u00f3n y declar\u00f3 haber adquirido la moto en B\u00b0 Isla Gorostiague.<\/strong><\/span><\/p>\n<p data-sourcepos=\"7:1-7:320\"><span style=\"color: #000000;\">Ante la falta de documentaci\u00f3n y la declaraci\u00f3n del conductor sobre la procedencia de la motocicleta, se procedi\u00f3 a solicitar informaci\u00f3n al sistema, sin encontrar registros sobre la misma. Por este motivo, s<strong>e orden\u00f3 el secuestro del veh\u00edculo y se traslad\u00f3 a la dependencia policial para determinar su procedencia legal.<\/strong><\/span><\/p>\n<p data-sourcepos=\"9:1-9:164\"><span style=\"color: #000000;\">Las autoridades contin\u00faan investigando el caso para esclarecer la situaci\u00f3n y determinar si la motocicleta fue objeto de robo o si existe alguna otra irregularidad.<\/span><\/p>\n","protected":false},"excerpt":{"rendered":"<p>El jueves a las 18:00 horas, personal de la Comisar\u00eda 14\u00b0 llev\u00f3 a cabo el secuestro de una motocicleta en la &#8230;<\/p>\n","protected":false},"author":7,"featured_media":138755,"comment_status":"open","ping_status":"open","sticky":false,"template":"","format":"standard","meta":{"footnotes":""},"categories":[5,4],"tags":[],"class_list":["post-144541","post","type-post","status-publish","format-standard","has-post-thumbnail","hentry","category-actualidad","category-policiales"],"_links":{"self":[{"href":"https:\/\/vinasfm.com\/noticias\/wp-json\/wp\/v2\/posts\/144541","targetHints":{"allow":["GET"]}}],"collection":[{"href":"https:\/\/vinasfm.com\/noticias\/wp-json\/wp\/v2\/posts"}],"about":[{"href":"https:\/\/vinasfm.com\/noticias\/wp-json\/wp\/v2\/types\/post"}],"author":[{"embeddable":true,"href":"https:\/\/vinasfm.com\/noticias\/wp-json\/wp\/v2\/users\/7"}],"replies":[{"embeddable":true,"href":"https:\/\/vinasfm.com\/noticias\/wp-json\/wp\/v2\/comments?post=144541"}],"version-history":[{"count":1,"href":"https:\/\/vinasfm.com\/noticias\/wp-json\/wp\/v2\/posts\/144541\/revisions"}],"predecessor-version":[{"id":144542,"href":"https:\/\/vinasfm.com\/noticias\/wp-json\/wp\/v2\/posts\/144541\/revisions\/144542"}],"wp:featuredmedia":[{"embeddable":true,"href":"https:\/\/vinasfm.com\/noticias\/wp-json\/wp\/v2\/media\/138755"}],"wp:attachment":[{"href":"https:\/\/vinasfm.com\/noticias\/wp-json\/wp\/v2\/media?parent=144541"}],"wp:term":[{"taxonomy":"category","embeddable":true,"href":"https:\/\/vinasfm.com\/noticias\/wp-json\/wp\/v2\/categories?post=144541"},{"taxonomy":"post_tag","embeddable":true,"href":"https:\/\/vinasfm.com\/noticias\/wp-json\/wp\/v2\/tags?post=144541"}],"curies":[{"name":"wp","href":"https:\/\/api.w.org\/{rel}","templated":true}]}}