{"id":144529,"date":"2025-02-21T09:32:40","date_gmt":"2025-02-21T12:32:40","guid":{"rendered":"https:\/\/vinasfm.com\/noticias\/?p=144529"},"modified":"2025-02-22T10:40:17","modified_gmt":"2025-02-22T13:40:17","slug":"los-tres-cambios-claves-en-las-licencias-de-conducir-que-impulsa-mendoza","status":"publish","type":"post","link":"https:\/\/vinasfm.com\/noticias\/los-tres-cambios-claves-en-las-licencias-de-conducir-que-impulsa-mendoza\/","title":{"rendered":"LOS TRES CAMBIOS CLAVES EN LAS LICENCIAS DE CONDUCIR QUE IMPULSA MENDOZA"},"content":{"rendered":"<h4><span style=\"color: #000000;\">Orlando Corval\u00e1n, director de Seguridad Vial, pas\u00f3 por la Legislatura, donde se tratan nuevas modificaciones en las licencias de conducir. Qu\u00e9 pasar\u00e1 con la RTO<\/span><\/h4>\n<article class=\"article-body first\">\n<div class=\"article-content\">\n<div class=\"cuerpo\" data-twitter-link=\"\">\n<p><span style=\"color: #000000;\">El Gobierno de Mendoza contin\u00faa trabajando, de la mano de la Legislatura provincial, cambios en la Ley de Tr\u00e1nsito 9.587 para simplificar tr\u00e1mites y ampliar plazos de las\u00a0<strong>licencias de conducir<\/strong>.<\/span><\/p>\n<\/div>\n<\/div>\n<\/article>\n<article class=\"article-body\">\n<div class=\"article-content\">\n<div class=\"cuerpo\" data-twitter-link=\"\">\n<p><span style=\"color: #000000;\">Estas nuevas modificaciones, llegan despu\u00e9s de la variante clave que se aplica desde noviembre del a\u00f1o pasado, cuando, como norma general,\u00a0las\u00a0<strong>licencias de conducir<\/strong>\u00a0en Mendoza pasaron a tener una validez de 10 a\u00f1os.<\/span><\/p>\n<p><span style=\"color: #000000;\">Ahora, la Unidad Ejecutiva de\u00a0<strong>Seguridad Vial<\/strong>\u00a0va por tres cambios m\u00e1s:<\/span><\/p>\n<\/div>\n<\/div>\n<\/article>\n<article class=\"article-body third-p\">\n<div class=\"article-content\">\n<div class=\"cuerpo\" data-twitter-link=\"\">\n<ul>\n<li><span style=\"color: #000000;\">Eliminar la obligatoriedad de renovar la\u00a0<strong>licencia de conducir<\/strong>\u00a0dentro de los 90 d\u00edas de una modificaci\u00f3n de datos, como el cambio de domicilio.<\/span><\/li>\n<li><span style=\"color: #000000;\">Extender la vigencia de la\u00a0<strong>licencia de conducir<\/strong>\u00a0profesional.<\/span><\/li>\n<li><span style=\"color: #000000;\">Eliminar la obligatoriedad del curso te\u00f3rico para mayores de 65 a\u00f1os.<\/span><\/li>\n<\/ul>\n<h2><span style=\"color: #000000;\">Que un cambio de domicilio no te haga perder la licencia de conducir<\/span><\/h2>\n<p><span style=\"color: #000000;\">Este martes, el vocero presidencial Manuel Adorni confirm\u00f3 que se vendr\u00e1n cambios en la ley nacional que rige las\u00a0<strong>licencias de conducir<\/strong>. Para que los mismos tengan aplicaci\u00f3n en jurisdicci\u00f3n provincial, primero debe mediar una adhesi\u00f3n a la ley; pero desde el Gobierno confirmaron que muchas de esas modificaciones ya se est\u00e1n estudiando \u2013y hasta aplicando- en Mendoza.<\/span><\/p>\n<p><span style=\"color: #000000;\">El principal cambio que rige desde fines del a\u00f1o pasado en la provincia es que se extendi\u00f3 la vigencia de las\u00a0<strong>licencias<\/strong>, una variante que Javier Milei tambi\u00e9n pretende a nivel nacional aunque a\u00fan no est\u00e1 confirmada.<\/span><\/p>\n<p><span style=\"color: #000000;\">Lo que s\u00ed anticip\u00f3 Adorni fue que los conductores ya no van a perder sus\u00a0<strong>licencias<\/strong>\u00a0por cambio de domicilio.<\/span><\/p>\n<p><span style=\"color: #000000;\">Actualmente en Mendoza rige la obligaci\u00f3n de renovar el\u00a0<strong>carnet de conducir<\/strong>\u00a0dentro de los 90 d\u00edas de cualquier modificaci\u00f3n de datos, como por ejemplo, un cambio de domicilio en el DNI.<\/span><\/p>\n<p><span style=\"color: #000000;\">Lo que pretende\u00a0<strong>Seguridad Vial<\/strong>, en l\u00ednea con lo anunciado por Naci\u00f3n, es eliminar esa exigencia que, seg\u00fan dijo Osvaldo Corval\u00e1n a\u00a0<em>Diario UNO<\/em>\u00a0ya es \u201canacr\u00f3nica\u201d.<\/span><\/p>\n<h2><span style=\"color: #000000;\"><strong>M\u00e1s vigencia en las licencias de conducir profesionales<\/strong><\/span><\/h2>\n<p><span style=\"color: #000000;\">El otro cambio clave, que se est\u00e1 trabajando en la comisi\u00f3n de LAC de la C\u00e1mara de Diputados a partir de un proyecto Gustavo Cairo (LLA) es la ampliaci\u00f3n de la vigencia en\u00a0<strong>las licencias de conducir<\/strong>\u00a0profesionales.<\/span><\/p>\n<p><span style=\"color: #000000;\">\u201cHoy, las\u00a0<strong>licencias\u00a0<\/strong>de los profesionales de hasta 45 a\u00f1os es de dos a\u00f1os. Queremos llevarlas a 5 a\u00f1os\u201d, cont\u00f3 Corval\u00e1n.<\/span><\/p>\n<p><span style=\"color: #000000;\">Puntualmente, la iniciativa propone una vigencia \u201cde cinco (5) a\u00f1os, entre los 21 y 45 a\u00f1os de edad; de cuatro (4) a\u00f1os entre los 46 y 59 a\u00f1os de edad; de tres (3) a\u00f1os entre los 60 y 69 a\u00f1os de edad y una duraci\u00f3n de dos (2) a\u00f1os a partir de los 70 a\u00f1os de edad\u201d.<\/span><\/p>\n<h2><span style=\"color: #000000;\">Adi\u00f3s al curso para la renovaci\u00f3n de licencia de mayores de 65 a\u00f1os<\/span><\/h2>\n<p><span style=\"color: #000000;\">Otro de los cambios que se aprobaron el a\u00f1o pasado en las\u00a0<strong>licencias de conducir<\/strong>\u00a0de Mendoza fue la eliminaci\u00f3n de la prueba de manejo en cada renovaci\u00f3n que deb\u00edan hacer los mayores de 70 a\u00f1os.<\/span><\/p>\n<p><span style=\"color: #000000;\"><img decoding=\"async\" src=\"https:\/\/media.diariouno.com.ar\/p\/536f4584cf533142dc452d223f2d736d\/adjuntos\/298\/imagenes\/009\/322\/0009322540\/1200x0\/smart\/carnet-licencia-conducirjpg.jpg\" alt=\"El tr\u00e1mite para la licencia de conducir se hace en los municipios.\" \/><\/span><\/p>\n<p><span style=\"color: #000000;\">Ahora, no se a los conductores que renueven su\u00a0<strong>licencia\u00a0<\/strong>el examen pr\u00e1ctico para el caso de los mayores de 65 a\u00f1os, salvo expresa indicaci\u00f3n m\u00e9dica o, para todos los casos, que haya transcurrido m\u00e1s de un a\u00f1o del vencimiento del carnet.<\/span><\/p>\n<p><span style=\"color: #000000;\">Lo que desde<strong>\u00a0Seguridad Vial\u00a0<\/strong>advirtieron es que tambi\u00e9n es necesario eliminar la obligatoriedad de tomar el curso te\u00f3rico en los mayores de 65.<\/span><\/p>\n<h2><span style=\"color: #000000;\">Qu\u00e9 pasar\u00e1 con la RTO<\/span><\/h2>\n<p><span style=\"color: #000000;\">Entre los cambios que anticip\u00f3 Manuel Adorni tambi\u00e9n se encontraron la \u00abeliminaci\u00f3n de la\u00a0<strong>Licencia Nacional de Transporte Interjurisdiccional<\/strong>, tambi\u00e9n conocida como LiNTI o registro Moyano\u00bb.<\/span><\/p>\n<p><span style=\"color: #000000;\">Y la ampliaci\u00f3n de plazos de la\u00a0<strong>RTO\u00a0<\/strong>o VTV : \u00abEn los 0 KM se va a exigir reci\u00e9n a partir del a\u00f1o 5 desde la fecha de patentamiento, y a los dos a\u00f1os si no es veh\u00edculo particular. En los veh\u00edculos que tengan una antig\u00fcedad mayor a los 10 a\u00f1os, en tanto, la renovaci\u00f3n se va a solicitar cada dos a\u00f1os en particulares\u00bb.<\/span><\/p>\n<p><span style=\"color: #000000;\">En Mendoza, se espera la publicaci\u00f3n del decreto, resoluci\u00f3n o DNU que as\u00ed lo especifique, con las condiciones expresas de los cambios para reci\u00e9n con toda la informaci\u00f3n en mano tomar la decisi\u00f3n de adherir o no a las modificaciones en la\u00a0<strong>RTO<\/strong>.<\/span><\/p>\n<p><span style=\"color: #000000;\">Entre tanto, siguen vigentes las reglas provinciales: los 0km tienen que hacer la primera\u00a0<strong>RTO\u00a0<\/strong>a los 3 a\u00f1os; las renovaciones son cada dos a\u00f1os y, a partir de los 7 a\u00f1os de antig\u00fcedad, ser\u00e1 necesaria anualmente.<\/span><\/p>\n<p><span style=\"color: #000000;\">Es decir que, por ahora, todos los veh\u00edculos que en Mendoza tengan m\u00e1s de 7 a\u00f1os deber\u00e1n hacer la\u00a0<strong>RTO\u00a0<\/strong>una vez por a\u00f1o en los talleres habilitados.<\/span><\/p>\n<\/div>\n<\/div>\n<\/article>\n","protected":false},"excerpt":{"rendered":"<p>Orlando Corval\u00e1n, director de Seguridad Vial, pas\u00f3 por la Legislatura, donde se tratan nuevas modificaciones en las licencias de conducir. Qu\u00e9 &#8230;<\/p>\n","protected":false},"author":7,"featured_media":144530,"comment_status":"open","ping_status":"open","sticky":false,"template":"","format":"standard","meta":{"footnotes":""},"categories":[5,10],"tags":[],"class_list":["post-144529","post","type-post","status-publish","format-standard","has-post-thumbnail","hentry","category-actualidad","category-destacadas"],"_links":{"self":[{"href":"https:\/\/vinasfm.com\/noticias\/wp-json\/wp\/v2\/posts\/144529","targetHints":{"allow":["GET"]}}],"collection":[{"href":"https:\/\/vinasfm.com\/noticias\/wp-json\/wp\/v2\/posts"}],"about":[{"href":"https:\/\/vinasfm.com\/noticias\/wp-json\/wp\/v2\/types\/post"}],"author":[{"embeddable":true,"href":"https:\/\/vinasfm.com\/noticias\/wp-json\/wp\/v2\/users\/7"}],"replies":[{"embeddable":true,"href":"https:\/\/vinasfm.com\/noticias\/wp-json\/wp\/v2\/comments?post=144529"}],"version-history":[{"count":1,"href":"https:\/\/vinasfm.com\/noticias\/wp-json\/wp\/v2\/posts\/144529\/revisions"}],"predecessor-version":[{"id":144531,"href":"https:\/\/vinasfm.com\/noticias\/wp-json\/wp\/v2\/posts\/144529\/revisions\/144531"}],"wp:featuredmedia":[{"embeddable":true,"href":"https:\/\/vinasfm.com\/noticias\/wp-json\/wp\/v2\/media\/144530"}],"wp:attachment":[{"href":"https:\/\/vinasfm.com\/noticias\/wp-json\/wp\/v2\/media?parent=144529"}],"wp:term":[{"taxonomy":"category","embeddable":true,"href":"https:\/\/vinasfm.com\/noticias\/wp-json\/wp\/v2\/categories?post=144529"},{"taxonomy":"post_tag","embeddable":true,"href":"https:\/\/vinasfm.com\/noticias\/wp-json\/wp\/v2\/tags?post=144529"}],"curies":[{"name":"wp","href":"https:\/\/api.w.org\/{rel}","templated":true}]}}