{"id":144525,"date":"2025-02-21T09:05:40","date_gmt":"2025-02-21T12:05:40","guid":{"rendered":"https:\/\/vinasfm.com\/noticias\/?p=144525"},"modified":"2025-02-21T09:05:40","modified_gmt":"2025-02-21T12:05:40","slug":"voces-vitales-llega-a-general-alvear-para-empoderar-a-mujeres-emprendedoras","status":"publish","type":"post","link":"https:\/\/vinasfm.com\/noticias\/voces-vitales-llega-a-general-alvear-para-empoderar-a-mujeres-emprendedoras\/","title":{"rendered":"VOCES VITALES LLEGA A GENERAL ALVEAR PARA EMPODERAR A MUJERES EMPRENDEDORAS"},"content":{"rendered":"<h4><span style=\"color: #000000;\">El pr\u00f3ximo 15 de marzo, el Predio Ferial ubicado en Ruta 188 ser\u00e1 el escenario de un evento inspirador y transformador: <a href=\"https:\/\/sites.google.com\/vitalnetwork.org\/caminatadementoreo2025\/bienvenidaos\">la Caminata de Mentoreo de Voces Vitales<\/a>. Esta iniciativa global, que llega por primera vez al departamento, tiene como objetivo principal impulsar el empoderamiento de mujeres emprendedoras a trav\u00e9s de testimonios y mentor\u00edas.<\/span><\/h4>\n<p><span style=\"color: #000000;\">El<span style=\"color: #003366;\"><strong> Ing. Hugo Molina<\/strong><\/span>, <em>Secretario de Desarrollo y Promoci\u00f3n Departamental<\/em>, expres\u00f3 su entusiasmo por esta propuesta que busca<strong> <em>\u00abayudar y promocionar\u00bb<\/em> el desarrollo de las mujeres en el \u00e1mbito empresarial.<\/strong><\/span><\/p>\n<p><span style=\"color: #000000;\"><span style=\"color: #003366;\"><strong>Paula Escudero<\/strong><\/span>, emprendedora y miembro de la organizaci\u00f3n, explic\u00f3 que el evento consistir\u00e1 en una caminata de mentor\u00eda donde se crear\u00e1n duplas entre mentoras y mujeres que deseen ser coacheadas.<em><strong> \u00abLa idea es empoderar a la mujer y ayudar en el crecimiento personal, empresarial, en el \u00e1rea de su vida que quieran crecer\u00bb,<\/strong><\/em> afirm\u00f3 Escudero.<\/span><\/p>\n<p><span style=\"color: #000000;\">Por su parte, <span style=\"color: #003366;\"><strong>Nadia Sivak<\/strong><\/span>, tambi\u00e9n parte de la organizaci\u00f3n, destac\u00f3 que Voces Vitales <strong>ofrece una variedad de actividades,<\/strong> pero que este evento en particular se centra en el mentoreo. <strong><em>\u00abEs un d\u00eda de conectar con otras personas que tienen o han hecho lo que una quiere hacer o quiere tener o quiere experimentar\u00bb<\/em><\/strong>, se\u00f1al\u00f3 Sivak.<\/span><\/p>\n<p><span style=\"color: #000000;\">El evento contar\u00e1 con la participaci\u00f3n de una empresaria reconocida de General Alvear, quien compartir\u00e1 sus experiencias con las asistentes.<\/span><\/p>\n<p><span style=\"color: #000000;\">Las personas interesadas en participar deben inscribirse a trav\u00e9s de <a href=\"https:\/\/forms.gle\/RcgyTUUjFZLUnUdv5\">un link<\/a> que podr\u00e1n solicitar contactando a la organizaci\u00f3n por redes sociales. En el formulario de inscripci\u00f3n<strong>, se pedir\u00e1 a las participantes que brinden informaci\u00f3n sobre sus perfiles y \u00e1reas de inter\u00e9s, para as\u00ed poder formar duplas productivas entre mentoras y aprendices.<\/strong><\/span><\/p>\n<p>&nbsp;<\/p>\n","protected":false},"excerpt":{"rendered":"<p>El pr\u00f3ximo 15 de marzo, el Predio Ferial ubicado en Ruta 188 ser\u00e1 el escenario de un evento inspirador y transformador: &#8230;<\/p>\n","protected":false},"author":7,"featured_media":144528,"comment_status":"open","ping_status":"open","sticky":false,"template":"","format":"standard","meta":{"footnotes":""},"categories":[1],"tags":[],"class_list":["post-144525","post","type-post","status-publish","format-standard","has-post-thumbnail","hentry","category-fmvinas"],"_links":{"self":[{"href":"https:\/\/vinasfm.com\/noticias\/wp-json\/wp\/v2\/posts\/144525","targetHints":{"allow":["GET"]}}],"collection":[{"href":"https:\/\/vinasfm.com\/noticias\/wp-json\/wp\/v2\/posts"}],"about":[{"href":"https:\/\/vinasfm.com\/noticias\/wp-json\/wp\/v2\/types\/post"}],"author":[{"embeddable":true,"href":"https:\/\/vinasfm.com\/noticias\/wp-json\/wp\/v2\/users\/7"}],"replies":[{"embeddable":true,"href":"https:\/\/vinasfm.com\/noticias\/wp-json\/wp\/v2\/comments?post=144525"}],"version-history":[{"count":2,"href":"https:\/\/vinasfm.com\/noticias\/wp-json\/wp\/v2\/posts\/144525\/revisions"}],"predecessor-version":[{"id":144527,"href":"https:\/\/vinasfm.com\/noticias\/wp-json\/wp\/v2\/posts\/144525\/revisions\/144527"}],"wp:featuredmedia":[{"embeddable":true,"href":"https:\/\/vinasfm.com\/noticias\/wp-json\/wp\/v2\/media\/144528"}],"wp:attachment":[{"href":"https:\/\/vinasfm.com\/noticias\/wp-json\/wp\/v2\/media?parent=144525"}],"wp:term":[{"taxonomy":"category","embeddable":true,"href":"https:\/\/vinasfm.com\/noticias\/wp-json\/wp\/v2\/categories?post=144525"},{"taxonomy":"post_tag","embeddable":true,"href":"https:\/\/vinasfm.com\/noticias\/wp-json\/wp\/v2\/tags?post=144525"}],"curies":[{"name":"wp","href":"https:\/\/api.w.org\/{rel}","templated":true}]}}