{"id":144514,"date":"2025-02-21T08:17:59","date_gmt":"2025-02-21T11:17:59","guid":{"rendered":"https:\/\/vinasfm.com\/noticias\/?p=144514"},"modified":"2025-02-21T08:17:59","modified_gmt":"2025-02-21T11:17:59","slug":"osep-convoca-a-prestadores-y-profesionales-de-general-alvear","status":"publish","type":"post","link":"https:\/\/vinasfm.com\/noticias\/osep-convoca-a-prestadores-y-profesionales-de-general-alvear\/","title":{"rendered":"OSEP CONVOCA A PRESTADORES Y PROFESIONALES DE GENERAL ALVEAR"},"content":{"rendered":"<p><span style=\"color: #000000;\"><strong>El llamado responde a la necesidad de brindar cobertura a personas con Certificado \u00danico de Discapacidad (CUD) de ese departamento.<\/strong><\/span><\/p>\n<p><span style=\"color: #000000;\"><strong>OSEP General Alvear<\/strong> lanz\u00f3 una convocatoria para realizar convenios con profesionales y prestadores en diversos abordajes para la atenci\u00f3n a personas con <strong>CUD<\/strong> <em>(Certificado \u00danico de Discapacidad).<\/em><\/span><\/p>\n<p><span style=\"color: #000000;\">La convocatoria est\u00e1 dirigida a profesionales en <strong>psicolog\u00eda, kinesiolog\u00eda, fonoaudiolog\u00eda, terapia ocupacional, psicomotricidad, psicopedagog\u00eda y a prestadores de servicios de transporte.<\/strong><\/span><\/p>\n<p><span style=\"color: #000000;\">Todas las consultas ser\u00e1n atendidas en la Sede Territorial de OSEP, ubicada en <strong>Libertador Norte 165 de General Alvear.<\/strong><\/span><\/p>\n","protected":false},"excerpt":{"rendered":"<p>El llamado responde a la necesidad de brindar cobertura a personas con Certificado \u00danico de Discapacidad (CUD) de ese departamento. OSEP &#8230;<\/p>\n","protected":false},"author":7,"featured_media":144515,"comment_status":"open","ping_status":"open","sticky":false,"template":"","format":"standard","meta":{"footnotes":""},"categories":[1],"tags":[],"class_list":["post-144514","post","type-post","status-publish","format-standard","has-post-thumbnail","hentry","category-fmvinas"],"_links":{"self":[{"href":"https:\/\/vinasfm.com\/noticias\/wp-json\/wp\/v2\/posts\/144514","targetHints":{"allow":["GET"]}}],"collection":[{"href":"https:\/\/vinasfm.com\/noticias\/wp-json\/wp\/v2\/posts"}],"about":[{"href":"https:\/\/vinasfm.com\/noticias\/wp-json\/wp\/v2\/types\/post"}],"author":[{"embeddable":true,"href":"https:\/\/vinasfm.com\/noticias\/wp-json\/wp\/v2\/users\/7"}],"replies":[{"embeddable":true,"href":"https:\/\/vinasfm.com\/noticias\/wp-json\/wp\/v2\/comments?post=144514"}],"version-history":[{"count":1,"href":"https:\/\/vinasfm.com\/noticias\/wp-json\/wp\/v2\/posts\/144514\/revisions"}],"predecessor-version":[{"id":144516,"href":"https:\/\/vinasfm.com\/noticias\/wp-json\/wp\/v2\/posts\/144514\/revisions\/144516"}],"wp:featuredmedia":[{"embeddable":true,"href":"https:\/\/vinasfm.com\/noticias\/wp-json\/wp\/v2\/media\/144515"}],"wp:attachment":[{"href":"https:\/\/vinasfm.com\/noticias\/wp-json\/wp\/v2\/media?parent=144514"}],"wp:term":[{"taxonomy":"category","embeddable":true,"href":"https:\/\/vinasfm.com\/noticias\/wp-json\/wp\/v2\/categories?post=144514"},{"taxonomy":"post_tag","embeddable":true,"href":"https:\/\/vinasfm.com\/noticias\/wp-json\/wp\/v2\/tags?post=144514"}],"curies":[{"name":"wp","href":"https:\/\/api.w.org\/{rel}","templated":true}]}}