{"id":144394,"date":"2025-02-18T10:09:39","date_gmt":"2025-02-18T13:09:39","guid":{"rendered":"https:\/\/vinasfm.com\/noticias\/?p=144394"},"modified":"2025-02-19T08:42:59","modified_gmt":"2025-02-19T11:42:59","slug":"delincuentes-robaron-una-bicicleta-en-pleno-centro","status":"publish","type":"post","link":"https:\/\/vinasfm.com\/noticias\/delincuentes-robaron-una-bicicleta-en-pleno-centro\/","title":{"rendered":"DELINCUENTES ROBARON UNA BICICLETA EN PLENO CENTRO"},"content":{"rendered":"<h4 data-sourcepos=\"3:1-3:271\"><span style=\"color: #000000;\">Un nuevo hecho de inseguridad se registr\u00f3 en la noche del lunes en el centro de General Alvear. Alrededor de las 22:20 horas, un joven de 21 a\u00f1os, identificado como A.L.A., denunci\u00f3 el robo de su bicicleta marca Puma, rodado 29.<\/span><\/h4>\n<p data-sourcepos=\"5:1-5:322\"><span style=\"color: #000000;\">El hecho ocurri\u00f3 en la Avenida Alvear Oeste, a la altura del n\u00famero 78. <strong>La v\u00edctima hab\u00eda dejado su bicicleta en un bicicletero ubicado en la v\u00eda p\u00fablica, sin ning\u00fan tipo de protecci\u00f3n, mientras trabajaba en un local cercano. Al regresar, aproximadamente a las 21:00 horas, se percat\u00f3 de que el rodado hab\u00eda sido sustra\u00eddo.<\/strong><\/span><\/p>\n<p data-sourcepos=\"7:1-7:200\"><span style=\"color: #000000;\">La Polic\u00eda ya se encuentra investigando el hecho y recolectando pruebas en el lugar del robo. Se recomienda a la comunidad extremar las medidas de seguridad y denunciar cualquier actividad sospechosa.<\/span><\/p>\n<h2 data-sourcepos=\"9:1-9:54\"><span style=\"color: #000000;\"><strong>Recomendaciones para prevenir robos de bicicletas:<\/strong><\/span><\/h2>\n<ul data-sourcepos=\"11:1-15:0\">\n<li data-sourcepos=\"11:1-11:144\"><span style=\"color: #000000;\"><strong>Utilizar candados de seguridad:<\/strong> Es fundamental asegurar la bicicleta con un candado de buena calidad, preferentemente en un lugar visible.<\/span><\/li>\n<li data-sourcepos=\"12:1-12:119\"><span style=\"color: #000000;\"><strong>Estacionar en lugares seguros:<\/strong> Evitar estacionar la bicicleta en lugares oscuros, solitarios o de dif\u00edcil acceso.<\/span><\/li>\n<li data-sourcepos=\"13:1-13:128\"><span style=\"color: #000000;\"><strong>Grabar el n\u00famero de cuadro:<\/strong> Anotar el n\u00famero de cuadro de la bicicleta y denunciarlo ante las autoridades en caso de robo.<\/span><\/li>\n<li data-sourcepos=\"14:1-15:0\"><span style=\"color: #000000;\"><strong>Denunciar cualquier actividad sospechosa:<\/strong> Ante cualquier indicio de robo o intento de robo, comunicarse inmediatamente con la polic\u00eda.<\/span><\/li>\n<\/ul>\n","protected":false},"excerpt":{"rendered":"<p>Un nuevo hecho de inseguridad se registr\u00f3 en la noche del lunes en el centro de General Alvear. Alrededor de las &#8230;<\/p>\n","protected":false},"author":7,"featured_media":144395,"comment_status":"open","ping_status":"open","sticky":false,"template":"","format":"standard","meta":{"footnotes":""},"categories":[201,4],"tags":[],"class_list":["post-144394","post","type-post","status-publish","format-standard","has-post-thumbnail","hentry","category-inseguridad","category-policiales"],"_links":{"self":[{"href":"https:\/\/vinasfm.com\/noticias\/wp-json\/wp\/v2\/posts\/144394","targetHints":{"allow":["GET"]}}],"collection":[{"href":"https:\/\/vinasfm.com\/noticias\/wp-json\/wp\/v2\/posts"}],"about":[{"href":"https:\/\/vinasfm.com\/noticias\/wp-json\/wp\/v2\/types\/post"}],"author":[{"embeddable":true,"href":"https:\/\/vinasfm.com\/noticias\/wp-json\/wp\/v2\/users\/7"}],"replies":[{"embeddable":true,"href":"https:\/\/vinasfm.com\/noticias\/wp-json\/wp\/v2\/comments?post=144394"}],"version-history":[{"count":1,"href":"https:\/\/vinasfm.com\/noticias\/wp-json\/wp\/v2\/posts\/144394\/revisions"}],"predecessor-version":[{"id":144396,"href":"https:\/\/vinasfm.com\/noticias\/wp-json\/wp\/v2\/posts\/144394\/revisions\/144396"}],"wp:featuredmedia":[{"embeddable":true,"href":"https:\/\/vinasfm.com\/noticias\/wp-json\/wp\/v2\/media\/144395"}],"wp:attachment":[{"href":"https:\/\/vinasfm.com\/noticias\/wp-json\/wp\/v2\/media?parent=144394"}],"wp:term":[{"taxonomy":"category","embeddable":true,"href":"https:\/\/vinasfm.com\/noticias\/wp-json\/wp\/v2\/categories?post=144394"},{"taxonomy":"post_tag","embeddable":true,"href":"https:\/\/vinasfm.com\/noticias\/wp-json\/wp\/v2\/tags?post=144394"}],"curies":[{"name":"wp","href":"https:\/\/api.w.org\/{rel}","templated":true}]}}