{"id":144388,"date":"2025-02-18T10:00:15","date_gmt":"2025-02-18T13:00:15","guid":{"rendered":"https:\/\/vinasfm.com\/noticias\/?p=144388"},"modified":"2025-02-19T08:43:28","modified_gmt":"2025-02-19T11:43:28","slug":"actividad-legislativa-marcolini-destaco-los-avances-en-distintos-proyectos","status":"publish","type":"post","link":"https:\/\/vinasfm.com\/noticias\/actividad-legislativa-marcolini-destaco-los-avances-en-distintos-proyectos\/","title":{"rendered":"ACTIVIDAD LEGISLATIVA: MARCOLINI DESTAC\u00d3 LOS AVANCES EN DISTINTOS PROYECTOS"},"content":{"rendered":"<h4><span style=\"color: #000000;\">El Senador por el Cuarto Distrito destac\u00f3 los avances en diversos proyectos para la regi\u00f3n, entre ellos la ampliaci\u00f3n de la red el\u00e9ctrica. <\/span><\/h4>\n<p><span style=\"color: #000000;\">Tras retomar la actividad <span class=\"misspelling correction\" title=\"Se ha encontrado un posible error ortogr\u00e1fico.\" data-type=\"misspelling\" data-suggestions=\"[{&quot;value&quot;:&quot;legislativa&quot;}]\" data-rule=\"MORFOLOGIK_RULE_ES\" data-word=\"legistaliva\">legislativa<\/span> en la <strong>C\u00e1mara de Senadores de Mendoza<\/strong>, el<span style=\"color: #003366;\"><strong> Senador Walther Marcolini<\/strong><\/span> dialog\u00f3 con<span style=\"color: #800080;\"><strong> FM VI\u00d1AS<\/strong><\/span>, destacando el tratamiento de temas <span class=\"misspelling correction\" title=\"Se ha encontrado un posible error ortogr\u00e1fico.\" data-type=\"misspelling\" data-suggestions=\"[{&quot;value&quot;:&quot;trascendentales&quot;},{&quot;value&quot;:&quot;tras endentales&quot;}]\" data-rule=\"MORFOLOGIK_RULE_ES\" data-word=\"trasendentales\">trascendentales<\/span> como el C\u00f3digo Procesal Penal y el Anillado El\u00e9ctrico de 132 kV. <\/span><\/p>\n<p><span style=\"color: #000000;\">En ese contexto, Marcolini celebr\u00f3 la aprobaci\u00f3n de la audiencia p\u00fablica para la construcci\u00f3n de una nueva l\u00ednea de alta tensi\u00f3n que conectar\u00e1 San Rafael con General Alvear. Esta obra permitir\u00e1 mejorar la calidad y la cantidad de energ\u00eda el\u00e9ctrica en la regi\u00f3n, y facilitar\u00e1 el desarrollo de proyectos de energ\u00edas renovables.<strong><em> <span class=\"grammar correction\" title=\"En una tipograf\u00eda cuidada, use comillas tipogr\u00e1ficas.\" data-type=\"grammar\" data-suggestions=\"[{&quot;value&quot;:&quot;\u201c&quot;},{&quot;value&quot;:&quot;\u00ab&quot;}]\" data-rule=\"COMILLAS_TIPOGRAFICAS\" data-word=\"&quot;\">\u201c<\/span>Esta es una obra fundamental para el futuro de General Alvear. Nos permitir\u00e1 atraer nuevas inversiones y generar empleo<span class=\"grammar correction\" title=\"En una tipograf\u00eda cuidada, use comillas tipogr\u00e1ficas.\" data-type=\"grammar\" data-suggestions=\"[{&quot;value&quot;:&quot;\u201d&quot;},{&quot;value&quot;:&quot;\u00bb&quot;}]\" data-rule=\"COMILLAS_TIPOGRAFICAS\" data-word=\"&quot;\">\u201d<\/span><\/em><\/strong>, afirm\u00f3 el senador. <\/span><\/p>\n<p><span style=\"color: #000000;\">As\u00ed mismo, record\u00f3 que el proyecto se fue desarrollando a lo largo de los \u00faltimos 6 a\u00f1os, ocupando el rol de Intendente de General Alvear y manteniendo diversas reuniones con <span class=\"misspelling correction\" title=\"Se ha encontrado un posible error ortogr\u00e1fico.\" data-type=\"misspelling\" data-suggestions=\"[{&quot;value&quot;:&quot;autoridades&quot;},{&quot;value&quot;:&quot;autoriales&quot;}]\" data-rule=\"MORFOLOGIK_RULE_ES\" data-word=\"autoriades\">autoridades<\/span> del <span class=\"error misspelling\" title=\"Se ha encontrado un posible error ortogr\u00e1fico.\" data-type=\"misspelling\" data-suggestions=\"[{&quot;value&quot;:&quot;EURE&quot;},{&quot;value&quot;:&quot;ERE&quot;},{&quot;value&quot;:&quot;ERRE&quot;},{&quot;value&quot;:&quot;ERR\u00c9&quot;},{&quot;value&quot;:&quot;EIRE&quot;},{&quot;value&quot;:&quot;ER\u00c9&quot;},{&quot;value&quot;:&quot;PRE&quot;}]\" data-rule=\"MORFOLOGIK_RULE_ES\" data-word=\"EPRE\">EPRE<\/span>. <strong>Finalmente, durante el 2024 el Sr. Gobernador Alfredo Cornejo acord\u00f3 continuar con la obra y financiarla con los fondos del Resarcimiento.\u00a0 <\/strong><\/span><\/p>\n<p><span style=\"color: #000000;\">La obra, que representa una inversi\u00f3n de 31 millones de d\u00f3lares, consistir\u00e1 en la construcci\u00f3n de una l\u00ednea de alta tensi\u00f3n de 86 kil\u00f3metros, que partir\u00e1 desde Los <span class=\"error misspelling\" title=\"Se ha encontrado un posible error ortogr\u00e1fico.\" data-type=\"misspelling\" data-suggestions=\"[{&quot;value&quot;:&quot;Tijuiles&quot;},{&quot;value&quot;:&quot;Ni huiles&quot;}]\" data-rule=\"MORFOLOGIK_RULE_ES\" data-word=\"Nihuiles\">Nihuiles<\/span> hasta San Rafael, donde se edificar\u00e1 una nueva estaci\u00f3n transformadora. Desde all\u00ed, otro tramo de alta tensi\u00f3n llegar\u00e1 hasta General Alvear, donde se conectar\u00e1 con la estaci\u00f3n transformadora existente, la cual tambi\u00e9n ser\u00e1 ampliada. <\/span><\/p>\n<p><span style=\"color: #000000;\">En cuanto a la agenda legislativa, Marcolini destac\u00f3 la sanci\u00f3n de varias leyes que buscan regularizar la situaci\u00f3n <span class=\"error misspelling\" title=\"Se ha encontrado un posible error ortogr\u00e1fico.\" data-type=\"misspelling\" data-suggestions=\"[{&quot;value&quot;:&quot;dominical&quot;},{&quot;value&quot;:&quot;domanial&quot;}]\" data-rule=\"MORFOLOGIK_RULE_ES\" data-word=\"dominial\">dominial<\/span> en la provincia, facilitando as\u00ed la compraventa de propiedades y el acceso a servicios b\u00e1sicos. <strong><em><span class=\"grammar correction\" title=\"En una tipograf\u00eda cuidada, use comillas tipogr\u00e1ficas.\" data-type=\"grammar\" data-suggestions=\"[{&quot;value&quot;:&quot;\u201c&quot;},{&quot;value&quot;:&quot;\u00ab&quot;}]\" data-rule=\"COMILLAS_TIPOGRAFICAS\" data-word=\"&quot;\">\u201c<\/span>Estas leyes son fundamentales para el desarrollo de nuestras comunidades y para garantizar la seguridad jur\u00eddica de los ciudadanos<span class=\"grammar correction\" title=\"En una tipograf\u00eda cuidada, use comillas tipogr\u00e1ficas.\" data-type=\"grammar\" data-suggestions=\"[{&quot;value&quot;:&quot;\u201d&quot;},{&quot;value&quot;:&quot;\u00bb&quot;}]\" data-rule=\"COMILLAS_TIPOGRAFICAS\" data-word=\"&quot;\">\u201d<\/span><\/em><\/strong>, asegur\u00f3 el legislador. <\/span><\/p>\n<p><span style=\"color: #000000;\">Adem\u00e1s, el Senado ha logrado avanzar con proyectos claves en materia judicial, <span class=\"misspelling correction\" title=\"Se ha encontrado un posible error ortogr\u00e1fico.\" data-type=\"misspelling\" data-suggestions=\"[{&quot;value&quot;:&quot;urban\u00edstica&quot;}]\" data-rule=\"MORFOLOGIK_RULE_ES\" data-word=\"uban\u00edstica\">urban\u00edstica<\/span> y de infraestructura. Las iniciativas fueron analizadas por la comisi\u00f3n de Legislaci\u00f3n y Asuntos Constitucionales, presidida por el <span class=\"misspelling correction\" title=\"Se ha encontrado un posible error ortogr\u00e1fico.\" data-type=\"misspelling\" data-suggestions=\"[{&quot;value&quot;:&quot;propio&quot;},{&quot;value&quot;:&quot;podio&quot;},{&quot;value&quot;:&quot;opio&quot;},{&quot;value&quot;:&quot;copi\u00f3&quot;},{&quot;value&quot;:&quot;polio&quot;},{&quot;value&quot;:&quot;copio&quot;},{&quot;value&quot;:&quot;poyo&quot;}]\" data-rule=\"MORFOLOGIK_RULE_ES\" data-word=\"popio\">propio<\/span> Marcolini, y apuntan a optimizar la administraci\u00f3n de justicia, la <span class=\"misspelling correction\" title=\"Se ha encontrado un posible error ortogr\u00e1fico.\" data-type=\"misspelling\" data-suggestions=\"[{&quot;value&quot;:&quot;circulaci\u00f3n&quot;},{&quot;value&quot;:&quot;simulaci\u00f3n&quot;}]\" data-rule=\"MORFOLOGIK_RULE_ES\" data-word=\"ciculaci\u00f3n\">circulaci\u00f3n<\/span> vehicular y la planificaci\u00f3n en la provincia.\u00a0<\/span><\/p>\n<p><span style=\"color: #000000;\"> Respecto al escenario electoral, Marcolini se mostr\u00f3 cauteloso y afirm\u00f3 que la situaci\u00f3n es muy din\u00e1mica. <strong>Sin embargo, consider\u00f3 que es probable que las PASO sean suspendidas a nivel nacional, lo que podr\u00eda generar cambios en el calendario electoral provincial. <\/strong><\/span><\/p>\n<p><span style=\"color: #000000;\"><strong><em><span class=\"grammar correction\" title=\"En una tipograf\u00eda cuidada, use comillas tipogr\u00e1ficas.\" data-type=\"grammar\" data-suggestions=\"[{&quot;value&quot;:&quot;\u201c&quot;},{&quot;value&quot;:&quot;\u00ab&quot;}]\" data-rule=\"COMILLAS_TIPOGRAFICAS\" data-word=\"&quot;\">\u201c<\/span>La pol\u00edtica argentina es muy cambiante y es dif\u00edcil hacer pron\u00f3sticos a largo plazo<span class=\"grammar correction\" title=\"En una tipograf\u00eda cuidada, use comillas tipogr\u00e1ficas.\" data-type=\"grammar\" data-suggestions=\"[{&quot;value&quot;:&quot;\u201d&quot;},{&quot;value&quot;:&quot;\u00bb&quot;}]\" data-rule=\"COMILLAS_TIPOGRAFICAS\" data-word=\"&quot;\">\u201d<\/span><\/em><\/strong>, se\u00f1al\u00f3 el senador. <strong><em><span class=\"grammar correction\" title=\"En una tipograf\u00eda cuidada, use comillas tipogr\u00e1ficas.\" data-type=\"grammar\" data-suggestions=\"[{&quot;value&quot;:&quot;\u201c&quot;},{&quot;value&quot;:&quot;\u00ab&quot;}]\" data-rule=\"COMILLAS_TIPOGRAFICAS\" data-word=\"&quot;\">\u201c<\/span>Lo que s\u00ed est\u00e1 claro es que nuestro compromiso es trabajar por el bienestar de los mendocinos y por el desarrollo de nuestra provincia<span class=\"grammar correction\" title=\"En una tipograf\u00eda cuidada, use comillas tipogr\u00e1ficas.\" data-type=\"grammar\" data-suggestions=\"[{&quot;value&quot;:&quot;\u201d&quot;},{&quot;value&quot;:&quot;\u00bb&quot;}]\" data-rule=\"COMILLAS_TIPOGRAFICAS\" data-word=\"&quot;\">\u201d<\/span>.<\/em><\/strong><\/span><\/p>\n","protected":false},"excerpt":{"rendered":"<p>El Senador por el Cuarto Distrito destac\u00f3 los avances en diversos proyectos para la regi\u00f3n, entre ellos la ampliaci\u00f3n de la &#8230;<\/p>\n","protected":false},"author":7,"featured_media":144392,"comment_status":"open","ping_status":"open","sticky":false,"template":"","format":"standard","meta":{"footnotes":""},"categories":[5,10],"tags":[],"class_list":["post-144388","post","type-post","status-publish","format-standard","has-post-thumbnail","hentry","category-actualidad","category-destacadas"],"_links":{"self":[{"href":"https:\/\/vinasfm.com\/noticias\/wp-json\/wp\/v2\/posts\/144388","targetHints":{"allow":["GET"]}}],"collection":[{"href":"https:\/\/vinasfm.com\/noticias\/wp-json\/wp\/v2\/posts"}],"about":[{"href":"https:\/\/vinasfm.com\/noticias\/wp-json\/wp\/v2\/types\/post"}],"author":[{"embeddable":true,"href":"https:\/\/vinasfm.com\/noticias\/wp-json\/wp\/v2\/users\/7"}],"replies":[{"embeddable":true,"href":"https:\/\/vinasfm.com\/noticias\/wp-json\/wp\/v2\/comments?post=144388"}],"version-history":[{"count":1,"href":"https:\/\/vinasfm.com\/noticias\/wp-json\/wp\/v2\/posts\/144388\/revisions"}],"predecessor-version":[{"id":144391,"href":"https:\/\/vinasfm.com\/noticias\/wp-json\/wp\/v2\/posts\/144388\/revisions\/144391"}],"wp:featuredmedia":[{"embeddable":true,"href":"https:\/\/vinasfm.com\/noticias\/wp-json\/wp\/v2\/media\/144392"}],"wp:attachment":[{"href":"https:\/\/vinasfm.com\/noticias\/wp-json\/wp\/v2\/media?parent=144388"}],"wp:term":[{"taxonomy":"category","embeddable":true,"href":"https:\/\/vinasfm.com\/noticias\/wp-json\/wp\/v2\/categories?post=144388"},{"taxonomy":"post_tag","embeddable":true,"href":"https:\/\/vinasfm.com\/noticias\/wp-json\/wp\/v2\/tags?post=144388"}],"curies":[{"name":"wp","href":"https:\/\/api.w.org\/{rel}","templated":true}]}}