{"id":144379,"date":"2025-02-18T09:08:43","date_gmt":"2025-02-18T12:08:43","guid":{"rendered":"https:\/\/vinasfm.com\/noticias\/?p=144379"},"modified":"2025-02-18T09:10:46","modified_gmt":"2025-02-18T12:10:46","slug":"los-tres-datos-fuertes-del-informe-de-mekorot-sobre-el-futuro-del-agua-en-el-gran-mendoza","status":"publish","type":"post","link":"https:\/\/vinasfm.com\/noticias\/los-tres-datos-fuertes-del-informe-de-mekorot-sobre-el-futuro-del-agua-en-el-gran-mendoza\/","title":{"rendered":"LOS TRES DATOS FUERTES DEL INFORME DE MEKOROT SOBRE EL FUTURO DEL AGUA EN EL GRAN MENDOZA"},"content":{"rendered":"<h4>Seg\u00fan los datos que la empresa isreal\u00ed le entreg\u00f3 a la provincia, en los pr\u00f3ximos 25 a\u00f1os la principal \u00e1rea metropolitana tendr\u00e1 altos niveles de d\u00e9ficit para el consumo y la producci\u00f3n.<\/h4>\n<p>Este lunes,\u00a0<strong>Alfredo Cornejo\u00a0<\/strong>recibi\u00f3 en\u00a0<strong>Casa de Gobierno<\/strong>\u00a0el informe elaborado por la empresa estatal israel\u00ed\u00a0<strong>Mekorot<\/strong>\u00a0sobre el agua en\u00a0<strong>Mendoza<\/strong>, con el an\u00e1lisis del faltante que podr\u00eda haber en los pr\u00f3ximos 25 a\u00f1os. A la par, el gobernador recibi\u00f3 tambi\u00e9n una serie de propuestas para reducir\u00a0<strong>ese d\u00e9ficit que golpea en mayor medida en la principal \u00e1rea metropolitana, seg\u00fan las proyecciones hacia 2050<\/strong>.<\/p>\n<p>La empresa entreg\u00f3 un documento de 90 p\u00e1ginas, en el que se detallan una serie de puntos vinculados a este tema, conformando la base de lo que ser\u00e1 el plan h\u00eddrico que la provincia pretende aprobar en la Legislatura durante el segundo semestre del a\u00f1o.<\/p>\n<p>El cambio clim\u00e1tico con mayores temperaturas y menos nevadas en la Cordillera, sumado a la falta de eficiencia a la hora de utilizar el recurso generan un combo explosivo que ponen alerta la sostenibilidad h\u00eddrica de la provincia.<\/p>\n<aside class=\"scaip scaip-1 \"><\/aside>\n<h2 id=\"h-el-primer-dato-habra-mas-demanda-pero-menos-agua\" class=\"wp-block-heading\">El primer dato: habr\u00e1 m\u00e1s demanda, pero menos agua<\/h2>\n<p>La primera luz roja se encuentra en la disponibilidad de agua y la cantidad que se consume.<\/p>\n<p>Seg\u00fan el informe,\u00a0<strong>la demanda crecer\u00e1 un 5% para el a\u00f1o 2030, un 7% para el 2040 y un 9% para el 2050.<\/strong><\/p>\n<p>En contrapartida,\u00a0<strong>la disponibilidad del recurso caer\u00e1 un 5% para el 2030, un 10% para 2040 y un 17% para 2050<\/strong><\/p>\n<p>De esta manera,\u00a0<strong>el d\u00e9ficit h\u00eddrico en relaci\u00f3n con la demanda de la poblaci\u00f3n ser\u00e1 del 5% en 2030; del 12% en 2040 y del 17% en 2050<\/strong>, estim\u00f3 el informe.<\/p>\n<h2 id=\"h-segundo-dato-la-zona-mas-complicada\" class=\"wp-block-heading\">Segundo dato: la zona m\u00e1s complicada<\/h2>\n<p>Seg\u00fan los datos obtenidos por Mekorot en los m\u00e1s de dos a\u00f1os que le llev\u00f3 realizar el estudio,\u00a0<strong>la cuenca del R\u00edo Mendoza ser\u00e1 la m\u00e1s afectada por la escasez de agua en un futuro.<\/strong><\/p>\n<p>En segundo lugar, la cuenca del r\u00edo Diamante; en tercero la del Atuel -ambas en el Sur- y en menor medida las de Tunuy\u00e1n y Malarg\u00fce.<\/p>\n<aside class=\"scaip scaip-3 \"><\/aside>\n<p>Seg\u00fan estos datos, de no mediar cambios en el uso actual del recurso, para el a\u00f1o 2030, el d\u00e9ficit en la cuenca del R\u00edo Mendoza ser\u00e1 de 512 hect\u00f3metros c\u00fabicos.<\/p>\n<p>La proyecci\u00f3n indica que llegados a 2040, la escasez del recurso aumentar\u00e1 a 625 hect\u00f3metros c\u00fabicos.<\/p>\n<p>Y, finalmente, en el horizonte de 2050 har\u00e1n falta 764 hect\u00f3metros c\u00fabicos. Para decirlo de otra manera m\u00e1s contundente:\u00a0<strong>esto ser\u00e1 equivalente a casi 2 diques Potrerillos completos.<\/strong><\/p>\n<p>La situaci\u00f3n incluso es alarmante si se ponen en pr\u00e1ctica algunas de las alternativas para eficientizar el consumo que ofrece el informe.<\/p>\n<p>En el mejor de los supuestos y si se adoptan las recomendaciones para cambiar sistemas de riego, por ejemplo, en el a\u00f1o 2050 todav\u00eda tendremos en el Gran Mendoza d\u00e9ficit h\u00eddrico, aunque en una menor magnitud: alcanzar\u00e1 los 153 hect\u00f3metros c\u00fabicos, seg\u00fan las estimaciones.<\/p>\n<p>Precisamente, entre los objetivos que destaca el informe de Mekorot, se recalc\u00f3 que la cuenca del r\u00edo Mendoza \u201c<em><strong>necesita adem\u00e1s una reducci\u00f3n de p\u00e9rdidas en la red de agua potable, del 46%<\/strong><\/em>\u201c. Eso permitir\u00eda estabilizar la cobertura de la demanda hacia 2050.<\/p>\n<h2 id=\"h-tercer-dato-no-mas-cultivos\" class=\"wp-block-heading\">Tercer dato: \u00bfno m\u00e1s cultivos?<\/h2>\n<p>Otro dato llamativo es que el informe advierte que si la producci\u00f3n de cultivos se extiende, la demanda de riego para mantener estos terrenos productivos tambi\u00e9n complicar\u00edan mucho la estabilidad h\u00eddrica de la provincia.<\/p>\n<p><em>\u201cSi la superficie actualmente empadronada que no est\u00e1 cultivada se pone en producci\u00f3n, agravar\u00e1 los d\u00e9ficits h\u00eddricos\u201d<\/em>, sintetiza en uno de los puntos finales el informe.<\/p>\n<p>De hecho, entre los desaf\u00edos que plantea el estudio de la empresa extranjera se impone una \u201c<em>disminuci\u00f3n progresiva de la oferta h\u00eddrica superficial y de la demanda agr\u00edcola<\/em>\u201c.<\/p>\n<p>De esta manera no s\u00f3lo se pone la lupa sobre posibles nuevas plantaciones, sino que se genera preguntas sobre nuevas actividades que puedan ocupar agua en grandes vol\u00famenes, como el turismo o la miner\u00eda -aunque al menos \u00e9sta tiene otra forma de utilizaci\u00f3n del agua-.<\/p>\n","protected":false},"excerpt":{"rendered":"<p>Seg\u00fan los datos que la empresa isreal\u00ed le entreg\u00f3 a la provincia, en los pr\u00f3ximos 25 a\u00f1os la principal \u00e1rea metropolitana &#8230;<\/p>\n","protected":false},"author":7,"featured_media":144384,"comment_status":"open","ping_status":"open","sticky":false,"template":"","format":"standard","meta":{"footnotes":""},"categories":[1],"tags":[],"class_list":["post-144379","post","type-post","status-publish","format-standard","has-post-thumbnail","hentry","category-fmvinas"],"_links":{"self":[{"href":"https:\/\/vinasfm.com\/noticias\/wp-json\/wp\/v2\/posts\/144379","targetHints":{"allow":["GET"]}}],"collection":[{"href":"https:\/\/vinasfm.com\/noticias\/wp-json\/wp\/v2\/posts"}],"about":[{"href":"https:\/\/vinasfm.com\/noticias\/wp-json\/wp\/v2\/types\/post"}],"author":[{"embeddable":true,"href":"https:\/\/vinasfm.com\/noticias\/wp-json\/wp\/v2\/users\/7"}],"replies":[{"embeddable":true,"href":"https:\/\/vinasfm.com\/noticias\/wp-json\/wp\/v2\/comments?post=144379"}],"version-history":[{"count":1,"href":"https:\/\/vinasfm.com\/noticias\/wp-json\/wp\/v2\/posts\/144379\/revisions"}],"predecessor-version":[{"id":144382,"href":"https:\/\/vinasfm.com\/noticias\/wp-json\/wp\/v2\/posts\/144379\/revisions\/144382"}],"wp:featuredmedia":[{"embeddable":true,"href":"https:\/\/vinasfm.com\/noticias\/wp-json\/wp\/v2\/media\/144384"}],"wp:attachment":[{"href":"https:\/\/vinasfm.com\/noticias\/wp-json\/wp\/v2\/media?parent=144379"}],"wp:term":[{"taxonomy":"category","embeddable":true,"href":"https:\/\/vinasfm.com\/noticias\/wp-json\/wp\/v2\/categories?post=144379"},{"taxonomy":"post_tag","embeddable":true,"href":"https:\/\/vinasfm.com\/noticias\/wp-json\/wp\/v2\/tags?post=144379"}],"curies":[{"name":"wp","href":"https:\/\/api.w.org\/{rel}","templated":true}]}}