{"id":144377,"date":"2025-02-18T09:09:35","date_gmt":"2025-02-18T12:09:35","guid":{"rendered":"https:\/\/vinasfm.com\/noticias\/?p=144377"},"modified":"2025-02-19T08:43:41","modified_gmt":"2025-02-19T11:43:41","slug":"vargas-arizu-se-reunio-con-el-presidente-del-pos-real-del-padre-para-trabajar-en-la-situacion-de-los-productores","status":"publish","type":"post","link":"https:\/\/vinasfm.com\/noticias\/vargas-arizu-se-reunio-con-el-presidente-del-pos-real-del-padre-para-trabajar-en-la-situacion-de-los-productores\/","title":{"rendered":"VARGAS ARIZU SE REUNI\u00d3 CON EL PRESIDENTE DEL POS REAL DEL PADRE PARA TRABAJAR EN LA SITUACI\u00d3N DE LOS PRODUCTORES"},"content":{"rendered":"<h4>Hace d\u00edas, <span class=\"error misspelling\" title=\"Se ha encontrado un posible error ortogr\u00e1fico.\" data-type=\"misspelling\" data-suggestions=\"[{&quot;value&quot;:&quot;An\u00edbal&quot;},{&quot;value&quot;:&quot;Animal&quot;},{&quot;value&quot;:&quot;Can\u00edbal&quot;},{&quot;value&quot;:&quot;Anisal&quot;},{&quot;value&quot;:&quot;Nival&quot;}]\" data-rule=\"MORFOLOGIK_RULE_ES\" data-word=\"Anibal\">Anibal<\/span> Luna mantuvo una reuni\u00f3n con el Ministro de la Producci\u00f3n de Mendoza, Rodolfo Vargas <span class=\"error misspelling\" title=\"Se ha encontrado un posible error ortogr\u00e1fico.\" data-type=\"misspelling\" data-suggestions=\"[{&quot;value&quot;:&quot;Ariza&quot;},{&quot;value&quot;:&quot;Arbizu&quot;}]\" data-rule=\"MORFOLOGIK_RULE_ES\" data-word=\"Arizu\">Arizu<\/span>, para discutir la situaci\u00f3n de los m\u00e1s de 130 productores que son parte del <span class=\"error misspelling\" title=\"Se ha encontrado un posible error ortogr\u00e1fico.\" data-type=\"misspelling\" data-suggestions=\"[{&quot;value&quot;:&quot;LOS&quot;},{&quot;value&quot;:&quot;POR&quot;},{&quot;value&quot;:&quot;DOS&quot;},{&quot;value&quot;:&quot;NOS&quot;},{&quot;value&quot;:&quot;POP&quot;},{&quot;value&quot;:&quot;POST&quot;},{&quot;value&quot;:&quot;SOS&quot;}]\" data-rule=\"MORFOLOGIK_RULE_ES\" data-word=\"POS\">POS<\/span>.<\/h4>\n<p>En di\u00e1logo con <strong><span style=\"color: #003366;\">FM VI\u00d1AS<\/span><\/strong>, Luna explic\u00f3 que <em><strong><span class=\"grammar correction\" title=\"En una tipograf\u00eda cuidada, use comillas tipogr\u00e1ficas.\" data-type=\"grammar\" data-suggestions=\"[{&quot;value&quot;:&quot;\u201c&quot;},{&quot;value&quot;:&quot;\u00ab&quot;}]\" data-rule=\"COMILLAS_TIPOGRAFICAS\" data-word=\"&quot;\">\u201c<\/span>luego de exponer la cr\u00edtica situaci\u00f3n que atraviesa el sector y de solicitar medidas urgentes como el adelanto del pago del Seguro Agr\u00edcola para productores que sufrieron p\u00e9rdidas mayores al 90%, se logr\u00f3 un acuerdo<span class=\"grammar correction\" title=\"En una tipograf\u00eda cuidada, use comillas tipogr\u00e1ficas.\" data-type=\"grammar\" data-suggestions=\"[{&quot;value&quot;:&quot;\u201d&quot;},{&quot;value&quot;:&quot;\u00bb&quot;}]\" data-rule=\"COMILLAS_TIPOGRAFICAS\" data-word=\"&quot;\">\u201d<\/span><\/strong><\/em>. La medida tomada por el Ministerio de la Producci\u00f3n ser\u00e1 la implementaci\u00f3n de un cr\u00e9dito blando para que los productores puedan adquirir insumos y reponer los cultivos da\u00f1ados.<\/p>\n<p>Desde el Ministerio aseguraron que <em><strong><span class=\"grammar correction\" title=\"En una tipograf\u00eda cuidada, use comillas tipogr\u00e1ficas.\" data-type=\"grammar\" data-suggestions=\"[{&quot;value&quot;:&quot;\u201c&quot;},{&quot;value&quot;:&quot;\u00ab&quot;}]\" data-rule=\"COMILLAS_TIPOGRAFICAS\" data-word=\"&quot;\">\u201c<\/span>la cartera est\u00e1 llevando todas las herramientas disponibles que les permitan sanear los problemas econ\u00f3micos de las <span class=\"misspelling correction\" title=\"Se ha encontrado un posible error ortogr\u00e1fico.\" data-type=\"misspelling\" data-suggestions=\"[{&quot;value&quot;:&quot;familias&quot;}]\" data-rule=\"MORFOLOGIK_RULE_ES\" data-word=\"familais\">familias<\/span><span class=\"grammar correction\" title=\"En una tipograf\u00eda cuidada, use comillas tipogr\u00e1ficas.\" data-type=\"grammar\" data-suggestions=\"[{&quot;value&quot;:&quot;\u201d&quot;},{&quot;value&quot;:&quot;\u00bb&quot;}]\" data-rule=\"COMILLAS_TIPOGRAFICAS\" data-word=\"&quot;\">\u201d<\/span>.<\/strong> <\/em>En ese contexto, Luna destac\u00f3 la importancia de las medidas tomadas: <strong><em><span class=\"grammar correction\" title=\"En una tipograf\u00eda cuidada, use comillas tipogr\u00e1ficas.\" data-type=\"grammar\" data-suggestions=\"[{&quot;value&quot;:&quot;\u201c&quot;},{&quot;value&quot;:&quot;\u00ab&quot;}]\" data-rule=\"COMILLAS_TIPOGRAFICAS\" data-word=\"&quot;\">\u201c<\/span>Nos brindan un gran alivio y nos permiten ver el futuro con m\u00e1s optimismo. El Gobierno Provincial est\u00e1 demostrando su compromiso con el sector productivo y estamos trabajando en conjunto para superar esta dif\u00edcil situaci\u00f3n<span class=\"grammar correction\" title=\"En una tipograf\u00eda cuidada, use comillas tipogr\u00e1ficas.\" data-type=\"grammar\" data-suggestions=\"[{&quot;value&quot;:&quot;\u201d&quot;},{&quot;value&quot;:&quot;\u00bb&quot;}]\" data-rule=\"COMILLAS_TIPOGRAFICAS\" data-word=\"&quot;\">\u201d<\/span>. <\/em><\/strong><\/p>\n<p>En los pr\u00f3ximos d\u00edas, se brindar\u00e1 mayor informaci\u00f3n sobre los requisitos y los procedimientos para acceder a los beneficios anunciados; <strong>por lo que se ha acordado una nueva reuni\u00f3n junto con los productores.<\/strong> Se espera que estos fondos permitan a los productores recuperar sus cultivos y garantizar la continuidad de sus actividades.<\/p>\n<p>As\u00ed mismo, Luna analiz\u00f3 la posibilidad de eximir a los productores afectados del pago de la tasa de utilizaci\u00f3n del espacio a\u00e9reo para la lucha antigranizo, en virtud de la emergencia declarada. <em><strong><span class=\"grammar correction\" title=\"En una tipograf\u00eda cuidada, use comillas tipogr\u00e1ficas.\" data-type=\"grammar\" data-suggestions=\"[{&quot;value&quot;:&quot;\u201c&quot;},{&quot;value&quot;:&quot;\u00ab&quot;}]\" data-rule=\"COMILLAS_TIPOGRAFICAS\" data-word=\"&quot;\">\u201c<\/span>Tenemos la <span class=\"misspelling correction\" title=\"Se ha encontrado un posible error ortogr\u00e1fico.\" data-type=\"misspelling\" data-suggestions=\"[{&quot;value&quot;:&quot;declaraci\u00f3n&quot;}]\" data-rule=\"MORFOLOGIK_RULE_ES\" data-word=\"declaraic\u00f3n\">declaraci\u00f3n<\/span> de Emergencia y <span class=\"misspelling correction\" title=\"Se ha encontrado un posible error ortogr\u00e1fico.\" data-type=\"misspelling\" data-suggestions=\"[{&quot;value&quot;:&quot;Desastre&quot;}]\" data-rule=\"MORFOLOGIK_RULE_ES\" data-word=\"Desasatre\">Desastre<\/span> Agropecuario, por lo cual, seg\u00fan la Ley 9083, los productores quedan eximidos de pagos como el impuesto inmobiliario y los c\u00e1nones de riego. Esta es un cuestionamiento que se debe tratar en los HCD, sobre todo porque hoy tenemos productores con un 100% de p\u00e9rdidas<span class=\"grammar correction\" title=\"En una tipograf\u00eda cuidada, use comillas tipogr\u00e1ficas.\" data-type=\"grammar\" data-suggestions=\"[{&quot;value&quot;:&quot;\u201d&quot;},{&quot;value&quot;:&quot;\u00bb&quot;}]\" data-rule=\"COMILLAS_TIPOGRAFICAS\" data-word=\"&quot;\">\u201d<\/span>.\u00a0 <\/strong><\/em><\/p>\n<p><em>La Ley Provincial 9083 declara en <span class=\"error grammar\" title=\"May\u00fasculas y min\u00fasculas recomendadas.\" data-type=\"grammar\" data-suggestions=\"[{&quot;value&quot;:&quot;estado de emergencia&quot;}]\" data-rule=\"ES_CHECKCASE_ESTADO_DE_EMERGENCIA\" data-word=\"Estado de Emergencia\">Estado de Emergencia<\/span> a las propiedades que hayan sufrido un da\u00f1o del 50% y hasta 79%, y en Estado de Desastre a las propiedades con p\u00e9rdidas mayores al 80%.<\/em><\/p>\n","protected":false},"excerpt":{"rendered":"<p>Hace d\u00edas, Anibal Luna mantuvo una reuni\u00f3n con el Ministro de la Producci\u00f3n de Mendoza, Rodolfo Vargas Arizu, para discutir la &#8230;<\/p>\n","protected":false},"author":7,"featured_media":144381,"comment_status":"open","ping_status":"open","sticky":false,"template":"","format":"standard","meta":{"footnotes":""},"categories":[14,10],"tags":[],"class_list":["post-144377","post","type-post","status-publish","format-standard","has-post-thumbnail","hentry","category-agro","category-destacadas"],"_links":{"self":[{"href":"https:\/\/vinasfm.com\/noticias\/wp-json\/wp\/v2\/posts\/144377","targetHints":{"allow":["GET"]}}],"collection":[{"href":"https:\/\/vinasfm.com\/noticias\/wp-json\/wp\/v2\/posts"}],"about":[{"href":"https:\/\/vinasfm.com\/noticias\/wp-json\/wp\/v2\/types\/post"}],"author":[{"embeddable":true,"href":"https:\/\/vinasfm.com\/noticias\/wp-json\/wp\/v2\/users\/7"}],"replies":[{"embeddable":true,"href":"https:\/\/vinasfm.com\/noticias\/wp-json\/wp\/v2\/comments?post=144377"}],"version-history":[{"count":4,"href":"https:\/\/vinasfm.com\/noticias\/wp-json\/wp\/v2\/posts\/144377\/revisions"}],"predecessor-version":[{"id":144405,"href":"https:\/\/vinasfm.com\/noticias\/wp-json\/wp\/v2\/posts\/144377\/revisions\/144405"}],"wp:featuredmedia":[{"embeddable":true,"href":"https:\/\/vinasfm.com\/noticias\/wp-json\/wp\/v2\/media\/144381"}],"wp:attachment":[{"href":"https:\/\/vinasfm.com\/noticias\/wp-json\/wp\/v2\/media?parent=144377"}],"wp:term":[{"taxonomy":"category","embeddable":true,"href":"https:\/\/vinasfm.com\/noticias\/wp-json\/wp\/v2\/categories?post=144377"},{"taxonomy":"post_tag","embeddable":true,"href":"https:\/\/vinasfm.com\/noticias\/wp-json\/wp\/v2\/tags?post=144377"}],"curies":[{"name":"wp","href":"https:\/\/api.w.org\/{rel}","templated":true}]}}