{"id":144373,"date":"2025-02-18T08:31:36","date_gmt":"2025-02-18T11:31:36","guid":{"rendered":"https:\/\/vinasfm.com\/noticias\/?p=144373"},"modified":"2025-02-18T08:31:36","modified_gmt":"2025-02-18T11:31:36","slug":"vuelta-de-mendoza-cobarrubia-gano-en-el-sur-y-moyano-defendio-el-liderazgo-general","status":"publish","type":"post","link":"https:\/\/vinasfm.com\/noticias\/vuelta-de-mendoza-cobarrubia-gano-en-el-sur-y-moyano-defendio-el-liderazgo-general\/","title":{"rendered":"VUELTA DE MENDOZA: COBARRUBIA GAN\u00d3 EN EL SUR Y MOYANO DEFENDI\u00d3 EL LIDERAZGO GENERAL"},"content":{"rendered":"<h4><span style=\"color: #000000;\">La Vuelta de Mendoza atraves\u00f3 otra jornada importante, con Moyano defendiendo el liderazgo y Cobarrubia qued\u00e1ndose con la etapa.<\/span><\/h4>\n<p><span style=\"color: #000000;\">Tom\u00e1s Moyano, corredor del equipo de Gremios por El Deporte de la provincia de San Juan, logr\u00f3\u00a0mantener la malla que lo identifica como l\u00edder de carrera\u00a0tras disputar la segunda etapa de la<strong>\u00a0Vuelta de Mendoza, que seguir\u00e1 su camino durante esta semana.<\/strong><\/span><\/p>\n<article class=\"article-body article-body--second-paragraph\"><span style=\"color: #000000;\"><strong>El parcial se lo adjudic\u00f3 Leonardo Cobarrubia del Sindicato Empleados P\u00fablicos de San Juan<\/strong>\u00a0quien conquist\u00f3 el tramo de carrera que comenz\u00f3 en Villa Atuel, neutraliz\u00f3 en General Alvear y finaliz\u00f3 en San Rafael tras recorrer 149 kil\u00f3metros. El canadiense Reid Kinninburgh (Tag Cycling) se qued\u00f3 con el segundo lugar y Marcos M\u00e9ndez (Team Murray) ingres\u00f3 en el tercer lugar. El tiempo del ganador fue de 3 horas, 11 minutos y 39 segundos y el promedio establecido en el parcial fue de 44,618 kil\u00f3metros sobre la hora.<\/span><\/p>\n<\/article>\n<article class=\"article-body article-body--third-paragraph\"><span style=\"color: #000000;\">La etapa,\u00a0<strong>la m\u00e1s extensa luego de la que recorrer\u00e1 caminos de Lavalle, San Mart\u00edn, Jun\u00edn el pr\u00f3ximo viernes\u00a0<\/strong>y que tendr\u00e1 una extensi\u00f3n de 164 kil\u00f3metros, fue dura, exigente,\u00a0sobre todo en el primer tramo de carrera que naci\u00f3 en Villa Atuel.<\/span><\/p>\n<\/article>\n<article class=\"article-body article-body--fourth-paragraph\"><span style=\"color: #000000;\">Los equipos grandes dosificaron fuerzas, pero Maximiliano Priario (Municipalidad de San Carlos), Jonathan Ag\u00fcero (Giro Vivo Team) y Octavio Iv\u00e1n Salom\u00f3n (Team Murray-Vanguardia) comenzaron a mover el avispero, algo que despert\u00f3 a los poderosos que no quer\u00edan sorpresa alguna.<\/span><\/p>\n<p><span style=\"color: #000000;\">La\u00a0<strong>alta temperatura y la complicada geograf\u00eda<\/strong>\u00a0del terreno sure\u00f1o entreg\u00f3 sabrosos condimentos que hicieron que el parcial resultara entretenido, re\u00f1ido, sobre todo cuando se emprendi\u00f3 el regreso a la sure\u00f1a Ciudad de San Rafael.<\/span><\/p>\n<p><img decoding=\"async\" src=\"https:\/\/www.diariodecuyo.com.ar\/media\/uploads\/2025\/02\/leeeeeeoc-728x524.webp\" alt=\"Vuelta de Mendoza: el sanjuanino Leonardo Cobarrubia se qued\u00f3 con la segunda etapa\" \/><\/p>\n<h2><span style=\"color: #000000;\">TERCERA ETAPA<\/span><\/h2>\n<p><span style=\"color: #000000;\">El tercer tramo de carrera\u00a0<strong>tendr\u00e1 una extensi\u00f3n de 160 kil\u00f3metros y largar\u00e1 a las 16 horas<\/strong>\u00a0desde la Plaza principal de Pareditas, San Carlos.<\/span><\/p>\n<p><span style=\"color: #000000;\">Tras bajar la bandera los corredores de dirigir\u00e1n por San Mart\u00edn, Sara de Puebla, Ruta Nacional 40, Cisterna, Boulevard San Mart\u00edn, La Capilla, Ruta Nacional 40, Ruta Provincial 92, Independencia, Monumento Rotonda San Carlos Borromeo, Boulevard Quiroga, Quiroga, San Mart\u00edn (RP 99), Ruta Provincial 92, San Mart\u00edn, Rotonda de la Virgen, Ruta Nacional 40 antigua, Ruta Provincial 92, San Mart\u00edn, Rotonda de la Virgen, San Mart\u00edn, Ruta Nacional 40, hasta Calle La Argentina en Tunuy\u00e1n, desv\u00edo por calle la Argentina al Oeste hasta Calle Francisco Delgado (rumbo Norte) y conectar con la calle Melchor Villanueva para nuevamente incorporarse a RN40 ya pasando la zona Urbana de Tunuyan rumbo a Zapata Ruta 88 al Oeste hasta llegar a la rotonda de Tupungato pasando por la calle principal Av. Belgrano, desde ah\u00ed se toma la calle Julio Roca RP89 hasta llegar a calle El \u00c1lamo, en el \u00c1lamo con rumbo este se transita hasta calle Corredor Productivo rumbo Sur, ruta provincial 94,\u00a0<strong>Manzano hist\u00f3rico punto de llegada.<\/strong><\/span><\/p>\n<\/article>\n","protected":false},"excerpt":{"rendered":"<p>La Vuelta de Mendoza atraves\u00f3 otra jornada importante, con Moyano defendiendo el liderazgo y Cobarrubia qued\u00e1ndose con la etapa. Tom\u00e1s Moyano, &#8230;<\/p>\n","protected":false},"author":7,"featured_media":144374,"comment_status":"open","ping_status":"open","sticky":false,"template":"","format":"standard","meta":{"footnotes":""},"categories":[1],"tags":[],"class_list":["post-144373","post","type-post","status-publish","format-standard","has-post-thumbnail","hentry","category-fmvinas"],"_links":{"self":[{"href":"https:\/\/vinasfm.com\/noticias\/wp-json\/wp\/v2\/posts\/144373","targetHints":{"allow":["GET"]}}],"collection":[{"href":"https:\/\/vinasfm.com\/noticias\/wp-json\/wp\/v2\/posts"}],"about":[{"href":"https:\/\/vinasfm.com\/noticias\/wp-json\/wp\/v2\/types\/post"}],"author":[{"embeddable":true,"href":"https:\/\/vinasfm.com\/noticias\/wp-json\/wp\/v2\/users\/7"}],"replies":[{"embeddable":true,"href":"https:\/\/vinasfm.com\/noticias\/wp-json\/wp\/v2\/comments?post=144373"}],"version-history":[{"count":1,"href":"https:\/\/vinasfm.com\/noticias\/wp-json\/wp\/v2\/posts\/144373\/revisions"}],"predecessor-version":[{"id":144376,"href":"https:\/\/vinasfm.com\/noticias\/wp-json\/wp\/v2\/posts\/144373\/revisions\/144376"}],"wp:featuredmedia":[{"embeddable":true,"href":"https:\/\/vinasfm.com\/noticias\/wp-json\/wp\/v2\/media\/144374"}],"wp:attachment":[{"href":"https:\/\/vinasfm.com\/noticias\/wp-json\/wp\/v2\/media?parent=144373"}],"wp:term":[{"taxonomy":"category","embeddable":true,"href":"https:\/\/vinasfm.com\/noticias\/wp-json\/wp\/v2\/categories?post=144373"},{"taxonomy":"post_tag","embeddable":true,"href":"https:\/\/vinasfm.com\/noticias\/wp-json\/wp\/v2\/tags?post=144373"}],"curies":[{"name":"wp","href":"https:\/\/api.w.org\/{rel}","templated":true}]}}