{"id":144370,"date":"2025-02-18T08:21:22","date_gmt":"2025-02-18T11:21:22","guid":{"rendered":"https:\/\/vinasfm.com\/noticias\/?p=144370"},"modified":"2025-02-18T08:21:22","modified_gmt":"2025-02-18T11:21:22","slug":"mendoza-implementa-nuevas-politicas-para-subsidios-electricos-que-benefician-a-mas-de-129-mil-usuarios-vulnerables","status":"publish","type":"post","link":"https:\/\/vinasfm.com\/noticias\/mendoza-implementa-nuevas-politicas-para-subsidios-electricos-que-benefician-a-mas-de-129-mil-usuarios-vulnerables\/","title":{"rendered":"MENDOZA IMPLEMENTA NUEVAS POL\u00cdTICAS PARA SUBSIDIOS EL\u00c9CTRICOS QUE BENEFICIAN A M\u00c1S DE 129 MIL USUARIOS VULNERABLES"},"content":{"rendered":"<h4><span style=\"color: #000000;\">El Gobernador de la Provincia de Mendoza emiti\u00f3 un nuevo decreto con el objetivo de mejorar y simplificar el r\u00e9gimen de subsidios en la facturaci\u00f3n del servicio el\u00e9ctrico para usuarios residenciales en condiciones de vulnerabilidad. <\/span><\/h4>\n<p><span style=\"color: #000000;\">Beneficia a m\u00e1s de 52 mil usuarios jubilados con nuevos porcentajes de hasta 60% y a m\u00e1s 77 mil usuarios vulnerables por su condici\u00f3n socioecon\u00f3mica, zonal y electrodependencia por cuestiones de salud.<\/span><\/p>\n<p><span style=\"color: #000000;\"><strong>Mediante el Decreto N\u00b0218, el Gobierno de Mendoza busca focalizar la asistencia del Fondo Provincial Compensaciones Tarifarias en los usuarios m\u00e1s vulnerables, asegurando la sustentabilidad de los recursos destinados a estos beneficios.<\/strong> Las medidas adoptadas surgen de un an\u00e1lisis integral realizado en conjunto entre el EPRE y la Direcci\u00f3n de Servicios El\u00e9ctricos del Ministerio de Energ\u00eda y Ambiente.<strong> Este decreto representa un paso significativo hacia la optimizaci\u00f3n de los recursos y la mejora de la calidad de vida de los usuarios m\u00e1s vulnerables de la provincia, reafirmando el compromiso con la equidad, la eficiencia en la distribuci\u00f3n de los subsidios el\u00e9ctricos y en el uso racional de la energ\u00eda.<\/strong><\/span><\/p>\n<p><span style=\"color: #000000;\">En este marco, el EPRE deber\u00e1 elaborar un Padr\u00f3n de Referencia integral y simplificado de subsidios y compensaciones cuya administraci\u00f3n y acceso a los beneficios se den de manera eficiente. <strong>El Padr\u00f3n de Referencia de Beneficiarios Residenciales de compensaciones en la facturaci\u00f3n del servicio el\u00e9ctrico contempla criterios de vulnerabilidad socioecon\u00f3mica, vulnerabilidad zonal y vulnerabilidad referida a electrodependencia por cuestiones de salud.<\/strong><\/span><\/p>\n<h2><span style=\"color: #000000;\"><strong>En particular, se destacan los siguientes aspectos de la mencionada norma:<\/strong><\/span><\/h2>\n<ul>\n<li><span style=\"color: #000000;\"><strong>Ampliaci\u00f3n de la Tarifa Social El\u00e9ctrica:<\/strong>\u00a0Eleva las al\u00edcuotas de descuento para aquellos usuarios que cumplimenten requisitos de vulnerabilidad socio econ\u00f3mica, hoy en la provincia alrededor de 47 mil usuarios, al 25% para T1 R1 (consumos de hasta 299 kWh bim), 20% para T1 R2 (consumos entre 300 y 599 kWh bim) y 10% para T1 R3 (consumo desde 600 kWh bim). Actualmente, el beneficio promedio es del 13%, y a partir de los 600 kWh el consumo excedente ya no tiene beneficio. Este nuevo esquema, contempla que ning\u00fan usuario vulnerable queda sin beneficio, manteniendo los incentivos de consumo racional de energ\u00eda, al ser decrecientes los porcentuales de descuento.<\/span><\/li>\n<li><span style=\"color: #000000;\"><strong>Beneficios para Jubilados y Pensionados:<\/strong>\u00a0Extiende el beneficio de manera autom\u00e1tica, pasando de 9 mil a m\u00e1s de 52 mil jubilados y pensionados beneficiados y ampl\u00eda, para este universo, el porcentaje de descuento pasando del 50% al 60% para aquellos usuarios con consumos hasta 299 kWh. Adem\u00e1s, estos usuarios no perder\u00e1n el beneficio si superan el nivel de consumo de 299 kWh bimestrales, sino que se le aplicar\u00e1n al total facturado, los descuentos previstos para el subsidio denominado Tarifa Social. En este nuevo esquema, ning\u00fan usuario jubilado vulnerable quedar\u00e1 sin beneficio, manteni\u00e9ndose los incentivos de consumo racional de energ\u00eda, al ser decrecientes los porcentuales de descuento.<\/span><\/li>\n<li><span style=\"color: #000000;\"><strong>Se unifican los beneficios para usuarios emplazados en ubicaciones espec\u00edficas consideradas de vulnerabilidad zonal<\/strong>, ya sea por accesibilidad a otros servicios b\u00e1sicos, bajas temperaturas, zonas de monta\u00f1a, zonas rurales, entre otros, analizadas de manera integral.\u00a0\u00a0<\/span><\/li>\n<\/ul>\n<p><span style=\"color: #000000;\">En todos los casos anteriores, el encuadre es autom\u00e1tico, los usuarios que resulten encuadrados en el Padr\u00f3n de Referencia, no necesitar\u00e1n inscribirse nuevamente y esperar ser incluidos en otro Padr\u00f3n, recibir\u00e1n autom\u00e1ticamente el beneficio en tanto cumplimenten los requisitos de vulnerabilidad socioecon\u00f3mica y \/o vulnerabilidad zonal, asign\u00e1ndose el porcentaje de descuento correspondiente seg\u00fan el tipo de vulnerabilidad identificado.<\/span><\/p>\n<ul>\n<li><span style=\"color: #000000;\"><strong>Beneficios para Electrodependientes por Cuestiones de Salud:<\/strong>\u00a0Los usuarios que se encuentren en el Registro Nacional mantienen el tratamiento especial gratuito. Asimismo, para usuarios con menor grado de electrodependencia por cuestiones de salud, que asiste la Provincia, se les asigna un porcentaje similar al de los usuarios jubilados y pensionados 60% para T1R1, para los usuarios con categor\u00eda tarifaria T1R2 el 50% y para aquellos T1R3 el 40%. Asimismo, se aplican los beneficios adicionales por vulnerabilidad zonal.\u00a0<\/span><\/li>\n<li><span style=\"color: #000000;\">Asimismo, el decreto establece\u00a0<strong>propiciar criterios que fomenten el uso racional y eficiente de la energ\u00eda,<\/strong>\u00a0a partir de la implementaci\u00f3n de descuentos decrecientes con el consumo, y el acompa\u00f1amiento al desarrollo de recursos de energ\u00eda distribuida, por lo que elimina el \u201cPlan de Est\u00edmulo de Ahorro de Energ\u00eda El\u00e9ctrica\u201d dado que resulta ineficaz para incentivar el uso racional de los recursos energ\u00e9ticos.\u00a0<\/span><\/li>\n<\/ul>\n<p><span style=\"color: #000000;\">La norma establece un \u00fanico Padr\u00f3n de Beneficios para usuarios residenciales, que recepta y asigna la totalidad de beneficios seg\u00fan tipo de vulnerabilidad asociada.<\/span><\/p>\n<h2><span style=\"color: #000000;\"><strong>Criterios de Inclusi\u00f3n en el Padr\u00f3n de Referencia:<\/strong><\/span><\/h2>\n<ol>\n<li><span style=\"color: #000000;\">Vulnerabilidad Socioecon\u00f3mica: Usuarios RESIDENCIALES TITULARES del servicio el\u00e9ctrico que sean:<\/span><\/li>\n<\/ol>\n<ul>\n<li><span style=\"color: #000000;\">Jubilados, pensionados o trabajadores en relaci\u00f3n de dependencia que perciban una remuneraci\u00f3n bruta menor o igual a DOS (2) Salarios M\u00ednimos Vitales y M\u00f3viles.<\/span><\/li>\n<li><span style=\"color: #000000;\">Beneficiarios de Pensiones no Contributivas que perciban ingresos mensuales brutos no superiores a dos (2) veces el Salario M\u00ednimo Vital y M\u00f3vil.<\/span><\/li>\n<li><span style=\"color: #000000;\">Trabajadores \u201cmonotributistas\u201d inscriptos en una categor\u00eda cuyo ingreso anual mensualizado no supere en dos (2) veces el Salario M\u00ednimo Vital y M\u00f3vil.<\/span><\/li>\n<li><span style=\"color: #000000;\">Titulares de programas sociales que perciban ingresos mensuales brutos no superiores a dos (2) veces el Salario M\u00ednimo Vital y M\u00f3vil.<\/span><\/li>\n<li><span style=\"color: #000000;\">Usuarios Inscriptos en el R\u00e9gimen de Monotributo Social que perciban ingresos mensuales brutos no superiores a dos (2) veces el Salario M\u00ednimo Vital y M\u00f3vil.<\/span><\/li>\n<li><span style=\"color: #000000;\">Usuarios Inscriptos en el R\u00e9gimen Especial de Seguridad Social para empleados del Servicio Dom\u00e9stico (Ley 26.844) que perciban ingresos mensuales brutos no superiores a dos (2) veces el Salario M\u00ednimo Vital y M\u00f3vil.<\/span><\/li>\n<li><span style=\"color: #000000;\">Usuarios que perciban Seguro de Desempleo.<\/span><\/li>\n<li><span style=\"color: #000000;\">Titulares de Pensi\u00f3n Vitalicia a Veteranos de Guerra del Atl\u00e1ntico Sur, que perciban ingresos mensuales brutos no superiores a dos (2) veces el Salario M\u00ednimo Vital y M\u00f3vil.<\/span><\/li>\n<li><span style=\"color: #000000;\">Usuarios que cuenten con Certificado de Discapacidad expedido por autoridad competente, que perciban ingresos mensuales brutos no superiores a dos (2) veces el Salario M\u00ednimo Vital y M\u00f3vil.<\/span><\/li>\n<\/ul>\n<p><span style=\"color: #000000;\"><strong>Criterios de Exclusi\u00f3n<\/strong><\/span><\/p>\n<p><span style=\"color: #000000;\">Usuarios RESIDENCIALES TITULARES del servicio el\u00e9ctrico que:<\/span><\/p>\n<ul>\n<li><span style=\"color: #000000;\">Perciban ingresos superiores a dos (2) veces el Salario M\u00ednimo Vital y M\u00f3vil.<\/span><\/li>\n<li><span style=\"color: #000000;\">Posean m\u00e1s de un inmueble a su nombre, seg\u00fan Registro de Propiedad.<\/span><\/li>\n<li><span style=\"color: #000000;\">Posean un automotor cuyo modelo tenga hasta DIEZ (10) a\u00f1os de antig\u00fcedad. Este criterio no aplica a quienes posean certificado de discapacidad.<\/span><\/li>\n<li><span style=\"color: #000000;\">Posean embarcaciones de lujo o aeronaves.<\/span><\/li>\n<\/ul>\n<ol start=\"2\">\n<li><span style=\"color: #000000;\">Vulnerabilidad Zonal:<\/span><\/li>\n<\/ol>\n<p><span style=\"color: #000000;\">Usuarios RESIDENCIALES TITULARES del servicio el\u00e9ctrico emplazados en:<\/span><\/p>\n<ol>\n<li><span style=\"color: #000000;\">El Departamento de Malarg\u00fce.<\/span><\/li>\n<li><span style=\"color: #000000;\">Localidades Zona Monta\u00f1a, definidas en Decreto N\u00b0 1742\/2016 \u2013 Resoluci\u00f3n SSP N\u00b0 043\/2017 \u2013 Resoluci\u00f3n ex SSP N\u00b0 102\/2019 \u2013 Resoluci\u00f3n ex SSP N\u00b0 082\/2023.<\/span><\/li>\n<li><span style=\"color: #000000;\">Zonas Rurales, usuarios que a la fecha de la presente se encuentran identificados en el Padr\u00f3n Inicial Residencial Rural y, adem\u00e1s, resultan categorizados como \u201crural\u201d de acuerdo al m\u00e9todo de cuadr\u00edculas que ha definido el EPRE para elaborar los indicadores de calidad de servicio el\u00e9ctrico.\u00a0<\/span><\/li>\n<\/ol>\n<p><span style=\"color: #000000;\">Estos usuarios, si adem\u00e1s se verifica que cumplen alguno de los requisitos de vulnerabilidad socioecon\u00f3mica, estar\u00e1n identificados de manera espec\u00edfica en el Padr\u00f3n de Referencia.<\/span><\/p>\n<ol start=\"3\">\n<li><span style=\"color: #000000;\">Vulnerabilidad<strong>\u00a0<\/strong>por Electrodependencia por Cuestiones de Salud:<\/span><\/li>\n<\/ol>\n<p><span style=\"color: #000000;\">Usuarios RESIDENCIALES TITULARES del servicio el\u00e9ctrico o alguna persona que reside en la vivienda abastecida por el suministro, que poseen alg\u00fan tipo de electrodependencia por cuestiones de salud, definida y aprobada en los t\u00e9rminos de la norma espec\u00edfica resulta de aplicaci\u00f3n para estos usuarios.<\/span><\/p>\n","protected":false},"excerpt":{"rendered":"<p>El Gobernador de la Provincia de Mendoza emiti\u00f3 un nuevo decreto con el objetivo de mejorar y simplificar el r\u00e9gimen de &#8230;<\/p>\n","protected":false},"author":7,"featured_media":144371,"comment_status":"open","ping_status":"open","sticky":false,"template":"","format":"standard","meta":{"footnotes":""},"categories":[1],"tags":[],"class_list":["post-144370","post","type-post","status-publish","format-standard","has-post-thumbnail","hentry","category-fmvinas"],"_links":{"self":[{"href":"https:\/\/vinasfm.com\/noticias\/wp-json\/wp\/v2\/posts\/144370","targetHints":{"allow":["GET"]}}],"collection":[{"href":"https:\/\/vinasfm.com\/noticias\/wp-json\/wp\/v2\/posts"}],"about":[{"href":"https:\/\/vinasfm.com\/noticias\/wp-json\/wp\/v2\/types\/post"}],"author":[{"embeddable":true,"href":"https:\/\/vinasfm.com\/noticias\/wp-json\/wp\/v2\/users\/7"}],"replies":[{"embeddable":true,"href":"https:\/\/vinasfm.com\/noticias\/wp-json\/wp\/v2\/comments?post=144370"}],"version-history":[{"count":1,"href":"https:\/\/vinasfm.com\/noticias\/wp-json\/wp\/v2\/posts\/144370\/revisions"}],"predecessor-version":[{"id":144372,"href":"https:\/\/vinasfm.com\/noticias\/wp-json\/wp\/v2\/posts\/144370\/revisions\/144372"}],"wp:featuredmedia":[{"embeddable":true,"href":"https:\/\/vinasfm.com\/noticias\/wp-json\/wp\/v2\/media\/144371"}],"wp:attachment":[{"href":"https:\/\/vinasfm.com\/noticias\/wp-json\/wp\/v2\/media?parent=144370"}],"wp:term":[{"taxonomy":"category","embeddable":true,"href":"https:\/\/vinasfm.com\/noticias\/wp-json\/wp\/v2\/categories?post=144370"},{"taxonomy":"post_tag","embeddable":true,"href":"https:\/\/vinasfm.com\/noticias\/wp-json\/wp\/v2\/tags?post=144370"}],"curies":[{"name":"wp","href":"https:\/\/api.w.org\/{rel}","templated":true}]}}