{"id":144366,"date":"2025-02-18T08:13:12","date_gmt":"2025-02-18T11:13:12","guid":{"rendered":"https:\/\/vinasfm.com\/noticias\/?p=144366"},"modified":"2025-02-18T10:33:17","modified_gmt":"2025-02-18T13:33:17","slug":"un-tragico-accidente-vial-cobro-la-vida-de-tres-personas-en-la-ruta-nacional-7","status":"publish","type":"post","link":"https:\/\/vinasfm.com\/noticias\/un-tragico-accidente-vial-cobro-la-vida-de-tres-personas-en-la-ruta-nacional-7\/","title":{"rendered":"UN TR\u00c1GICO ACCIDENTE VIAL COBR\u00d3 LA VIDA DE TRES PERSONAS EN LA RUTA NACIONAL 7"},"content":{"rendered":"<h4 data-sourcepos=\"3:1-3:303\"><span style=\"color: #000000;\">El siniestro ocurri\u00f3 alrededor de las 8:30 de la ma\u00f1ana del lunes, seg\u00fan report\u00f3 la Subcomisar\u00eda de Giagnoni, a la altura del kil\u00f3metro 986<\/span><\/h4>\n<p data-sourcepos=\"5:1-5:322\"><span style=\"color: #000000;\">Las<strong> v\u00edctimas fatales fueron identificadas como G.G. (46), conductor del veh\u00edculo, G.R. (15) y G.T. (17), quienes viajaban como pasajeros en una camioneta Toyota Hilux SW4.<\/strong> Seg\u00fan los primeros informes, el veh\u00edculo, que <strong>se dirig\u00eda de este a oeste, perdi\u00f3 el control y volc\u00f3, dejando a sus ocupantes atrapados en el interior.<\/strong><\/span><\/p>\n<p data-sourcepos=\"7:1-7:246\"><span style=\"color: #000000;\">Adem\u00e1s de las v\u00edctimas mortales,<strong> dos personas resultaron heridas en el accidente. M.G. (19) y M.C.L. (43), quienes tambi\u00e9n viajaban en la camioneta<\/strong>, fueron trasladadas al Hospital Perrupato con lesiones que, afortunadamente, no revisten gravedad.<\/span><\/p>\n<p data-sourcepos=\"9:1-9:255\"><span style=\"color: #000000;\">En el lugar del accidente, trabajaron arduamente personal policial, bomberos y dos ambulancias del Servicio de Emergencias Coordinado (SEC). La Oficina Fiscal de Jun\u00edn ha tomado intervenci\u00f3n en el caso y se encuentra investigando las causas del siniestro.<\/span><\/p>\n<p data-sourcepos=\"11:1-11:340\"><span style=\"color: #000000;\">Este tr\u00e1gico accidente enluta a la comunidad mendocina y pone de manifiesto la necesidad de extremar la precauci\u00f3n al conducir, especialmente en rutas como la 7, donde el tr\u00e1nsito suele ser intenso. <strong>Las autoridades han reiterado el llamado a respetar las normas de tr\u00e1nsito y conducir con responsabilidad para evitar este tipo de tragedias.<\/strong><\/span><\/p>\n","protected":false},"excerpt":{"rendered":"<p>El siniestro ocurri\u00f3 alrededor de las 8:30 de la ma\u00f1ana del lunes, seg\u00fan report\u00f3 la Subcomisar\u00eda de Giagnoni, a la altura &#8230;<\/p>\n","protected":false},"author":7,"featured_media":144368,"comment_status":"open","ping_status":"open","sticky":false,"template":"","format":"standard","meta":{"footnotes":""},"categories":[4,184],"tags":[],"class_list":["post-144366","post","type-post","status-publish","format-standard","has-post-thumbnail","hentry","category-policiales","category-siniestro-vial"],"_links":{"self":[{"href":"https:\/\/vinasfm.com\/noticias\/wp-json\/wp\/v2\/posts\/144366","targetHints":{"allow":["GET"]}}],"collection":[{"href":"https:\/\/vinasfm.com\/noticias\/wp-json\/wp\/v2\/posts"}],"about":[{"href":"https:\/\/vinasfm.com\/noticias\/wp-json\/wp\/v2\/types\/post"}],"author":[{"embeddable":true,"href":"https:\/\/vinasfm.com\/noticias\/wp-json\/wp\/v2\/users\/7"}],"replies":[{"embeddable":true,"href":"https:\/\/vinasfm.com\/noticias\/wp-json\/wp\/v2\/comments?post=144366"}],"version-history":[{"count":2,"href":"https:\/\/vinasfm.com\/noticias\/wp-json\/wp\/v2\/posts\/144366\/revisions"}],"predecessor-version":[{"id":144369,"href":"https:\/\/vinasfm.com\/noticias\/wp-json\/wp\/v2\/posts\/144366\/revisions\/144369"}],"wp:featuredmedia":[{"embeddable":true,"href":"https:\/\/vinasfm.com\/noticias\/wp-json\/wp\/v2\/media\/144368"}],"wp:attachment":[{"href":"https:\/\/vinasfm.com\/noticias\/wp-json\/wp\/v2\/media?parent=144366"}],"wp:term":[{"taxonomy":"category","embeddable":true,"href":"https:\/\/vinasfm.com\/noticias\/wp-json\/wp\/v2\/categories?post=144366"},{"taxonomy":"post_tag","embeddable":true,"href":"https:\/\/vinasfm.com\/noticias\/wp-json\/wp\/v2\/tags?post=144366"}],"curies":[{"name":"wp","href":"https:\/\/api.w.org\/{rel}","templated":true}]}}