{"id":144358,"date":"2025-02-17T11:44:56","date_gmt":"2025-02-17T14:44:56","guid":{"rendered":"https:\/\/vinasfm.com\/noticias\/?p=144358"},"modified":"2025-02-18T10:00:51","modified_gmt":"2025-02-18T13:00:51","slug":"preocupante-un-joven-resulto-herido-tras-participar-de-una-rina-en-real-del-padre","status":"publish","type":"post","link":"https:\/\/vinasfm.com\/noticias\/preocupante-un-joven-resulto-herido-tras-participar-de-una-rina-en-real-del-padre\/","title":{"rendered":"PREOCUPANTE: UN JOVEN RESULT\u00d3 HERIDO TRAS PARTICIPAR DE UNA RI\u00d1A EN REAL DEL PADRE"},"content":{"rendered":"<h3><span style=\"color: #000000;\">En un hecho que ha generado preocupaci\u00f3n en la comunidad de Real del Padre, se registr\u00f3 una ri\u00f1a en el marco de una fiesta. El Jefe de la Polic\u00eda Departamental, confirm\u00f3 que el incidente fue denunciado y est\u00e1 siendo investigado por la Comisar\u00eda 26.<\/span><\/h3>\n<p><span style=\"color: #000000;\">Seg\u00fan el <span style=\"color: #003366;\"><strong>Comisario Berm\u00fadez<\/strong><\/span>, la ri\u00f1a ocurri\u00f3 durante una<strong> \u00abjuntada de j\u00f3venes\u00bb<\/strong> y <strong>dej\u00f3 como saldo una persona herida, quien radic\u00f3 la denuncia correspondiente.<\/strong> Aunque se viralizaron videos del incidente, las autoridades no han revelado detalles sobre el contenido de los mismos.<\/span><\/p>\n<p><span style=\"color: #000000;\"><strong>La polic\u00eda est\u00e1 trabajando en la identificaci\u00f3n de los responsables y no se descartan futuras imputaciones.<\/strong> El Comisario Berm\u00fadez se\u00f1al\u00f3 que<strong> la persona denunciada no se encuentra detenida por el momento.<\/strong><\/span><\/p>\n<p><span style=\"color: #000000;\">Este tipo de incidentes generan preocupaci\u00f3n en la comunidad y ponen de manifiesto la necesidad de promover espacios de convivencia pac\u00edfica entre los j\u00f3venes. Las autoridades han manifestado su compromiso de trabajar para prevenir futuros hechos de violencia y garantizar la seguridad de los ciudadanos.<\/span><\/p>\n","protected":false},"excerpt":{"rendered":"<p>En un hecho que ha generado preocupaci\u00f3n en la comunidad de Real del Padre, se registr\u00f3 una ri\u00f1a en el marco &#8230;<\/p>\n","protected":false},"author":7,"featured_media":144360,"comment_status":"open","ping_status":"open","sticky":false,"template":"","format":"standard","meta":{"footnotes":""},"categories":[10,4],"tags":[],"class_list":["post-144358","post","type-post","status-publish","format-standard","has-post-thumbnail","hentry","category-destacadas","category-policiales"],"_links":{"self":[{"href":"https:\/\/vinasfm.com\/noticias\/wp-json\/wp\/v2\/posts\/144358","targetHints":{"allow":["GET"]}}],"collection":[{"href":"https:\/\/vinasfm.com\/noticias\/wp-json\/wp\/v2\/posts"}],"about":[{"href":"https:\/\/vinasfm.com\/noticias\/wp-json\/wp\/v2\/types\/post"}],"author":[{"embeddable":true,"href":"https:\/\/vinasfm.com\/noticias\/wp-json\/wp\/v2\/users\/7"}],"replies":[{"embeddable":true,"href":"https:\/\/vinasfm.com\/noticias\/wp-json\/wp\/v2\/comments?post=144358"}],"version-history":[{"count":2,"href":"https:\/\/vinasfm.com\/noticias\/wp-json\/wp\/v2\/posts\/144358\/revisions"}],"predecessor-version":[{"id":144361,"href":"https:\/\/vinasfm.com\/noticias\/wp-json\/wp\/v2\/posts\/144358\/revisions\/144361"}],"wp:featuredmedia":[{"embeddable":true,"href":"https:\/\/vinasfm.com\/noticias\/wp-json\/wp\/v2\/media\/144360"}],"wp:attachment":[{"href":"https:\/\/vinasfm.com\/noticias\/wp-json\/wp\/v2\/media?parent=144358"}],"wp:term":[{"taxonomy":"category","embeddable":true,"href":"https:\/\/vinasfm.com\/noticias\/wp-json\/wp\/v2\/categories?post=144358"},{"taxonomy":"post_tag","embeddable":true,"href":"https:\/\/vinasfm.com\/noticias\/wp-json\/wp\/v2\/tags?post=144358"}],"curies":[{"name":"wp","href":"https:\/\/api.w.org\/{rel}","templated":true}]}}