{"id":144339,"date":"2025-02-26T08:47:03","date_gmt":"2025-02-26T11:47:03","guid":{"rendered":"https:\/\/vinasfm.com\/noticias\/?p=144339"},"modified":"2025-02-27T08:14:19","modified_gmt":"2025-02-27T11:14:19","slug":"mi-tierra-la-de-las-dulces-mendocinas-conoce-a-las-18-candidatas-a-la-corona-nacional-de-la-vendimia","status":"publish","type":"post","link":"https:\/\/vinasfm.com\/noticias\/mi-tierra-la-de-las-dulces-mendocinas-conoce-a-las-18-candidatas-a-la-corona-nacional-de-la-vendimia\/","title":{"rendered":"MI TIERRA, LA DE LAS DULCES MENDOCINAS: CONOCE A LAS 18 CANDIDATAS A LA CORONA NACIONAL DE LA VENDIMIA"},"content":{"rendered":"<h4><span style=\"color: #000000;\">El pr\u00f3ximo 8 de marzo, Mendoza celebra la Fiesta Nacional de la Vendimia, donde coronar\u00e1 a las nuevas Reina y Virreina Nacional de la Vendimia en el acto \u00abGuardiana del Vino Eterno\u00bb.<\/span><\/h4>\n<p><span style=\"color: #000000;\">A\u00f1o a a\u00f1o, los departamentos mendocinos honran la tradici\u00f3n con festivales vibrantes que combinan arte, cultura y un merecido homenaje a la vitivinicultura. El pueblo se prepara para despedir a Agostina Saua y Roc\u00edo Neila, Reina y Virreina Nacional 2024, quienes pasaran a formar parte de la historia provincial.<\/span><\/p>\n<h2><span style=\"color: #000000;\">UNA POR UNA: ELLA SON LAS REINAS DEPARTAMENTALES<\/span><\/h2>\n<h3><span style=\"color: #000000;\">GUAYMALL\u00c9N<\/span><\/h3>\n<p><span style=\"color: #000000;\">En diciembre, <span style=\"color: #003366;\"><strong>Donatella Borrini<\/strong><\/span> fue elegida como la nueva <strong>representante de Guaymall\u00e9n<\/strong>. La joven de 22 a\u00f1os es estudiante de Derecho y emprendedora, represent\u00f3 al Distrito San Jos\u00e9 y se alz\u00f3 con el 21,89% de los votos.<\/span><\/p>\n<p><img decoding=\"async\" src=\"https:\/\/scontent.fmdz5-1.fna.fbcdn.net\/v\/t39.30808-6\/480481060_1063536859131887_3125151219940700308_n.jpg?stp=dst-jpg_p600x600_tt6&amp;_nc_cat=106&amp;ccb=1-7&amp;_nc_sid=833d8c&amp;_nc_eui2=AeFKPGIMIEF2Gm-NpCncnpEuOdVpxf2tmds51WnF_a2Z21olcQPbQ8ITgh3OuuDj7zjC6YQ3q6tMAC2Z3WcbJTp9&amp;_nc_ohc=-LmAYC-HbRkQ7kNvgGJqEAQ&amp;_nc_oc=AdijkRbiidYZwMrCUX2lXqQB3UBJyYA5HI6XuAWA2aKL2odW0vpdUpxLSIpAaIwVIBw&amp;_nc_zt=23&amp;_nc_ht=scontent.fmdz5-1.fna&amp;_nc_gid=AnmQB7a_9st5Z-4FhfmobDj&amp;oh=00_AYDRcTaoI1w2NLjq4YEW2HFuyrVOKbT2FvCV495cypPgxQ&amp;oe=67C4E485\" alt=\"Puede ser una imagen de 1 persona y texto que dice &quot;\u0110an Dontell tella Veng 925 GUAYM C\u043b GUAY AVM G Guaymall\u00e9n&quot;\" \/><\/p>\n<p>&nbsp;<\/p>\n<p>&nbsp;<\/p>\n<h6>Donatella Borrini, Guaymall\u00e9n.<\/h6>\n<h3><span style=\"color: #000000;\">LAS HERAS<\/span><\/h3>\n<p><span style=\"color: #000000;\">El viernes 31 de enero, Las Heras vot\u00f3 por <span style=\"color: #003366;\"><strong>Alejandrina Funes Napoleta<\/strong><\/span>, representante de Capdeville, para ser coronada como Reina departamental. La joven de 23 a\u00f1os, quien es estudiante de la Licenciatura de Obstetricia, se impuso con 25 votos.<\/span><\/p>\n<p><a href=\"https:\/\/vinasfm.com\/noticias\/wp-content\/uploads\/2025\/02\/67b8f791f1c5a_738_1119-12.jpg\"><img loading=\"lazy\" decoding=\"async\" class=\"alignnone size-full wp-image-144601\" src=\"https:\/\/vinasfm.com\/noticias\/wp-content\/uploads\/2025\/02\/67b8f791f1c5a_738_1119-12.jpg\" alt=\"\" width=\"738\" height=\"927\" srcset=\"https:\/\/vinasfm.com\/noticias\/wp-content\/uploads\/2025\/02\/67b8f791f1c5a_738_1119-12.jpg 738w, https:\/\/vinasfm.com\/noticias\/wp-content\/uploads\/2025\/02\/67b8f791f1c5a_738_1119-12-239x300.jpg 239w\" sizes=\"auto, (max-width: 738px) 100vw, 738px\" \/><\/a><\/p>\n<h6>Alejandrina Funes, Las Heras.<\/h6>\n<h3><span style=\"color: #000000;\">LAVALLE<\/span><\/h3>\n<p><span style=\"color: #000000;\">En la fiesta <em>\u00abVendimia del Vino Joven\u00bb<\/em>, <span style=\"color: #003366;\"><strong>Victoria Herrera Damonte<\/strong><\/span> fue electa como la <strong>Reina Departamental de Lavalle<\/strong>. La representante de Jocol\u00ed Viejo reuni\u00f3 46 votos el pasado 18 de enero.<\/span><\/p>\n<p><a href=\"https:\/\/vinasfm.com\/noticias\/wp-content\/uploads\/2025\/02\/FB_IMG_1740396940038.jpg\"><img loading=\"lazy\" decoding=\"async\" class=\"alignnone size-full wp-image-144602\" src=\"https:\/\/vinasfm.com\/noticias\/wp-content\/uploads\/2025\/02\/FB_IMG_1740396940038.jpg\" alt=\"\" width=\"720\" height=\"898\" srcset=\"https:\/\/vinasfm.com\/noticias\/wp-content\/uploads\/2025\/02\/FB_IMG_1740396940038.jpg 720w, https:\/\/vinasfm.com\/noticias\/wp-content\/uploads\/2025\/02\/FB_IMG_1740396940038-241x300.jpg 241w\" sizes=\"auto, (max-width: 720px) 100vw, 720px\" \/><\/a><\/p>\n<h6>Victoria Herrera, Lavalle.<\/h6>\n<h3><span style=\"color: #000000;\">JUN\u00cdN<\/span><\/h3>\n<p><span style=\"color: #000000;\">En su fiesta departamental <em>\u00abEcos de Vendimia, m\u00e1s all\u00e1 de lo visible\u00bb<\/em>, Jun\u00edn eligi\u00f3 a <span style=\"color: #003366;\"><strong>Camila S\u00e1ez<\/strong><\/span> como su <strong>Reina Departamental.<\/strong> La joven de 20 a\u00f1os se alz\u00f3 con 26 votos en el Parque Recreativo Due\u00f1o del Sol.<\/span><\/p>\n<h6><a href=\"https:\/\/vinasfm.com\/noticias\/wp-content\/uploads\/2025\/02\/474072104_1024094313082518_5768394260441754605_n-696x696-1.jpg\"><img loading=\"lazy\" decoding=\"async\" class=\"alignnone wp-image-144699 size-full\" src=\"https:\/\/vinasfm.com\/noticias\/wp-content\/uploads\/2025\/02\/474072104_1024094313082518_5768394260441754605_n-696x696-1.jpg\" alt=\"\" width=\"696\" height=\"696\" srcset=\"https:\/\/vinasfm.com\/noticias\/wp-content\/uploads\/2025\/02\/474072104_1024094313082518_5768394260441754605_n-696x696-1.jpg 696w, https:\/\/vinasfm.com\/noticias\/wp-content\/uploads\/2025\/02\/474072104_1024094313082518_5768394260441754605_n-696x696-1-300x300.jpg 300w, https:\/\/vinasfm.com\/noticias\/wp-content\/uploads\/2025\/02\/474072104_1024094313082518_5768394260441754605_n-696x696-1-150x150.jpg 150w, https:\/\/vinasfm.com\/noticias\/wp-content\/uploads\/2025\/02\/474072104_1024094313082518_5768394260441754605_n-696x696-1-360x360.jpg 360w\" sizes=\"auto, (max-width: 696px) 100vw, 696px\" \/><\/a><\/h6>\n<h6>Camila S\u00e1ez, Jun\u00edn.<\/h6>\n<h3><span style=\"color: #000000;\">LA PAZ<\/span><\/h3>\n<p><span style=\"color: #000000;\">Al obtener 66 votos, <span style=\"color: #003366;\"><strong>Victoria Lucero<\/strong> <\/span>fue elegida como la nueva <strong>Reina Departamental de La Paz<\/strong>. Su fiesta se titul\u00f3 <em>\u00abVino de Diamantes\u00bb<\/em> y fue celebrada en el estadio Juan Domingo Per\u00f3n.<\/span><\/p>\n<p><img decoding=\"async\" src=\"https:\/\/www.minutoya.com\/files\/image\/191\/191390\/67a4bbb48cbb7.jpg\" alt=\"La Paz acompa\u00f1a a su reina Victoria Lucero rumbo a la Fiesta Nacional de la Vendimia 2025 - MinutoYA\" \/><\/p>\n<h6>Victoria Lucero, La Paz.<\/h6>\n<h3><span style=\"color: #000000;\">RIVADAVIA<\/span><\/h3>\n<p><span style=\"color: #000000;\">El \u00faltimo jueves de enero, <span style=\"color: #003366;\"><strong>Celeste Rocamora<\/strong><\/span> reuni\u00f3 37 votos y se consagr\u00f3 como la nueva <strong>Reina Departamental de Rivadavia<\/strong>. La joven de 24 a\u00f1os represent\u00f3 a La Reducci\u00f3n en la fiesta <em>\u00abRivadavia te enamora\u00bb.<\/em><\/span><\/p>\n<p><img decoding=\"async\" src=\"https:\/\/scontent.fmdz5-1.fna.fbcdn.net\/v\/t51.75761-15\/480372288_18390419134108309_2131984522317122569_n.jpg?stp=dst-jpg_p600x600_tt6&amp;_nc_cat=104&amp;ccb=1-7&amp;_nc_sid=127cfc&amp;_nc_eui2=AeGjur1qVo2jKhaUglDu0GOL22UpDpstnbDbZSkOmy2dsJI-EYYTwSJLELOtYOoQ9IAYb_vxgpbr_ztYRmYUriu3&amp;_nc_ohc=OUnYptagkykQ7kNvgHDo_xe&amp;_nc_oc=AdhH8bOj_l6Zw6IV41bU3ojtSR514FZY3gLiu1WyKAtbfa2cVu2t5yG4vYxPxhOQbYU&amp;_nc_zt=23&amp;_nc_ht=scontent.fmdz5-1.fna&amp;_nc_gid=AcXkR0B-5rbr8KKxNY531lM&amp;oh=00_AYAH2EIzTffUJlPD41iSZ_59p72SyhzQnn8j5zYwnj2I-Q&amp;oe=67BFB7EE\" alt=\"Puede ser una imagen de \u200e1 persona y \u200etexto que dice &quot;\u200eVendimia 2025 RIVADAVIA M C ............... \u06d4\u06d4\u06d4 DIAZ \uc815\uc911 OTO FOTO: Reina Reina Celeste\u200e&quot;\u200e\u200e\" \/><\/p>\n<p>Celeste Rocamora, Rivadavia.<\/p>\n<h3><span style=\"color: #000000;\">GENERAL ALVEAR<\/span><\/h3>\n<p><span style=\"color: #000000;\"><em>\u00abVendimia del Infinito\u00bb<\/em> rindi\u00f3 homenaje a las tradiciones mendocinas en un espect\u00e1culo que culmin\u00f3 con la coronaci\u00f3n de <span style=\"color: #003366;\"><strong>Sof\u00eda Perfumo<\/strong> <\/span>como la nueva <strong>Reina Departamental de General Alvear.<\/strong> La joven que represent\u00f3 al B\u00b0 San Carlos logr\u00f3 sumar 47 votos.\u00a0<\/span><\/p>\n<p><img decoding=\"async\" src=\"https:\/\/scontent.fmdz5-1.fna.fbcdn.net\/v\/t39.30808-6\/480359711_1169690968489787_8518511965714676390_n.jpg?_nc_cat=101&amp;ccb=1-7&amp;_nc_sid=833d8c&amp;_nc_eui2=AeF-Ly1TEr0WPx_xYRkiMrVq_n1KSM4X77b-fUpIzhfvtudKf2lnt52rgNLWPtTC_Gb0VZIOHeHDY91WaAmwKKB_&amp;_nc_ohc=mnxM12PVfGMQ7kNvgGY9Ouk&amp;_nc_oc=Adh7SYcbT_hBlFgoPVoqGqDe97VR9J2kg4UkmxeAZuJ7Df7-DsJdXoBm-Nw-lz0-IvA&amp;_nc_zt=23&amp;_nc_ht=scontent.fmdz5-1.fna&amp;_nc_gid=ARqIHzcen8FODz51nJyExza&amp;oh=00_AYCY8U5bzCzRiQVaXz2AH0C4nbt_GIpHO4HT6L-jWrPqjQ&amp;oe=67BFCEA3\" alt=\"Puede ser una imagen de \u200e1 persona y \u200etexto que dice &quot;\u200eSofia \u0647 General ALVEAR Tierra erradeOportunidades de Oportunidades Sof\u00eda Perfumo, Reina de aPartincninee la Vendimia de General Alvear 2025\u200e&quot;\u200e\u200e\" \/><\/p>\n<p>Sof\u00eda Perfumo, General Alvear<\/p>\n<h3><span style=\"color: #000000;\">SAN MART\u00cdN\u00a0<\/span><\/h3>\n<p><span style=\"color: #000000;\">En el teatro griego Juan Pablo II del Parque Agnesi se desarroll\u00f3 la fiesta <em>\u00abSue\u00f1o de un Tomero\u00bb<\/em>, en donde <span style=\"color: #003366;\"><strong>Jennifer G\u00f3mez<\/strong><\/span> fue coronada como la nueva <strong>Reina Departamental de San Mart\u00edn.<\/strong><\/span><\/p>\n<h6><img decoding=\"async\" src=\"https:\/\/scontent.fmdz4-1.fna.fbcdn.net\/v\/t39.30808-6\/477186357_1204026548390182_9124201469576228979_n.jpg?_nc_cat=105&amp;ccb=1-7&amp;_nc_sid=127cfc&amp;_nc_eui2=AeH4IoYCJQTaVdEzaFyElf8i-ko2vY57H6X6Sja9jnsfpbaiDhDJuu5rNPCF7SgefJKlt9JNnpWiKu9-xG1BUb0m&amp;_nc_ohc=QKo9XkvEBEoQ7kNvgHDeHga&amp;_nc_oc=AdgQF3oAI2BNIHQhc0-SYJk28AYze7meH1BtqtTyQftlUzj8kyWuq7OJIKJXV-_t_CU&amp;_nc_zt=23&amp;_nc_ht=scontent.fmdz4-1.fna&amp;_nc_gid=AL73UArEHH8Acvw8KicSHoq&amp;oh=00_AYBK9ADhgG1n51tqGePjltPeaHGzoe-f0RBpFuTD2IxJGg&amp;oe=67BFA317\" alt=\"Puede ser una imagen de 1 persona y texto que dice &quot;SAN ARTIN Jennifer 2025 SAN MARTIN MENDOIZA&quot;\" \/><\/h6>\n<h6>Jennifer G\u00f3mez, San Mart\u00edn.<\/h6>\n<h3><span style=\"color: #000000;\">LUJ\u00c1N DE CUYO<\/span><\/h3>\n<p><span style=\"color: #000000;\"><strong><span style=\"color: #003366;\">Yael Palazzo<\/span><\/strong>, quien represent\u00f3 a Mayor Drummond, fue electa como la <strong>Reina Departamental de Luj\u00e1n de Cuyo.\u00a0<\/strong><\/span><\/p>\n<p><img decoding=\"async\" src=\"https:\/\/scontent.fmdz5-1.fna.fbcdn.net\/v\/t39.30808-6\/480957325_1212317280894442_8919534853224511891_n.jpg?stp=dst-jpg_p600x600_tt6&amp;_nc_cat=110&amp;ccb=1-7&amp;_nc_sid=833d8c&amp;_nc_eui2=AeE1w_P59Rp-0dIHbSxT7EpEyvzZTcQonUHK_NlNxCidQRxkFVUxLA7nWhnHaFAS5HLVfxacqg3XfODVzUBNyH7k&amp;_nc_ohc=yxCVfWdZ3YsQ7kNvgHx6Thu&amp;_nc_oc=AdgcdGHi5Yn2P8Q9iX9jjGQCUiYFs-9JXe7i1-rnIxn8rdV4-jZZIfehGIfd8RnhyfM&amp;_nc_zt=23&amp;_nc_ht=scontent.fmdz5-1.fna&amp;_nc_gid=Ae_qFQtMtI9od5DORb54-Wt&amp;oh=00_AYBhPzWlb8kMplRe43eoOzu2G5IY6w3KuqCqNSvOWtUM0Q&amp;oe=67C4D513\" alt=\"Puede ser una imagen de 1 persona y texto\" \/><\/p>\n<h6>Yael Palazzo, Luj\u00e1n de Cuyo.<\/h6>\n<h3><span style=\"color: #000000;\">SAN CARLOS<\/span><\/h3>\n<p><span style=\"color: #000000;\">Los sancarlinos eligieron a<span style=\"color: #003366;\"> <strong>Luz Soria<\/strong><\/span> como la nueva <strong>Reina Departamental de San Carlos<\/strong>. La joven que represent\u00f3 a Villa de San Carlos fue coronada en la fiesta <em>\u00abPueblo que late y se hace Vendimia\u00bb.<\/em> En la Vendmia 2024, San Carlos coron\u00f3 a <span style=\"color: #003366;\"><strong>Roc\u00edo Neila<\/strong><\/span> quien posteriormente logr\u00f3 coronarse como la <strong>Virreina Nacional de la Vendimia.<\/strong><\/span><\/p>\n<p><img decoding=\"async\" src=\"https:\/\/scontent.fmdz4-1.fna.fbcdn.net\/v\/t39.30808-6\/480171977_1070835135061347_5078772926749081485_n.jpg?_nc_cat=107&amp;ccb=1-7&amp;_nc_sid=127cfc&amp;_nc_eui2=AeEJ6Fy9fLdUrfjxF4QBVcIUZW6F1NKgMhtlboXU0qAyG1_2EvDddpzkXM6JDr9Z7n0N938VSmlxFtZNxa-lZss0&amp;_nc_ohc=b489lsAmWMAQ7kNvgGcmbsl&amp;_nc_oc=AdhBPMZbXvC-n7V7rqxvcn72PJYCYTEaQQ-ry4pajhn_BljqeZY5z8nrzQfq5SokMiM&amp;_nc_zt=23&amp;_nc_ht=scontent.fmdz4-1.fna&amp;_nc_gid=AVQIgovp2B2Jiq_TIwGtbXb&amp;oh=00_AYBXEM2LSdxNClr9S2xJhASiLKw__r0v_Vo0J0ydw9-u5A&amp;oe=67BFC95B\" alt=\"Puede ser una imagen de 1 persona y texto que dice &quot;SAN CARLOS 2025 Luz \u1019\u103e\u1041 TH Reina Reina LP o U0 ARLOS&quot;\" \/><\/p>\n<h6>Luz Soria, San Carlos.<\/h6>\n<h3><span style=\"color: #000000;\">TUNUYAN<\/span><\/h3>\n<p><span style=\"color: #000000;\"><span style=\"color: #003366;\"><strong>Naomi Gim\u00e9nez<\/strong><\/span> se coron\u00f3 como la R<strong>eina Departamental de Tunuyan<\/strong> tras reunir 98 puntos en la fiesta<em> \u00abVendimia de Inspiraci\u00f3n\u00bb.<\/em><\/span><\/p>\n<p><img decoding=\"async\" src=\"https:\/\/scontent.fmdz5-1.fna.fbcdn.net\/v\/t39.30808-6\/480243575_1204026568390180_1846772212343460242_n.jpg?_nc_cat=106&amp;ccb=1-7&amp;_nc_sid=127cfc&amp;_nc_eui2=AeHKQfVeAm0XX2dMw2iTa5PktTDwKdD5k-S1MPAp0PmT5K7Qef8oOFktP5X_fIAig4JxEJBDIMAS4GaiOAIEaRVc&amp;_nc_ohc=vRnSpS_LdmUQ7kNvgEuPStu&amp;_nc_oc=Adg9UZ-mY5EFgZsWIzeZSn18e7QCk5w8IkT_DFv7XFwYUszX6UXaFNhse8yrzdz36Uk&amp;_nc_zt=23&amp;_nc_ht=scontent.fmdz5-1.fna&amp;_nc_gid=Ada1rPleOI8b8viaGgFe0gd&amp;oh=00_AYD09htG_6XtlAfJVFjdBM9_3WCz674cDltBzP3Y0spNhA&amp;oe=67BFA87A\" alt=\"Puede ser una imagen de 1 persona y texto que dice &quot;TUNUY\u00c1N TUNI Naomi aomi 2025 2025 Reina di ndimia TUNU CIUDAD ACUA AGUA YAN N&quot;\" \/><\/p>\n<h6>Naomi Gim\u00e9nez, Tunuyan.<\/h6>\n<h4><span style=\"color: #000000;\">MALARG\u00dcE<\/span><\/h4>\n<p><span style=\"color: #000000;\"><span style=\"color: #003366;\"><strong>Catalina Di Marco<\/strong><\/span>, quien represent\u00f3 a Ciudad, logr\u00f3 coronarse como la nueva <strong>Reina Departamental de Malarg\u00fce<\/strong> en la fiesta que se celebr\u00f3 bajo el lema <em>\u00abAmalgama: hilando el presente, tejiendo el futuro\u00bb.\u00a0<\/em><\/span><\/p>\n<p><img decoding=\"async\" src=\"https:\/\/scontent.fmdz5-1.fna.fbcdn.net\/v\/t39.30808-6\/479536359_1203811621745008_1003627889475880399_n.jpg?_nc_cat=103&amp;ccb=1-7&amp;_nc_sid=127cfc&amp;_nc_eui2=AeFskbJ1UiLaxVdyWUIGIpE1kE7LnxKoPI6QTsufEqg8jrSzJjJaatxF3nxu2KPEHwkEd_WE23kF_5XBRcmW8Scb&amp;_nc_ohc=5YHyYXZp0psQ7kNvgEFBh2B&amp;_nc_oc=Adgxa-cBhQTB7igm4mukMmjFcL1dl0t0nsNPlgk8uF3DRmBPMK4zSDhIJiaPbdjB-EI&amp;_nc_zt=23&amp;_nc_ht=scontent.fmdz5-1.fna&amp;_nc_gid=AOeQG2gyQf6EOmvgGn_KY2r&amp;oh=00_AYCJuqidbmLmRC0opoDpzUkwcCbtZK9bfy9WqUNPJnUDwg&amp;oe=67BFAE2D\" alt=\"Puede ser una imagen de 1 persona y texto que dice &quot;N lalarg\u00fce lalar argue Vendimia2025 2025 025 Vendin nia eliy Felix 9 Hugo Ph: nier Reina Calalina a&quot;\" \/><\/p>\n<h6>Catalinas Di Marco, Malarg\u00fce.<\/h6>\n<h3><span style=\"color: #000000;\">SAN RAFAEL<\/span><\/h3>\n<p><span style=\"color: #000000;\">Tras obtener 24 otos, la corona departamental de San Rafael fue para <span style=\"color: #003366;\"><strong>Sof\u00eda Zingaretti<\/strong><\/span>, representante de Las Paredes. La joven de 20 a\u00f1os fue coronada en la fiesta que se llam\u00f3 \u00ab<em>Vendimia de las Bodegas\u00bb.\u00a0<\/em><\/span><\/p>\n<p><img decoding=\"async\" src=\"https:\/\/scontent.fmdz4-1.fna.fbcdn.net\/v\/t51.75761-15\/474933503_18376479856189518_729184838010067139_n.jpg?_nc_cat=100&amp;ccb=1-7&amp;_nc_sid=127cfc&amp;_nc_eui2=AeFTi1D5NuCRsG_wu6dXIrFbcvmFTqOuVmJy-YVOo65WYgOI5t_8PgjlAJk2LKT79h3375u94NY2iXCzB5AbbIrT&amp;_nc_ohc=eFI5ob54tx4Q7kNvgHhRBX7&amp;_nc_oc=AdhVEoRwrZe_iCE20crryJ08gpAwWbwpodctxmphU9Bd3JHcHe2BFa8dJ7zTb37-gok&amp;_nc_zt=23&amp;_nc_ht=scontent.fmdz4-1.fna&amp;_nc_gid=A2T-0p4uY9Xu2fTUDEyt_hd&amp;oh=00_AYArYmxvbhO6D-VW-z5nWb-klULkSemOkgwXCj4MRo_ZEQ&amp;oe=67BFBD38\" alt=\"Puede ser una imagen de 1 persona y texto que dice &quot;SANRAFAEL SAN Vendimia Vendtimia20)5 2025 MAn N \uc790\ub9d0 L Sofia&quot;\" \/><\/p>\n<h6>Sofia Zingaretti, San Rafael.<\/h6>\n<h3><span style=\"color: #000000;\">CIUDAD<\/span><\/h3>\n<p><span style=\"color: #000000;\"><span style=\"color: #003366;\"><strong>Juliana Zalazar<\/strong><\/span> fue electa como la nueva <strong>Reina Departamental de Ciudad<\/strong>, tras reunir 32 votos. La joven de 26 a\u00f1os represent\u00f3 al Club Regatas, lugar que en la Vendimia 2024 fue representado por <span style=\"color: #003366;\"><strong>Agostina Saua<\/strong><\/span>; actual <strong>Reina Nacional de la Vendimia.<\/strong><\/span><\/p>\n<p><img decoding=\"async\" src=\"https:\/\/scontent.fmdz5-1.fna.fbcdn.net\/v\/t39.30808-6\/480775716_3862734147374516_404816538269547440_n.jpg?_nc_cat=104&amp;ccb=1-7&amp;_nc_sid=6ee11a&amp;_nc_eui2=AeGsHk_qVPfpr6roOWFU1uKYy-8pEK8ocHfL7ykQryhwdykuACZXYnUuxQ5G5imwON3b1oJTGNrgk-_la7LfynEj&amp;_nc_ohc=ZJd5kfgDXmwQ7kNvgFgD43y&amp;_nc_oc=AdirfdRtbBV7ONJsfStUn3gKiQfbEWUKD7xjWzMdqsFlrnPsOQ_9vac3EDA2mGGEs0s&amp;_nc_zt=23&amp;_nc_ht=scontent.fmdz5-1.fna&amp;_nc_gid=APVk0lXnXyvRb2i0a-dqPns&amp;oh=00_AYBH_CMoATv9ISaPiy6tHXksRlmvz6Y1PaUlWivmGFj3wQ&amp;oe=67C4BE58\" alt=\"Puede ser una imagen de 1 persona\" \/><\/p>\n<h6>Juliana Zalazar, Ciudad.<\/h6>\n<h3><span style=\"color: #000000;\">SANTA ROSA<\/span><\/h3>\n<p><span style=\"color: #000000;\">El pasado 14 de febrero, <span style=\"color: #003366;\"><strong>Magal\u00ed Yasm\u00edn Cola<\/strong><\/span> fue coronada como la nueva <strong>Reina Departamental de Santa Rosa<\/strong>, en la fiesta <em>\u00abPostales de mi pueblo\u00bb.\u00a0<\/em><\/span><\/p>\n<p><a href=\"https:\/\/vinasfm.com\/noticias\/wp-content\/uploads\/2025\/02\/@santarosamendozamunicipio-vendimia-mendoza-santarosa-reinas-vendimia2025.jpg\"><img loading=\"lazy\" decoding=\"async\" class=\"alignnone wp-image-144596 size-large\" src=\"https:\/\/vinasfm.com\/noticias\/wp-content\/uploads\/2025\/02\/@santarosamendozamunicipio-vendimia-mendoza-santarosa-reinas-vendimia2025-977x1024.jpg\" alt=\"\" width=\"977\" height=\"1024\" srcset=\"https:\/\/vinasfm.com\/noticias\/wp-content\/uploads\/2025\/02\/@santarosamendozamunicipio-vendimia-mendoza-santarosa-reinas-vendimia2025-977x1024.jpg 977w, https:\/\/vinasfm.com\/noticias\/wp-content\/uploads\/2025\/02\/@santarosamendozamunicipio-vendimia-mendoza-santarosa-reinas-vendimia2025-286x300.jpg 286w, https:\/\/vinasfm.com\/noticias\/wp-content\/uploads\/2025\/02\/@santarosamendozamunicipio-vendimia-mendoza-santarosa-reinas-vendimia2025-768x805.jpg 768w, https:\/\/vinasfm.com\/noticias\/wp-content\/uploads\/2025\/02\/@santarosamendozamunicipio-vendimia-mendoza-santarosa-reinas-vendimia2025.jpg 1080w\" sizes=\"auto, (max-width: 977px) 100vw, 977px\" \/><\/a><\/p>\n<h6>Magal\u00ed Yasm\u00edn Cola, Santa Rosa.<\/h6>\n<h3><span style=\"color: #000000;\">MAIP\u00da<\/span><\/h3>\n<p><span style=\"color: #000000;\">El s\u00e1bado 15 de febrero, Maip\u00fa coron\u00f3 a <span style=\"color: #003366;\"><strong>Trinidad Guidarelli<\/strong><\/span> como su <strong>Reina Departamental<\/strong> en la fiesta <em>\u00abVendimia que crece\u00bb.\u00a0<\/em><\/span><\/p>\n<p><a href=\"https:\/\/vinasfm.com\/noticias\/wp-content\/uploads\/2025\/02\/@triniguidarelli_-REINA-DE-LA-VENDIMIA-DE-@maipumunicipio.jpg\"><img loading=\"lazy\" decoding=\"async\" class=\"alignnone size-large wp-image-144598\" src=\"https:\/\/vinasfm.com\/noticias\/wp-content\/uploads\/2025\/02\/@triniguidarelli_-REINA-DE-LA-VENDIMIA-DE-@maipumunicipio-1024x1002.jpg\" alt=\"\" width=\"1024\" height=\"1002\" srcset=\"https:\/\/vinasfm.com\/noticias\/wp-content\/uploads\/2025\/02\/@triniguidarelli_-REINA-DE-LA-VENDIMIA-DE-@maipumunicipio-1024x1002.jpg 1024w, https:\/\/vinasfm.com\/noticias\/wp-content\/uploads\/2025\/02\/@triniguidarelli_-REINA-DE-LA-VENDIMIA-DE-@maipumunicipio-300x294.jpg 300w, https:\/\/vinasfm.com\/noticias\/wp-content\/uploads\/2025\/02\/@triniguidarelli_-REINA-DE-LA-VENDIMIA-DE-@maipumunicipio-768x752.jpg 768w, https:\/\/vinasfm.com\/noticias\/wp-content\/uploads\/2025\/02\/@triniguidarelli_-REINA-DE-LA-VENDIMIA-DE-@maipumunicipio.jpg 1080w\" sizes=\"auto, (max-width: 1024px) 100vw, 1024px\" \/><\/a><\/p>\n<h6>Trinidad Guidarelli, Maipu.<\/h6>\n<h3><span style=\"color: #000000;\">TUPUNGATO<\/span><\/h3>\n<p><span style=\"color: #000000;\">Tras una ajustada elecci\u00f3n y por una diferencia de 2 votos, <span style=\"color: #003366;\"><strong>Julieta Renzi<\/strong><\/span> fue coronada como la actual <strong>Reina Departamental Tupungato.<\/strong> La joven representante de El Peral fue electa en la fiesta <em>\u00abBit\u00e1cora de un Sue\u00f1o\u00bb.<\/em><\/span><\/p>\n<p><img decoding=\"async\" src=\"https:\/\/scontent.fmdz4-1.fna.fbcdn.net\/v\/t39.30808-6\/480752548_1048395917316135_3450039979206191972_n.jpg?stp=dst-jpg_p600x600_tt6&amp;_nc_cat=109&amp;ccb=1-7&amp;_nc_sid=127cfc&amp;_nc_eui2=AeEN5RO0FC0s6phqE8AUMqxU9-oeqylyMHD36h6rKXIwcCuIRydPWO3tF8LhCO1zhyLgqBJ2Kh6jawqOEHUgpAN9&amp;_nc_ohc=EM-StJbxE-wQ7kNvgFfQ3rk&amp;_nc_oc=Adg3MpLAMnEzH87zjwVIsxFSF9dbmFMkw4bTZ5ovbIjflRCUusBJreGSFTtqwwdOMEc&amp;_nc_zt=23&amp;_nc_ht=scontent.fmdz4-1.fna&amp;_nc_gid=AK5bfeq6jj4GcgrFKzQXAjG&amp;oh=00_AYD88IVJVo-XJin_ZRBchdX7kqQKf87kAf4ycZlvtFEYgg&amp;oe=67BFC97A\" alt=\"Puede ser una imagen de 1 persona y texto que dice &quot;Julieta r\u0438p\u03b9 lupuingato \u0e2a \uc758 CTUPUNG REINA TUPING TUPUNG&quot;\" \/><\/p>\n<h6>Julieta Renzi, Tupungato.<\/h6>\n<h3><span style=\"color: #000000;\">GODOY CRUZ<\/span><\/h3>\n<p><span style=\"color: #000000;\"><b>Godoy Cruz<\/b> eligi\u00f3 este martes a su nueva <em>Reina Departamental de la Vendimia<\/em> y, tras el voto de m\u00e1s de cuatro mil personas, fue elegida <span style=\"color: #003366;\"><b>Olivia Chretien<\/b><\/span> como soberana. La joven de 21 a\u00f1os, es estudiante de la Licenciatura en Psicolog\u00eda y represent\u00f3 al distrito Centro.<\/span><\/p>\n<p><a href=\"https:\/\/vinasfm.com\/noticias\/wp-content\/uploads\/2025\/02\/olivia-chretien-reina-la-vendimia-godoy-cruz-2025jpeg.webp\"><img loading=\"lazy\" decoding=\"async\" class=\"alignnone wp-image-144700 size-full\" src=\"https:\/\/vinasfm.com\/noticias\/wp-content\/uploads\/2025\/02\/olivia-chretien-reina-la-vendimia-godoy-cruz-2025jpeg.webp\" alt=\"\" width=\"790\" height=\"526\" srcset=\"https:\/\/vinasfm.com\/noticias\/wp-content\/uploads\/2025\/02\/olivia-chretien-reina-la-vendimia-godoy-cruz-2025jpeg.webp 790w, https:\/\/vinasfm.com\/noticias\/wp-content\/uploads\/2025\/02\/olivia-chretien-reina-la-vendimia-godoy-cruz-2025jpeg-300x200.webp 300w, https:\/\/vinasfm.com\/noticias\/wp-content\/uploads\/2025\/02\/olivia-chretien-reina-la-vendimia-godoy-cruz-2025jpeg-768x511.webp 768w\" sizes=\"auto, (max-width: 790px) 100vw, 790px\" \/><\/a><\/p>\n<p>&nbsp;<\/p>\n<p>&nbsp;<\/p>\n<p>&nbsp;<\/p>\n<h6>Olivia Chretien, Godoy Cruz.<\/h6>\n","protected":false},"excerpt":{"rendered":"<p>El pr\u00f3ximo 8 de marzo, Mendoza celebra la Fiesta Nacional de la Vendimia, donde coronar\u00e1 a las nuevas Reina y Virreina &#8230;<\/p>\n","protected":false},"author":7,"featured_media":144580,"comment_status":"open","ping_status":"open","sticky":false,"template":"","format":"standard","meta":{"footnotes":""},"categories":[5,25],"tags":[],"class_list":["post-144339","post","type-post","status-publish","format-standard","has-post-thumbnail","hentry","category-actualidad","category-vendimia"],"_links":{"self":[{"href":"https:\/\/vinasfm.com\/noticias\/wp-json\/wp\/v2\/posts\/144339","targetHints":{"allow":["GET"]}}],"collection":[{"href":"https:\/\/vinasfm.com\/noticias\/wp-json\/wp\/v2\/posts"}],"about":[{"href":"https:\/\/vinasfm.com\/noticias\/wp-json\/wp\/v2\/types\/post"}],"author":[{"embeddable":true,"href":"https:\/\/vinasfm.com\/noticias\/wp-json\/wp\/v2\/users\/7"}],"replies":[{"embeddable":true,"href":"https:\/\/vinasfm.com\/noticias\/wp-json\/wp\/v2\/comments?post=144339"}],"version-history":[{"count":5,"href":"https:\/\/vinasfm.com\/noticias\/wp-json\/wp\/v2\/posts\/144339\/revisions"}],"predecessor-version":[{"id":144701,"href":"https:\/\/vinasfm.com\/noticias\/wp-json\/wp\/v2\/posts\/144339\/revisions\/144701"}],"wp:featuredmedia":[{"embeddable":true,"href":"https:\/\/vinasfm.com\/noticias\/wp-json\/wp\/v2\/media\/144580"}],"wp:attachment":[{"href":"https:\/\/vinasfm.com\/noticias\/wp-json\/wp\/v2\/media?parent=144339"}],"wp:term":[{"taxonomy":"category","embeddable":true,"href":"https:\/\/vinasfm.com\/noticias\/wp-json\/wp\/v2\/categories?post=144339"},{"taxonomy":"post_tag","embeddable":true,"href":"https:\/\/vinasfm.com\/noticias\/wp-json\/wp\/v2\/tags?post=144339"}],"curies":[{"name":"wp","href":"https:\/\/api.w.org\/{rel}","templated":true}]}}