{"id":144318,"date":"2025-02-17T08:30:33","date_gmt":"2025-02-17T11:30:33","guid":{"rendered":"https:\/\/vinasfm.com\/noticias\/?p=144318"},"modified":"2025-02-17T08:30:33","modified_gmt":"2025-02-17T11:30:33","slug":"la-49a-edicion-de-la-vuelta-ciclista-mendoza-comenzo-con-la-presentacion-oficial-en-la-casa-de-gobierno","status":"publish","type":"post","link":"https:\/\/vinasfm.com\/noticias\/la-49a-edicion-de-la-vuelta-ciclista-mendoza-comenzo-con-la-presentacion-oficial-en-la-casa-de-gobierno\/","title":{"rendered":"LA 49\u00aa EDICI\u00d3N DE LA VUELTA CICLISTA MENDOZA COMENZ\u00d3 CON LA PRESENTACI\u00d3N OFICIAL EN LA CASA DE GOBIERNO"},"content":{"rendered":"<h4><span style=\"color: #000000;\">En la tarde del sabado, la Casa de Gobierno de Mendoza fue el escenario de la tradicional presentaci\u00f3n de equipos y el pr\u00f3logo clasificatorio de la 49\u00aa edici\u00f3n de la Vuelta Ciclista Mendoza. A partir de las 18, ciclistas nacionales e internacionales, provenientes de distintos puntos de Argentina, Chile y Bolivia, se dieron cita para iniciar lo que promete ser una de las ediciones m\u00e1s emocionantes y exigentes de la competencia.<\/span><\/h4>\n<p><span style=\"color: #000000;\"><span style=\"color: #003366;\"><strong>Mauricio Ginestar<\/strong><\/span>, <em>director de Deporte Federado y Alto Rendimiento<\/em>, particip\u00f3 activamente en la presentaci\u00f3n, destacando la importancia de esta competencia para el desarrollo del ciclismo en Mendoza y en Argentina. <em><strong>\u201cLa Vuelta Ciclista de Mendoza es una de las pruebas m\u00e1s emblem\u00e1ticas del calendario nacional, no solo por su dificultad sino tambi\u00e9n por el nivel de los ciclistas que atrae cada a\u00f1o. Esta edici\u00f3n ser\u00e1 especial, ya que no solo tendremos representantes nacionales sino tambi\u00e9n internacionales, lo que eleva a\u00fan m\u00e1s el prestigio de nuestra competencia\u201d,<\/strong><\/em> se\u00f1al\u00f3 Ginestar.<\/span><\/p>\n<p><span style=\"color: #000000;\"><strong>La Vuelta Ciclista de Mendoza se desarrollar\u00e1 hasta el domingo 23 de febrero.<\/strong> Recorrer\u00e1 durante ocho d\u00edas los paisajes m\u00e1s deslumbrantes de la provincia, incluyendo etapas desafiantes que van desde San Rafael hasta Uspallata. <strong>Una de las grandes atracciones de esta edici\u00f3n ser\u00e1 la\u00a0<em>etapa reina<\/em>, que se llevar\u00e1 a cabo el s\u00e1bado 22 de febrero y llevar\u00e1 a los ciclistas a enfrentar los 92 kil\u00f3metros entre Uspallata y la cima del Cristo Redentor, a m\u00e1s de 3.800 metros sobre el nivel del mar.<\/strong><\/span><\/p>\n<p><span style=\"color: #000000;\"><span style=\"color: #003366;\"><strong>Fernando Lanzone<\/strong><\/span>,<em> representante de la Asociaci\u00f3n Ciclista Mendocina<\/em>, destac\u00f3 el car\u00e1cter hist\u00f3rico de la Vuelta Ciclista de Mendoza. <em><strong>\u201cEste evento es una verdadera celebraci\u00f3n del ciclismo mendocino y nacional, una competencia que ha sido testigo de grandes logros y gestas que perduran en la memoria colectiva del deporte argentino\u201d<\/strong><\/em>, expres\u00f3 Lanzone.<\/span><\/p>\n<p><span style=\"color: #000000;\">Con un recorrido desafiante y paisajes impactantes, la 49\u00aa edici\u00f3n de la Vuelta Ciclista Mendoza promete ser una experiencia inolvidable tanto para los participantes como para los miles de seguidores que se acercar\u00e1n a disfrutar de la competencia.<\/span><\/p>\n<p><img decoding=\"async\" src=\"https:\/\/www.mendoza.gov.ar\/wp-content\/uploads\/sites\/5\/2025\/02\/DAN_4396-700x467.jpg\" \/><\/p>\n<h2><span style=\"color: #000000;\">SEGUNDA ETAPA<\/span><\/h2>\n<h3><span style=\"color: #000000;\">Lunes 17 de febrero: 14:00 horas<\/span><\/h3>\n<ul>\n<li><span style=\"color: #000000;\">San Rafael &#8211; General Alvear &#8211; San Rafael<\/span><\/li>\n<li><span style=\"color: #000000;\">Recorrido: 142,8 km<\/span><\/li>\n<\/ul>\n<p><span style=\"color: #000000;\">Largada desde la plaza de Villa Atuel por calle Juan Agust\u00edn Maza para incorporarse a la avenida diagonal Manuel Belgrano, desde ah\u00ed se gira a la derecha para tomar RN143 con rumbo a General Alvear, se llega al monolito de General Alvear y se transita un circuito en cinco (5) oportunidades por la Av. Libertador Sur hasta calle Santa Fe y retorno hasta el monolito, neutralizaci\u00f3n.\u00a0 Al reiniciar la competencia desde el monolito nuevamente por RN143 con rumbo Norte hacia San Rafael se pasa nuevamente por la localidad de Villa Atuel, luego pasan por Salto de las Rosas y se contin\u00faa por ruta nacional por se contin\u00faa por RP165 hasta conectar con la RN146 para girar a la izquierda rumbo a San Rafael a la Av. Bartolom\u00e9 Mitre y finalizar Fas Electricidad.<\/span><\/p>\n<p><span style=\"color: #000000;\"><strong>Recorrido total: 142,80 km<\/strong><\/span><\/p>\n<ul>\n<li><span style=\"color: #000000;\"><strong>Primera meta sprint: km 57,15<\/strong><\/span><\/li>\n<li><span style=\"color: #000000;\"><strong>Segunda meta sprint: km 123,13 Salto de Las Rosas<\/strong><\/span><\/li>\n<\/ul>\n<p>&nbsp;<\/p>\n","protected":false},"excerpt":{"rendered":"<p>En la tarde del sabado, la Casa de Gobierno de Mendoza fue el escenario de la tradicional presentaci\u00f3n de equipos y &#8230;<\/p>\n","protected":false},"author":7,"featured_media":144319,"comment_status":"open","ping_status":"open","sticky":false,"template":"","format":"standard","meta":{"footnotes":""},"categories":[1],"tags":[],"class_list":["post-144318","post","type-post","status-publish","format-standard","has-post-thumbnail","hentry","category-fmvinas"],"_links":{"self":[{"href":"https:\/\/vinasfm.com\/noticias\/wp-json\/wp\/v2\/posts\/144318","targetHints":{"allow":["GET"]}}],"collection":[{"href":"https:\/\/vinasfm.com\/noticias\/wp-json\/wp\/v2\/posts"}],"about":[{"href":"https:\/\/vinasfm.com\/noticias\/wp-json\/wp\/v2\/types\/post"}],"author":[{"embeddable":true,"href":"https:\/\/vinasfm.com\/noticias\/wp-json\/wp\/v2\/users\/7"}],"replies":[{"embeddable":true,"href":"https:\/\/vinasfm.com\/noticias\/wp-json\/wp\/v2\/comments?post=144318"}],"version-history":[{"count":3,"href":"https:\/\/vinasfm.com\/noticias\/wp-json\/wp\/v2\/posts\/144318\/revisions"}],"predecessor-version":[{"id":144322,"href":"https:\/\/vinasfm.com\/noticias\/wp-json\/wp\/v2\/posts\/144318\/revisions\/144322"}],"wp:featuredmedia":[{"embeddable":true,"href":"https:\/\/vinasfm.com\/noticias\/wp-json\/wp\/v2\/media\/144319"}],"wp:attachment":[{"href":"https:\/\/vinasfm.com\/noticias\/wp-json\/wp\/v2\/media?parent=144318"}],"wp:term":[{"taxonomy":"category","embeddable":true,"href":"https:\/\/vinasfm.com\/noticias\/wp-json\/wp\/v2\/categories?post=144318"},{"taxonomy":"post_tag","embeddable":true,"href":"https:\/\/vinasfm.com\/noticias\/wp-json\/wp\/v2\/tags?post=144318"}],"curies":[{"name":"wp","href":"https:\/\/api.w.org\/{rel}","templated":true}]}}