{"id":144311,"date":"2025-02-16T20:23:54","date_gmt":"2025-02-16T23:23:54","guid":{"rendered":"https:\/\/vinasfm.com\/noticias\/?p=144311"},"modified":"2025-02-18T10:02:37","modified_gmt":"2025-02-18T13:02:37","slug":"debido-al-mal-estado-de-la-ruta-151-un-hombre-sufrio-un-vuelco-y-murio","status":"publish","type":"post","link":"https:\/\/vinasfm.com\/noticias\/debido-al-mal-estado-de-la-ruta-151-un-hombre-sufrio-un-vuelco-y-murio\/","title":{"rendered":"DEBIDO AL MAL ESTADO DE LA RUTA 151, UN HOMBRE SUFRI\u00d3 UN VUELCO Y MURI\u00d3"},"content":{"rendered":"<h4>Un hombre perdi\u00f3 la vida este domingo por la tarde tras el vuelco de un autom\u00f3vil en un tramo defectuoso de la Ruta Nacional 151, a la altura del kil\u00f3metro 268, en cercan\u00edas de Algarrobo del \u00c1guila. La v\u00edctima viajaba como acompa\u00f1ante y falleci\u00f3 en el lugar, mientras que la conductora, su pareja, fue rescatada en estado de shock.<\/h4>\n<p>El accidente ocurri\u00f3 alrededor de las 13 horas, a unos 60 kil\u00f3metros de Algarrobo del \u00c1guila. Seg\u00fan confirm\u00f3 el <em>jefe de la Departamental Santa Isabel<\/em>, <span style=\"color: #003366;\"><strong>Omar Sabaidini<\/strong><\/span>, la <strong>mujer fue evacuada por los equipos de emergencia y trasladada para su atenci\u00f3n m\u00e9dica, mientras que el hombre fue hallado sin signos vitales dentro del Fiat Uno.<\/strong><\/p>\n<p><strong><em>\u201cSe trata de un matrimonio mayor de edad que viajaba desde Neuqu\u00e9n con destino a San Rafael, Mendoza. No hubo otros veh\u00edculos involucrados en el siniestro. En el tramo, la cinta asf\u00e1ltica se encuentra deteriorada con banquinas descalzadas\u201d<\/em><\/strong>, confirm\u00f3 Sabaidini.<\/p>\n<p><em><strong>\u201cEn el lugar trabajaron efectivos policiales del destacamento de Algarrobo del \u00c1guila, Bomberos Voluntarios del cuartel N\u00b0 37 y personal DE Salud de la Posta Sanitaria de Algarrobo.<\/strong> <\/em> Tambi\u00e9n intervino personal la Comisar\u00eda Departamental de Santa Isabel Y Destacamento Algarrobo.<\/p>\n<p>Se iniciaron actuaciones por homicidio culposo en accidente de tr\u00e1nsito e interviene el Ministerio P\u00fablico Fiscal de la IV Circunscripci\u00f3n Judicial. Durante las pericias, uno de los carriles de la ruta permaneci\u00f3 cortado.<\/p>\n","protected":false},"excerpt":{"rendered":"<p>Un hombre perdi\u00f3 la vida este domingo por la tarde tras el vuelco de un autom\u00f3vil en un tramo defectuoso de &#8230;<\/p>\n","protected":false},"author":7,"featured_media":144312,"comment_status":"open","ping_status":"open","sticky":false,"template":"","format":"standard","meta":{"footnotes":""},"categories":[4,184],"tags":[],"class_list":["post-144311","post","type-post","status-publish","format-standard","has-post-thumbnail","hentry","category-policiales","category-siniestro-vial"],"_links":{"self":[{"href":"https:\/\/vinasfm.com\/noticias\/wp-json\/wp\/v2\/posts\/144311","targetHints":{"allow":["GET"]}}],"collection":[{"href":"https:\/\/vinasfm.com\/noticias\/wp-json\/wp\/v2\/posts"}],"about":[{"href":"https:\/\/vinasfm.com\/noticias\/wp-json\/wp\/v2\/types\/post"}],"author":[{"embeddable":true,"href":"https:\/\/vinasfm.com\/noticias\/wp-json\/wp\/v2\/users\/7"}],"replies":[{"embeddable":true,"href":"https:\/\/vinasfm.com\/noticias\/wp-json\/wp\/v2\/comments?post=144311"}],"version-history":[{"count":1,"href":"https:\/\/vinasfm.com\/noticias\/wp-json\/wp\/v2\/posts\/144311\/revisions"}],"predecessor-version":[{"id":144313,"href":"https:\/\/vinasfm.com\/noticias\/wp-json\/wp\/v2\/posts\/144311\/revisions\/144313"}],"wp:featuredmedia":[{"embeddable":true,"href":"https:\/\/vinasfm.com\/noticias\/wp-json\/wp\/v2\/media\/144312"}],"wp:attachment":[{"href":"https:\/\/vinasfm.com\/noticias\/wp-json\/wp\/v2\/media?parent=144311"}],"wp:term":[{"taxonomy":"category","embeddable":true,"href":"https:\/\/vinasfm.com\/noticias\/wp-json\/wp\/v2\/categories?post=144311"},{"taxonomy":"post_tag","embeddable":true,"href":"https:\/\/vinasfm.com\/noticias\/wp-json\/wp\/v2\/tags?post=144311"}],"curies":[{"name":"wp","href":"https:\/\/api.w.org\/{rel}","templated":true}]}}