{"id":144304,"date":"2025-02-16T19:42:56","date_gmt":"2025-02-16T22:42:56","guid":{"rendered":"https:\/\/vinasfm.com\/noticias\/?p=144304"},"modified":"2025-02-17T10:28:30","modified_gmt":"2025-02-17T13:28:30","slug":"san-pedro-del-atuel-celebro-sus-112-anos-de-historia","status":"publish","type":"post","link":"https:\/\/vinasfm.com\/noticias\/san-pedro-del-atuel-celebro-sus-112-anos-de-historia\/","title":{"rendered":"SAN PEDRO DEL ATUEL CELEBR\u00d3 SUS 112 A\u00d1OS DE HISTORIA"},"content":{"rendered":"<h4>Un evento que reuni\u00f3 a la comunidad en un ambiente festivo. Las actividades comenzaron en horas de la tarde con emocionantes eventos ecuestres que destacaron la cultura y tradiciones del pueblo.<\/h4>\n<p>El <strong><span style=\"color: #003366;\">Intendente Alejandro Molero<\/span><\/strong> estuvo presente en la celebraci\u00f3n, brindando un saludo afectuoso a todos los habitantes de San Pedro del Atuel. En su discurso, <strong>destac\u00f3 el esfuerzo y la resiliencia de la comunidad, reafirmando su compromiso de trabajar por el bienestar y las oportunidades para todos los habitantes<\/strong>, especialmente para los j\u00f3venes, ni\u00f1os y adultos mayores.<\/p>\n<p><a href=\"https:\/\/vinasfm.com\/noticias\/wp-content\/uploads\/2025\/02\/IMG-20250216-WA0021.jpg\"><img loading=\"lazy\" decoding=\"async\" class=\"alignnone size-medium wp-image-144306\" src=\"https:\/\/vinasfm.com\/noticias\/wp-content\/uploads\/2025\/02\/IMG-20250216-WA0021-300x200.jpg\" alt=\"\" width=\"300\" height=\"200\" srcset=\"https:\/\/vinasfm.com\/noticias\/wp-content\/uploads\/2025\/02\/IMG-20250216-WA0021-300x200.jpg 300w, https:\/\/vinasfm.com\/noticias\/wp-content\/uploads\/2025\/02\/IMG-20250216-WA0021-1024x682.jpg 1024w, https:\/\/vinasfm.com\/noticias\/wp-content\/uploads\/2025\/02\/IMG-20250216-WA0021-768x512.jpg 768w, https:\/\/vinasfm.com\/noticias\/wp-content\/uploads\/2025\/02\/IMG-20250216-WA0021-1536x1023.jpg 1536w, https:\/\/vinasfm.com\/noticias\/wp-content\/uploads\/2025\/02\/IMG-20250216-WA0021.jpg 1600w\" sizes=\"auto, (max-width: 300px) 100vw, 300px\" \/><\/a><\/p>\n<p><a href=\"https:\/\/vinasfm.com\/noticias\/wp-content\/uploads\/2025\/02\/IMG-20250216-WA0030.jpg\"><img loading=\"lazy\" decoding=\"async\" class=\"alignnone size-medium wp-image-144307\" src=\"https:\/\/vinasfm.com\/noticias\/wp-content\/uploads\/2025\/02\/IMG-20250216-WA0030-300x200.jpg\" alt=\"\" width=\"300\" height=\"200\" srcset=\"https:\/\/vinasfm.com\/noticias\/wp-content\/uploads\/2025\/02\/IMG-20250216-WA0030-300x200.jpg 300w, https:\/\/vinasfm.com\/noticias\/wp-content\/uploads\/2025\/02\/IMG-20250216-WA0030-1024x682.jpg 1024w, https:\/\/vinasfm.com\/noticias\/wp-content\/uploads\/2025\/02\/IMG-20250216-WA0030-768x512.jpg 768w, https:\/\/vinasfm.com\/noticias\/wp-content\/uploads\/2025\/02\/IMG-20250216-WA0030-1536x1023.jpg 1536w, https:\/\/vinasfm.com\/noticias\/wp-content\/uploads\/2025\/02\/IMG-20250216-WA0030.jpg 1600w\" sizes=\"auto, (max-width: 300px) 100vw, 300px\" \/><\/a><\/p>\n<p><em><strong>\u201cEs el pueblo labriego, esforzado, resiliente, con esperanzas, pero fundamentalmente con sue\u00f1os de progreso, de crecimiento y desarrollo. Estamos trabajando muy fuerte para devolverle a San Pedro del Atuel, a nuestro querido Carmensa, las oportunidades\u2026para nuestros j\u00f3venes, para nuestros ni\u00f1os y por qu\u00e9 no tambi\u00e9n para nuestros adultos mayores\u201d<\/strong><\/em>, expres\u00f3 el intendente Molero.<\/p>\n<p>A pesar de la suspensi\u00f3n del espect\u00e1culo art\u00edstico, <strong>la celebraci\u00f3n fue un momento significativo para recordar la historia y los logros de San Pedro del Atuel.<\/strong> La comunidad se uni\u00f3 en un ambiente de camarader\u00eda y esperanza, reafirmando su compromiso con el desarrollo local.<\/p>\n<p><a href=\"https:\/\/vinasfm.com\/noticias\/wp-content\/uploads\/2025\/02\/IMG-20250216-WA0009.jpg\"><img loading=\"lazy\" decoding=\"async\" class=\"alignnone size-medium wp-image-144305\" src=\"https:\/\/vinasfm.com\/noticias\/wp-content\/uploads\/2025\/02\/IMG-20250216-WA0009-300x200.jpg\" alt=\"\" width=\"300\" height=\"200\" srcset=\"https:\/\/vinasfm.com\/noticias\/wp-content\/uploads\/2025\/02\/IMG-20250216-WA0009-300x200.jpg 300w, https:\/\/vinasfm.com\/noticias\/wp-content\/uploads\/2025\/02\/IMG-20250216-WA0009-1024x682.jpg 1024w, https:\/\/vinasfm.com\/noticias\/wp-content\/uploads\/2025\/02\/IMG-20250216-WA0009-768x512.jpg 768w, https:\/\/vinasfm.com\/noticias\/wp-content\/uploads\/2025\/02\/IMG-20250216-WA0009-1536x1023.jpg 1536w, https:\/\/vinasfm.com\/noticias\/wp-content\/uploads\/2025\/02\/IMG-20250216-WA0009.jpg 1600w\" sizes=\"auto, (max-width: 300px) 100vw, 300px\" \/><\/a><a href=\"https:\/\/vinasfm.com\/noticias\/wp-content\/uploads\/2025\/02\/IMG-20250216-WA0027.jpg\"><img loading=\"lazy\" decoding=\"async\" class=\"alignnone size-medium wp-image-144308\" src=\"https:\/\/vinasfm.com\/noticias\/wp-content\/uploads\/2025\/02\/IMG-20250216-WA0027-300x200.jpg\" alt=\"\" width=\"300\" height=\"200\" srcset=\"https:\/\/vinasfm.com\/noticias\/wp-content\/uploads\/2025\/02\/IMG-20250216-WA0027-300x200.jpg 300w, https:\/\/vinasfm.com\/noticias\/wp-content\/uploads\/2025\/02\/IMG-20250216-WA0027-1024x682.jpg 1024w, https:\/\/vinasfm.com\/noticias\/wp-content\/uploads\/2025\/02\/IMG-20250216-WA0027-768x512.jpg 768w, https:\/\/vinasfm.com\/noticias\/wp-content\/uploads\/2025\/02\/IMG-20250216-WA0027-1536x1023.jpg 1536w, https:\/\/vinasfm.com\/noticias\/wp-content\/uploads\/2025\/02\/IMG-20250216-WA0027.jpg 1600w\" sizes=\"auto, (max-width: 300px) 100vw, 300px\" \/><\/a><\/p>\n<p><strong>El aniversario no solo sirvi\u00f3 para celebrar los 112 a\u00f1os de historia del pueblo, sino que tambi\u00e9n fue una oportunidad para mirar hacia el futuro con optimismo.<\/strong> El ejecutivo local se comprometi\u00f3 a seguir trabajando por el progreso y bienestar de todos los ciudadanos, fomentando iniciativas que permitan mejorar la calidad de vida en la regi\u00f3n.<\/p>\n","protected":false},"excerpt":{"rendered":"<p>Un evento que reuni\u00f3 a la comunidad en un ambiente festivo. Las actividades comenzaron en horas de la tarde con emocionantes &#8230;<\/p>\n","protected":false},"author":7,"featured_media":144309,"comment_status":"open","ping_status":"open","sticky":false,"template":"","format":"standard","meta":{"footnotes":""},"categories":[10,11],"tags":[],"class_list":["post-144304","post","type-post","status-publish","format-standard","has-post-thumbnail","hentry","category-destacadas","category-sociales"],"_links":{"self":[{"href":"https:\/\/vinasfm.com\/noticias\/wp-json\/wp\/v2\/posts\/144304","targetHints":{"allow":["GET"]}}],"collection":[{"href":"https:\/\/vinasfm.com\/noticias\/wp-json\/wp\/v2\/posts"}],"about":[{"href":"https:\/\/vinasfm.com\/noticias\/wp-json\/wp\/v2\/types\/post"}],"author":[{"embeddable":true,"href":"https:\/\/vinasfm.com\/noticias\/wp-json\/wp\/v2\/users\/7"}],"replies":[{"embeddable":true,"href":"https:\/\/vinasfm.com\/noticias\/wp-json\/wp\/v2\/comments?post=144304"}],"version-history":[{"count":1,"href":"https:\/\/vinasfm.com\/noticias\/wp-json\/wp\/v2\/posts\/144304\/revisions"}],"predecessor-version":[{"id":144310,"href":"https:\/\/vinasfm.com\/noticias\/wp-json\/wp\/v2\/posts\/144304\/revisions\/144310"}],"wp:featuredmedia":[{"embeddable":true,"href":"https:\/\/vinasfm.com\/noticias\/wp-json\/wp\/v2\/media\/144309"}],"wp:attachment":[{"href":"https:\/\/vinasfm.com\/noticias\/wp-json\/wp\/v2\/media?parent=144304"}],"wp:term":[{"taxonomy":"category","embeddable":true,"href":"https:\/\/vinasfm.com\/noticias\/wp-json\/wp\/v2\/categories?post=144304"},{"taxonomy":"post_tag","embeddable":true,"href":"https:\/\/vinasfm.com\/noticias\/wp-json\/wp\/v2\/tags?post=144304"}],"curies":[{"name":"wp","href":"https:\/\/api.w.org\/{rel}","templated":true}]}}