{"id":144302,"date":"2025-02-16T19:35:21","date_gmt":"2025-02-16T22:35:21","guid":{"rendered":"https:\/\/vinasfm.com\/noticias\/?p=144302"},"modified":"2025-02-17T10:28:55","modified_gmt":"2025-02-17T13:28:55","slug":"en-un-rapido-accionar-personal-policial-dio-con-los-autores-del-robo-de-un-auto","status":"publish","type":"post","link":"https:\/\/vinasfm.com\/noticias\/en-un-rapido-accionar-personal-policial-dio-con-los-autores-del-robo-de-un-auto\/","title":{"rendered":"EN UN R\u00c1PIDO ACCIONAR, PERSONAL POLICIAL DI\u00d3 CON LOS AUTORES DEL ROBO DE UN AUTO"},"content":{"rendered":"<h4><span style=\"color: #000000;\">El incidente comenz\u00f3 cuando los sujetos sustrajeron un Renault Logan en la calle Mitre al 1500, seg\u00fan el reporte policial.<\/span><\/h4>\n<p><span style=\"color: #000000;\">Gracias a la informaci\u00f3n proporcionada por la v\u00edctima y un operativo de b\u00fasqueda, el veh\u00edculo fue localizado en la ruta 171 en direcci\u00f3n al norte. <strong>Al verse descubiertos, los ladrones intentaron escapar a alta velocidad, pero perdieron el control del auto y volcaron aparatosamente antes de llegar a la \u00abvuelta de la pileta\u00bb en Monte Coman.<\/strong><\/span><\/p>\n<p><span style=\"color: #000000;\">Los ocupantes del Renault fueron asistidos en el lugar y trasladados en ambulancia del centro de salud al Hospital Schestakow con diagn\u00f3stico de politraumatismos m\u00faltiples. <strong>Se trata de un menor de 16 de a\u00f1os y otro joven de 19 a\u00f1os.\u00a0<\/strong><\/span><\/p>\n","protected":false},"excerpt":{"rendered":"<p>El incidente comenz\u00f3 cuando los sujetos sustrajeron un Renault Logan en la calle Mitre al 1500, seg\u00fan el reporte policial. Gracias &#8230;<\/p>\n","protected":false},"author":7,"featured_media":144315,"comment_status":"open","ping_status":"open","sticky":false,"template":"","format":"standard","meta":{"footnotes":""},"categories":[201,4],"tags":[],"class_list":["post-144302","post","type-post","status-publish","format-standard","has-post-thumbnail","hentry","category-inseguridad","category-policiales"],"_links":{"self":[{"href":"https:\/\/vinasfm.com\/noticias\/wp-json\/wp\/v2\/posts\/144302","targetHints":{"allow":["GET"]}}],"collection":[{"href":"https:\/\/vinasfm.com\/noticias\/wp-json\/wp\/v2\/posts"}],"about":[{"href":"https:\/\/vinasfm.com\/noticias\/wp-json\/wp\/v2\/types\/post"}],"author":[{"embeddable":true,"href":"https:\/\/vinasfm.com\/noticias\/wp-json\/wp\/v2\/users\/7"}],"replies":[{"embeddable":true,"href":"https:\/\/vinasfm.com\/noticias\/wp-json\/wp\/v2\/comments?post=144302"}],"version-history":[{"count":3,"href":"https:\/\/vinasfm.com\/noticias\/wp-json\/wp\/v2\/posts\/144302\/revisions"}],"predecessor-version":[{"id":144317,"href":"https:\/\/vinasfm.com\/noticias\/wp-json\/wp\/v2\/posts\/144302\/revisions\/144317"}],"wp:featuredmedia":[{"embeddable":true,"href":"https:\/\/vinasfm.com\/noticias\/wp-json\/wp\/v2\/media\/144315"}],"wp:attachment":[{"href":"https:\/\/vinasfm.com\/noticias\/wp-json\/wp\/v2\/media?parent=144302"}],"wp:term":[{"taxonomy":"category","embeddable":true,"href":"https:\/\/vinasfm.com\/noticias\/wp-json\/wp\/v2\/categories?post=144302"},{"taxonomy":"post_tag","embeddable":true,"href":"https:\/\/vinasfm.com\/noticias\/wp-json\/wp\/v2\/tags?post=144302"}],"curies":[{"name":"wp","href":"https:\/\/api.w.org\/{rel}","templated":true}]}}