{"id":144292,"date":"2025-02-15T11:20:01","date_gmt":"2025-02-15T14:20:01","guid":{"rendered":"https:\/\/vinasfm.com\/noticias\/?p=144292"},"modified":"2025-02-17T10:29:20","modified_gmt":"2025-02-17T13:29:20","slug":"un-nuevo-caso-de-abigeato-se-registro-en-la-tarde-del-viernes","status":"publish","type":"post","link":"https:\/\/vinasfm.com\/noticias\/un-nuevo-caso-de-abigeato-se-registro-en-la-tarde-del-viernes\/","title":{"rendered":"UN NUEVO CASO DE ABIGEATO SE REGISTR\u00d3 EN LA TARDE DEL VIERNES"},"content":{"rendered":"<h4 data-sourcepos=\"3:1-3:261\"><span style=\"color: #000000;\">Un productor de 72 a\u00f1os, identificado como E.D.R., denunci\u00f3 la sustracci\u00f3n de un cordero de su propiedad ubicada en la calle 4 y D.<\/span><\/h4>\n<p data-sourcepos=\"5:1-5:207\"><span style=\"color: #000000;\">El hecho <strong>fue descubierto por el propietario cuando se dirigi\u00f3 al corral y constat\u00f3 la ausencia del animal, un cordero de aproximadamente 15 kilogramos de peso, de pelaje blanco y sin marcas identificatorias.<\/strong><\/span><\/p>\n<p data-sourcepos=\"7:1-7:316\"><span style=\"color: #000000;\">Durante la inspecci\u00f3n del lugar<strong>, personal policial hall\u00f3 un palo con manchas hem\u00e1ticas en el interior del corral, lo que indicar\u00eda que el animal fue golpeado antes de ser trasladado.<\/strong> Asimismo, se detectaron rastros de pelaje en el cierre perimetral, lo que sugiere que los delincuentes forzaron el ingreso al predio.<\/span><\/p>\n<p data-sourcepos=\"9:1-9:268\"><span style=\"color: #000000;\">La <strong>Polic\u00eda Cient\u00edfica se encuentra trabajando en el lugar del hecho para recolectar evidencias y dar con los responsables del robo<\/strong>. Se recomienda a los productores rurales extremar las medidas de seguridad en sus propiedades y denunciar cualquier actividad sospechosa.<\/span><\/p>\n","protected":false},"excerpt":{"rendered":"<p>Un productor de 72 a\u00f1os, identificado como E.D.R., denunci\u00f3 la sustracci\u00f3n de un cordero de su propiedad ubicada en la calle &#8230;<\/p>\n","protected":false},"author":7,"featured_media":144293,"comment_status":"open","ping_status":"open","sticky":false,"template":"","format":"standard","meta":{"footnotes":""},"categories":[10,4],"tags":[],"class_list":["post-144292","post","type-post","status-publish","format-standard","has-post-thumbnail","hentry","category-destacadas","category-policiales"],"_links":{"self":[{"href":"https:\/\/vinasfm.com\/noticias\/wp-json\/wp\/v2\/posts\/144292","targetHints":{"allow":["GET"]}}],"collection":[{"href":"https:\/\/vinasfm.com\/noticias\/wp-json\/wp\/v2\/posts"}],"about":[{"href":"https:\/\/vinasfm.com\/noticias\/wp-json\/wp\/v2\/types\/post"}],"author":[{"embeddable":true,"href":"https:\/\/vinasfm.com\/noticias\/wp-json\/wp\/v2\/users\/7"}],"replies":[{"embeddable":true,"href":"https:\/\/vinasfm.com\/noticias\/wp-json\/wp\/v2\/comments?post=144292"}],"version-history":[{"count":1,"href":"https:\/\/vinasfm.com\/noticias\/wp-json\/wp\/v2\/posts\/144292\/revisions"}],"predecessor-version":[{"id":144294,"href":"https:\/\/vinasfm.com\/noticias\/wp-json\/wp\/v2\/posts\/144292\/revisions\/144294"}],"wp:featuredmedia":[{"embeddable":true,"href":"https:\/\/vinasfm.com\/noticias\/wp-json\/wp\/v2\/media\/144293"}],"wp:attachment":[{"href":"https:\/\/vinasfm.com\/noticias\/wp-json\/wp\/v2\/media?parent=144292"}],"wp:term":[{"taxonomy":"category","embeddable":true,"href":"https:\/\/vinasfm.com\/noticias\/wp-json\/wp\/v2\/categories?post=144292"},{"taxonomy":"post_tag","embeddable":true,"href":"https:\/\/vinasfm.com\/noticias\/wp-json\/wp\/v2\/tags?post=144292"}],"curies":[{"name":"wp","href":"https:\/\/api.w.org\/{rel}","templated":true}]}}