{"id":144286,"date":"2025-02-15T10:57:24","date_gmt":"2025-02-15T13:57:24","guid":{"rendered":"https:\/\/vinasfm.com\/noticias\/?p=144286"},"modified":"2025-02-15T10:57:24","modified_gmt":"2025-02-15T13:57:24","slug":"jose-vilches-abordo-temas-claves-para-la-agenda-legislativa-y-politica-de-mendoza","status":"publish","type":"post","link":"https:\/\/vinasfm.com\/noticias\/jose-vilches-abordo-temas-claves-para-la-agenda-legislativa-y-politica-de-mendoza\/","title":{"rendered":"JOS\u00c9 VILCHES ABORD\u00d3 TEMAS CLAVES PARA LA AGENDA LEGISLATIVA Y POL\u00cdTICA DE MENDOZA"},"content":{"rendered":"<h4><span style=\"color: #000000;\">El Diputado Provincial Jos\u00e9 Vilches traz\u00f3 un panorama de la actualidad legislativa y pol\u00edtica de Mendoza, abordando temas cruciales como la perforaci\u00f3n en Carmensa, el impacto de la suspensi\u00f3n de la Obra P\u00fablica Nacional y la defensa de las elecciones PASO.<\/span><\/h4>\n<p><span style=\"color: #000000;\">En di\u00e1logo con FM VI\u00d1AS, <span style=\"color: #003366;\"><strong>Vilches<\/strong><\/span> confirm\u00f3 el regreso a la actividad legislativa el pasado 3 de febrero, con dos sesiones ya celebradas y un \u0430rduo trabajo en comisiones, especialmente en la de Legislaci\u00f3n y Asuntos Constitucionales.<\/span><\/p>\n<p><span style=\"color: #000000;\">El diputado destac\u00f3 la <strong>necesidad de redoblar esfuerzos en este a\u00f1o lectivo, combinando la labor legislativa con la atenci\u00f3n a las necesidades del Estado y el seguimiento de los procesos pol\u00edticos en curso.<\/strong><\/span><\/p>\n<p><span style=\"color: #000000;\">En ese contexto, el Diputado se\u00f1al\u00f3 que uno de los temas prioritarios para \u00e9l y la regi\u00f3n es la perforaci\u00f3n en Carmensa, <em><strong>\u00abun proyecto que, si bien no figura en el presupuesto, cuenta con el respaldo del Intendente Molero y de otros legisladores de diversos espacios\u00bb.<\/strong><\/em><\/span><\/p>\n<p><span style=\"color: #000000;\">El diputado se mostr\u00f3 optimista en que, a pesar de no estar incluida espec\u00edficamente en el presupuesto, <strong><em>\u00abexisten previsiones para obras que podr\u00edan dar soluci\u00f3n a esta problem\u00e1tica que afecta a los vecinos de San Pedro de la Atuel<\/em><\/strong>\u00ab, cuyo aniversario se celebra este 15 de febrero.\u00a0<\/span><\/p>\n<p><span style=\"color: #000000;\">Vilches expres\u00f3 su preocupaci\u00f3n por el impacto de la suspensi\u00f3n de la obra p\u00fablica nacional en la provincia, se\u00f1alando que esta medida <strong>\u00abdesestabiliza los esfuerzos\u00bb<\/strong> y obliga a la provincia a<strong><em> \u00abasumir costos de obras inconclusas de la gesti\u00f3n anterior\u00bb<\/em><\/strong>, como el caso del empalme de Palmira.<\/span><\/p>\n<p><span style=\"color: #000000;\">El diputado destac\u00f3 que este tema mantiene al Gobernador y a los ministros en constante seguimiento a nivel nacional, y conf\u00eda en que se encontrar\u00e1 una soluci\u00f3n en el corto plazo, especialmente para la habilitaci\u00f3n del tramo de Palmira, de vital importancia para la regi\u00f3n Este y el Valle de Uco.<\/span><\/p>\n<p><span style=\"color: #000000;\">En el plano pol\u00edtico, Vilches se manifest\u00f3 como un defensor de las elecciones Primarias, Abiertas, Simult\u00e1neas y Obligatorias (PASO), argumentando que estas instancias<em><strong> \u00abdan la posibilidad a sectores o espacios de la sociedad que de otra forma no podr\u00edan se<\/strong>r\u00bb<\/em> y permiten que <strong><em>\u00abpersonas con capacidad y formaci\u00f3n accedan a cargos de representaci\u00f3n sin necesidad de contar con un respaldo pol\u00edtico previo\u00bb.<\/em><\/strong><\/span><\/p>\n<p><span style=\"color: #000000;\">El diputado reconoci\u00f3 que las PASO implican gastos, pero contrast\u00f3 esta situaci\u00f3n con los gastos que suponen los desdoblamientos de elecciones a nivel de intendentes y gobernadores, donde <em><strong>\u00abse gasta el doble\u00bb.<\/strong><\/em><\/span><\/p>\n","protected":false},"excerpt":{"rendered":"<p>El Diputado Provincial Jos\u00e9 Vilches traz\u00f3 un panorama de la actualidad legislativa y pol\u00edtica de Mendoza, abordando temas cruciales como la &#8230;<\/p>\n","protected":false},"author":7,"featured_media":144290,"comment_status":"open","ping_status":"open","sticky":false,"template":"","format":"standard","meta":{"footnotes":""},"categories":[1],"tags":[],"class_list":["post-144286","post","type-post","status-publish","format-standard","has-post-thumbnail","hentry","category-fmvinas"],"_links":{"self":[{"href":"https:\/\/vinasfm.com\/noticias\/wp-json\/wp\/v2\/posts\/144286","targetHints":{"allow":["GET"]}}],"collection":[{"href":"https:\/\/vinasfm.com\/noticias\/wp-json\/wp\/v2\/posts"}],"about":[{"href":"https:\/\/vinasfm.com\/noticias\/wp-json\/wp\/v2\/types\/post"}],"author":[{"embeddable":true,"href":"https:\/\/vinasfm.com\/noticias\/wp-json\/wp\/v2\/users\/7"}],"replies":[{"embeddable":true,"href":"https:\/\/vinasfm.com\/noticias\/wp-json\/wp\/v2\/comments?post=144286"}],"version-history":[{"count":3,"href":"https:\/\/vinasfm.com\/noticias\/wp-json\/wp\/v2\/posts\/144286\/revisions"}],"predecessor-version":[{"id":144291,"href":"https:\/\/vinasfm.com\/noticias\/wp-json\/wp\/v2\/posts\/144286\/revisions\/144291"}],"wp:featuredmedia":[{"embeddable":true,"href":"https:\/\/vinasfm.com\/noticias\/wp-json\/wp\/v2\/media\/144290"}],"wp:attachment":[{"href":"https:\/\/vinasfm.com\/noticias\/wp-json\/wp\/v2\/media?parent=144286"}],"wp:term":[{"taxonomy":"category","embeddable":true,"href":"https:\/\/vinasfm.com\/noticias\/wp-json\/wp\/v2\/categories?post=144286"},{"taxonomy":"post_tag","embeddable":true,"href":"https:\/\/vinasfm.com\/noticias\/wp-json\/wp\/v2\/tags?post=144286"}],"curies":[{"name":"wp","href":"https:\/\/api.w.org\/{rel}","templated":true}]}}