{"id":144284,"date":"2025-02-15T10:18:06","date_gmt":"2025-02-15T13:18:06","guid":{"rendered":"https:\/\/vinasfm.com\/noticias\/?p=144284"},"modified":"2025-02-15T10:18:06","modified_gmt":"2025-02-15T13:18:06","slug":"dia-internacional-de-la-lucha-contra-el-cancer-infantil-la-concientizacion-es-clave-para-mejorar-la-calidad-de-vida-de-los-pequenos-pacientes-y-sus-familias","status":"publish","type":"post","link":"https:\/\/vinasfm.com\/noticias\/dia-internacional-de-la-lucha-contra-el-cancer-infantil-la-concientizacion-es-clave-para-mejorar-la-calidad-de-vida-de-los-pequenos-pacientes-y-sus-familias\/","title":{"rendered":"D\u00cdA INTERNACIONAL DE LA LUCHA CONTRA EL C\u00c1NCER INFANTIL: LA CONCIENTIZACI\u00d3N ES CLAVE PARA MEJORAR LA CALIDAD DE VIDA DE LOS PEQUE\u00d1OS PACIENTES Y SUS FAMILIAS"},"content":{"rendered":"<h4><span style=\"color: #000000;\">El diagnostico temprano y el acceso a tratamientos adecuados aumentan significativamente las posibilidades de recuperaci\u00f3n.<\/span><\/h4>\n<p><span style=\"color: #000000;\">Cada 15 de febrero se conmemora el <strong>D\u00eda Internacional de la Lucha contra el C\u00e1ncer Infantil<\/strong>, <em>declarado en el a\u00f1o 2001 por iniciativa de la Organizaci\u00f3n Internacional de C\u00e1ncer Infantil, una red formada por 177 organizaciones de padres de ni\u00f1os con c\u00e1ncer de 90 pa\u00edses.<\/em><\/span><\/p>\n<p><span style=\"color: #000000;\">La jornada <strong>tiene el objetivo de concientizar y sensibilizar a la poblaci\u00f3n respecto a la importancia y necesidad de un acceso temprano al diagn\u00f3stico y un tratamiento oportuno<\/strong>, los cuales son fundamentales para mejorar las tasas de sobrevida.\u00a0<\/span><\/p>\n<h2><span style=\"color: #000000;\"><strong>Tipos m\u00e1s comunes de c\u00e1ncer infantil<\/strong><\/span><\/h2>\n<p><span style=\"color: #000000;\">El c\u00e1ncer infantil es la primera causa de muerte por enfermedad en los chicos entre 5 y 15 a\u00f1os y a diferencia del c\u00e1ncer en adultos, el pedi\u00e1trico no est\u00e1 relacionado con factores de estilo de vida, sino con mutaciones gen\u00e9ticas aleatorias.<\/span><\/p>\n<p><span style=\"color: #000000;\">Seg\u00fan datos del<strong> Registro Provincial de Tumores<\/strong> los tipos m\u00e1s comunes son: <strong>hematol\u00f3gico<\/strong> <em>(m\u00e9dula \u00f3sea- leucemias)<\/em> <strong>SNC<\/strong> <em>(cerebro, enc\u00e9falo, cerebelo, tallo cerebral\u00a0 entre otros)<\/em><strong> linfomas<\/strong> <em>(hodgkin y no hodgkin, etc)<\/em> <strong>hueso<\/strong> <em>(mayormente huesos largos del miembro inferior)<\/em> y <strong>ri\u00f1\u00f3n.<\/strong><\/span><\/p>\n<p><span style=\"color: #000000;\">En sus primeras etapas muchos tumores suelen ser asintom\u00e1ticos<strong>; en alg\u00fan otro momento, los signos y s\u00edntomas pueden ser inespec\u00edficos por compresi\u00f3n o invasi\u00f3n de \u00f3rganos.<\/strong><\/span><\/p>\n<p><span style=\"color: #000000;\">Por ello la importancia de acudir a los controles pedi\u00e1tricos anuales y mantenernos atentos ante algunos s\u00edntomas fuera de lo com\u00fan como p\u00e9rdida de peso, cefaleas, sangrado de enc\u00edas, crecimiento abdominal, sudoraci\u00f3n profusa nocturna, fiebre sin causa aparente, ganglios aumentados, palidez, fatiga, cansancio, alteraciones de la marcha y el equilibrio, dolor de articulaciones y huesos.<\/span><\/p>\n<p><strong><span style=\"color: #000000;\">A pesar de los desaf\u00edos que implica el c\u00e1ncer infantil, el diagn\u00f3stico temprano y el acceso a tratamientos adecuados aumentan significativamente las posibilidades de recuperaci\u00f3n. Mientras tanto, la concientizaci\u00f3n sigue siendo la clave para mejorar la calidad de vida de los peque\u00f1os pacientes y sus familias.<\/span><\/strong><\/p>\n","protected":false},"excerpt":{"rendered":"<p>El diagnostico temprano y el acceso a tratamientos adecuados aumentan significativamente las posibilidades de recuperaci\u00f3n. Cada 15 de febrero se conmemora &#8230;<\/p>\n","protected":false},"author":7,"featured_media":133955,"comment_status":"open","ping_status":"open","sticky":false,"template":"","format":"standard","meta":{"footnotes":""},"categories":[1],"tags":[],"class_list":["post-144284","post","type-post","status-publish","format-standard","has-post-thumbnail","hentry","category-fmvinas"],"_links":{"self":[{"href":"https:\/\/vinasfm.com\/noticias\/wp-json\/wp\/v2\/posts\/144284","targetHints":{"allow":["GET"]}}],"collection":[{"href":"https:\/\/vinasfm.com\/noticias\/wp-json\/wp\/v2\/posts"}],"about":[{"href":"https:\/\/vinasfm.com\/noticias\/wp-json\/wp\/v2\/types\/post"}],"author":[{"embeddable":true,"href":"https:\/\/vinasfm.com\/noticias\/wp-json\/wp\/v2\/users\/7"}],"replies":[{"embeddable":true,"href":"https:\/\/vinasfm.com\/noticias\/wp-json\/wp\/v2\/comments?post=144284"}],"version-history":[{"count":1,"href":"https:\/\/vinasfm.com\/noticias\/wp-json\/wp\/v2\/posts\/144284\/revisions"}],"predecessor-version":[{"id":144285,"href":"https:\/\/vinasfm.com\/noticias\/wp-json\/wp\/v2\/posts\/144284\/revisions\/144285"}],"wp:featuredmedia":[{"embeddable":true,"href":"https:\/\/vinasfm.com\/noticias\/wp-json\/wp\/v2\/media\/133955"}],"wp:attachment":[{"href":"https:\/\/vinasfm.com\/noticias\/wp-json\/wp\/v2\/media?parent=144284"}],"wp:term":[{"taxonomy":"category","embeddable":true,"href":"https:\/\/vinasfm.com\/noticias\/wp-json\/wp\/v2\/categories?post=144284"},{"taxonomy":"post_tag","embeddable":true,"href":"https:\/\/vinasfm.com\/noticias\/wp-json\/wp\/v2\/tags?post=144284"}],"curies":[{"name":"wp","href":"https:\/\/api.w.org\/{rel}","templated":true}]}}