{"id":144281,"date":"2025-02-15T10:09:57","date_gmt":"2025-02-15T13:09:57","guid":{"rendered":"https:\/\/vinasfm.com\/noticias\/?p=144281"},"modified":"2025-02-15T10:09:57","modified_gmt":"2025-02-15T13:09:57","slug":"vargas-arizu-presento-nuevas-lineas-de-financiamiento-para-turismo-comercio-e-industria-en-general-alvear","status":"publish","type":"post","link":"https:\/\/vinasfm.com\/noticias\/vargas-arizu-presento-nuevas-lineas-de-financiamiento-para-turismo-comercio-e-industria-en-general-alvear\/","title":{"rendered":"VARGAS ARIZU PRESENT\u00d3 NUEVAS L\u00cdNEAS DE FINANCIAMIENTO PARA TURISMO, COMERCIO E INDUSTRIA EN GENERAL ALVEAR"},"content":{"rendered":"<h4><span style=\"color: #000000;\">Con una amplia convocatoria de productores, comerciantes e industriales, el encuentro tuvo lugar en la C\u00e1mara de Comercio de General Alvear. Las nuevas l\u00edneas de cr\u00e9dito est\u00e1n destinadas a fortalecer el crecimiento de micro, peque\u00f1as y medianas empresas en la provincia.<\/span><\/h4>\n<p><span style=\"color: #000000;\">El <strong>Ministerio de Producci\u00f3n<\/strong> present\u00f3 en <strong>General Alvear<\/strong> las nuevas l\u00edneas de financiamiento destinadas al crecimiento del turismo, el comercio y la industria mendocina.<\/span><\/p>\n<p><span style=\"color: #000000;\">La actividad se llev\u00f3 a cabo en la sede de la <strong>C\u00e1mara de Comercio, Industria, Agricultura, Ganader\u00eda, Vial y Servicios<\/strong> del departamento y cont\u00f3 con la participaci\u00f3n del <em>ministro de Producci\u00f3n<\/em>, <span style=\"color: #003366;\"><strong>Rodolfo Vargas Arizu<\/strong><\/span>, quien estuvo acompa\u00f1ado por <span style=\"color: #003366;\"><strong>Andr\u00e9s Vavrik<\/strong><\/span>,<em> coordinador del Ministerio de Producci\u00f3n en Zona Sur<\/em> y <em>t\u00e9cnicos del Fondo para la Transformaci\u00f3n y el Crecimiento<\/em> (FTyC).<\/span><\/p>\n<p><span style=\"color: #000000;\">Durante la jornada, se brind\u00f3 informaci\u00f3n sobre los cr\u00e9ditos disponibles, sus beneficios y el impacto que tendr\u00e1n en el desarrollo productivo del sur provincial.<\/span><\/p>\n<p><span style=\"color: #000000;\">En ese marco, Vargas Arizu destac\u00f3 la importancia de la bonificaci\u00f3n de tasas como una herramienta para fortalecer el sector productivo: <strong><em>\u201cEstos incentivos permiten acceder a financiamiento en mejores condiciones, impulsando la inversi\u00f3n y el crecimiento en los distintos sectores econ\u00f3micos de la provincia\u201d.<\/em><\/strong><\/span><\/p>\n<p><span style=\"color: #000000;\"><em><strong>\u201cEsto se inici\u00f3 el a\u00f1o pasado, concretamente en el mes de julio, con tasa subsidiada para agricultura para malla antigranizo, eficiencia energ\u00e9tica y eficiencia h\u00eddrica y esta pol\u00edtica se sigui\u00f3 con el sector industrial, el comercio y el turismo\u201d<\/strong><\/em>, puntualiz\u00f3 el titular de Producci\u00f3n.<\/span><\/p>\n<p><span style=\"color: #000000;\">A su turno, el coordinador del <em>Ministerio de Producci\u00f3n en Zona Sur<\/em>, <span style=\"color: #003366;\"><strong>Andr\u00e9s Vavrik<\/strong><\/span>, agreg\u00f3: <strong><em>\u201cLas l\u00edneas orientadas al sector agr\u00edcola est\u00e1n disponibles desde hace casi un a\u00f1o y ahora con tasas m\u00e1s accesibles para el sector. Ahora se suman sectores como el comercio, la industria y el turismo que aportan y mucho al producto bruto geogr\u00e1fico\u201d.<\/em><\/strong><\/span><\/p>\n<p><img decoding=\"async\" src=\"https:\/\/www.mendoza.gov.ar\/wp-content\/uploads\/sites\/5\/2025\/02\/WhatsApp-Image-2025-02-14-at-20.49.09-700x527.jpeg\" \/><\/p>\n<p><span style=\"color: #000000;\">Consultado el funcionario del Sur sobre c\u00f3mo pueden acceder los interesados a estas l\u00ednea de financiamiento, coment\u00f3: <strong><em>\u201cDeben acercarse directamente al banco, all\u00ed las l\u00edneas ya est\u00e1n disponibles y cualquier duda o inconveniente, estamos a disposici\u00f3n para acompa\u00f1ar en todo el proceso\u201d.<\/em><\/strong><\/span><\/p>\n<p><span style=\"color: #000000;\"><strong><em>\u201cQuiero destacar en primer lugar el rol que cumplen las instituciones representativas como lo es en este caso la c\u00e1mara de comercio de Alvear donde hacemos de nexo entre el sector p\u00fablico y el privado y que cada uno en este marco de forma individual haga las consultas y se saque todas las dudas de forma directa\u201d<\/em><\/strong>, coment\u00f3 a su turno Ramiro Labay, presidente de la C\u00e1mara de Comerio de General Alvear.<\/span><\/p>\n<p><span style=\"color: #000000;\"><em><strong>\u201cComo dijo el ministro, los bancos est\u00e1n empezando a cumplir el rol de bancos cuando antes el negocio era con el Estado y hoy tienen que prestar plata para producir y la gente lo est\u00e1 viendo, se est\u00e1 interesando y las tasas son accesibles\u201d<\/strong><\/em>, cerr\u00f3 el titular de la entidad. \u00a0\u00a0\u00a0<\/span><\/p>\n<p><span style=\"color: #000000;\">Durante la presentaci\u00f3n, los profesionales del FTyC informaron que el organismo ha celebrado convenios con los Bancos Naci\u00f3n y Ciudad para bonificar en 5 puntos porcentuales la tasa de inter\u00e9s de los cr\u00e9ditos otorgados a pymes mendocinas. Adem\u00e1s, en el caso del Banco Naci\u00f3n, se suma un subsidio adicional de 2 puntos porcentuales, alcanzando un beneficio total de 7 puntos.<\/span><\/p>\n<h2><span style=\"color: #000000;\"><strong>Destinos de los cr\u00e9ditos<\/strong><\/span><\/h2>\n<p><span style=\"color: #000000;\">Las l\u00edneas de financiamiento presentadas incluyen:<\/span><\/p>\n<p><span style=\"color: #000000;\"><strong>Industria<\/strong>: compra de maquinaria, equipos y obras civiles.<\/span><br \/>\n<span style=\"color: #000000;\"><strong>Comercio y turismo<\/strong>: capital de trabajo, compra de mercader\u00eda y gastos operativos.<\/span><br \/>\n<span style=\"color: #000000;\"><strong>Agroindustria<\/strong>: colocaci\u00f3n de malla antigranizo, eficiencia h\u00eddrica y energ\u00e9tica.<\/span><\/p>\n<p><span style=\"color: #000000;\">Las condiciones financieras, tasas de inter\u00e9s y plazos de devoluci\u00f3n dependen de cada banco y pueden variar seg\u00fan el tipo de financiamiento y la garant\u00eda ofrecida. El monto m\u00e1ximo de los pr\u00e9stamos ser\u00e1 determinado por el an\u00e1lisis de riesgo de cada entidad bancaria, con un tope de 1.000 Salarios M\u00ednimos Vitales y M\u00f3viles.<\/span><\/p>\n<p><span style=\"color: #000000;\">Adem\u00e1s, el FTyC ofrece l\u00edneas de cr\u00e9dito directo con tasas competitivas desde 10,6% anual, con plazos de devoluci\u00f3n de hasta 10 a\u00f1os, dependiendo del destino del cr\u00e9dito.\u00a0<\/span><\/p>\n<p><span style=\"color: #000000;\">Se pueden gestionar de manera online, facilitando el acceso al financiamiento a empresas de toda la provincia.<\/span><\/p>\n<h3><span style=\"color: #000000;\"><strong>M\u00e1s informaci\u00f3n y asesoramiento<\/strong><\/span><\/h3>\n<p><span style=\"color: #000000;\">Los interesados en acceder a estas l\u00edneas de financiamiento pueden obtener m\u00e1s informaci\u00f3n en la web<\/span>\u00a0<a href=\"http:\/\/www.ftyc.gob.ar\/\" target=\"_blank\" rel=\"noreferrer noopener\">www.ftyc.gob.ar<\/a>, <span style=\"color: #000000;\">donde tambi\u00e9n se encuentra disponible un canal de asesoramiento v\u00eda WhatsApp. Asimismo, pueden acudir a la sede central del FTyC en Ciudad de Mendoza o a las delegaciones del interior.<\/span><\/p>\n","protected":false},"excerpt":{"rendered":"<p>Con una amplia convocatoria de productores, comerciantes e industriales, el encuentro tuvo lugar en la C\u00e1mara de Comercio de General Alvear. &#8230;<\/p>\n","protected":false},"author":7,"featured_media":144282,"comment_status":"open","ping_status":"open","sticky":false,"template":"","format":"standard","meta":{"footnotes":""},"categories":[1],"tags":[],"class_list":["post-144281","post","type-post","status-publish","format-standard","has-post-thumbnail","hentry","category-fmvinas"],"_links":{"self":[{"href":"https:\/\/vinasfm.com\/noticias\/wp-json\/wp\/v2\/posts\/144281","targetHints":{"allow":["GET"]}}],"collection":[{"href":"https:\/\/vinasfm.com\/noticias\/wp-json\/wp\/v2\/posts"}],"about":[{"href":"https:\/\/vinasfm.com\/noticias\/wp-json\/wp\/v2\/types\/post"}],"author":[{"embeddable":true,"href":"https:\/\/vinasfm.com\/noticias\/wp-json\/wp\/v2\/users\/7"}],"replies":[{"embeddable":true,"href":"https:\/\/vinasfm.com\/noticias\/wp-json\/wp\/v2\/comments?post=144281"}],"version-history":[{"count":1,"href":"https:\/\/vinasfm.com\/noticias\/wp-json\/wp\/v2\/posts\/144281\/revisions"}],"predecessor-version":[{"id":144283,"href":"https:\/\/vinasfm.com\/noticias\/wp-json\/wp\/v2\/posts\/144281\/revisions\/144283"}],"wp:featuredmedia":[{"embeddable":true,"href":"https:\/\/vinasfm.com\/noticias\/wp-json\/wp\/v2\/media\/144282"}],"wp:attachment":[{"href":"https:\/\/vinasfm.com\/noticias\/wp-json\/wp\/v2\/media?parent=144281"}],"wp:term":[{"taxonomy":"category","embeddable":true,"href":"https:\/\/vinasfm.com\/noticias\/wp-json\/wp\/v2\/categories?post=144281"},{"taxonomy":"post_tag","embeddable":true,"href":"https:\/\/vinasfm.com\/noticias\/wp-json\/wp\/v2\/tags?post=144281"}],"curies":[{"name":"wp","href":"https:\/\/api.w.org\/{rel}","templated":true}]}}