{"id":144278,"date":"2025-02-15T00:04:02","date_gmt":"2025-02-15T03:04:02","guid":{"rendered":"https:\/\/vinasfm.com\/noticias\/?p=144278"},"modified":"2025-02-17T08:18:38","modified_gmt":"2025-02-17T11:18:38","slug":"un-menor-resulto-herido-tras-un-siniestro-vial-en-bowen","status":"publish","type":"post","link":"https:\/\/vinasfm.com\/noticias\/un-menor-resulto-herido-tras-un-siniestro-vial-en-bowen\/","title":{"rendered":"UN MENOR RESULT\u00d3 HERIDO TRAS PROTAGONIZAR UN SINIESTRO VIAL EN BOWEN"},"content":{"rendered":"<p>Un menor de 12 a\u00f1os result\u00f3 herido en un accidente de tr\u00e1nsito ocurrido ayer a las 16:00 en la intersecci\u00f3n de Lavalle y P\u00fablica de Bowen.<\/p>\n<p>Seg\u00fan se di\u00f3 a conocer, el incidente se produjo cuando el menor, que circulaba en bicicleta, intent\u00f3 sujetarse de una moto Honda Tornado 250 cc, conducida por un hombre de 46 a\u00f1os. Esta maniobra provoc\u00f3 la p\u00e9rdida de control de la bicicleta y la ca\u00edda del menor sobre el asfalto.<\/p>\n<p><strong>El joven ciclista sufri\u00f3 un traumatismo enc\u00e9falo craneano (TEC) con p\u00e9rdida de conocimiento y debi\u00f3 ser trasladado de urgencia al nosocomio local y luego derivado al hospital de San Rafael, donde se encuentra internado.<\/strong><\/p>\n<p>El conductor de la motocicleta result\u00f3 ileso y el test de alcoholemia <strong>dio resultado negativo (0,00 g\/l).<\/strong><\/p>\n<p>En el lugar del accidente trabaj\u00f3 personal de la Comisar\u00eda 46\u00b0, Polic\u00eda Vial y Polic\u00eda Cient\u00edfica para realizar las pericias correspondientes y determinar las responsabilidades del caso.<\/p>\n","protected":false},"excerpt":{"rendered":"<p>Un menor de 12 a\u00f1os result\u00f3 herido en un accidente de tr\u00e1nsito ocurrido ayer a las 16:00 en la intersecci\u00f3n de &#8230;<\/p>\n","protected":false},"author":7,"featured_media":56107,"comment_status":"open","ping_status":"open","sticky":false,"template":"","format":"standard","meta":{"footnotes":""},"categories":[4,184],"tags":[],"class_list":["post-144278","post","type-post","status-publish","format-standard","has-post-thumbnail","hentry","category-policiales","category-siniestro-vial"],"_links":{"self":[{"href":"https:\/\/vinasfm.com\/noticias\/wp-json\/wp\/v2\/posts\/144278","targetHints":{"allow":["GET"]}}],"collection":[{"href":"https:\/\/vinasfm.com\/noticias\/wp-json\/wp\/v2\/posts"}],"about":[{"href":"https:\/\/vinasfm.com\/noticias\/wp-json\/wp\/v2\/types\/post"}],"author":[{"embeddable":true,"href":"https:\/\/vinasfm.com\/noticias\/wp-json\/wp\/v2\/users\/7"}],"replies":[{"embeddable":true,"href":"https:\/\/vinasfm.com\/noticias\/wp-json\/wp\/v2\/comments?post=144278"}],"version-history":[{"count":2,"href":"https:\/\/vinasfm.com\/noticias\/wp-json\/wp\/v2\/posts\/144278\/revisions"}],"predecessor-version":[{"id":144280,"href":"https:\/\/vinasfm.com\/noticias\/wp-json\/wp\/v2\/posts\/144278\/revisions\/144280"}],"wp:featuredmedia":[{"embeddable":true,"href":"https:\/\/vinasfm.com\/noticias\/wp-json\/wp\/v2\/media\/56107"}],"wp:attachment":[{"href":"https:\/\/vinasfm.com\/noticias\/wp-json\/wp\/v2\/media?parent=144278"}],"wp:term":[{"taxonomy":"category","embeddable":true,"href":"https:\/\/vinasfm.com\/noticias\/wp-json\/wp\/v2\/categories?post=144278"},{"taxonomy":"post_tag","embeddable":true,"href":"https:\/\/vinasfm.com\/noticias\/wp-json\/wp\/v2\/tags?post=144278"}],"curies":[{"name":"wp","href":"https:\/\/api.w.org\/{rel}","templated":true}]}}