{"id":144269,"date":"2025-02-14T11:00:58","date_gmt":"2025-02-14T14:00:58","guid":{"rendered":"https:\/\/vinasfm.com\/noticias\/?p=144269"},"modified":"2025-02-17T08:19:20","modified_gmt":"2025-02-17T11:19:20","slug":"molero-destaco-una-importante-inversion-en-educacion-para-alvear","status":"publish","type":"post","link":"https:\/\/vinasfm.com\/noticias\/molero-destaco-una-importante-inversion-en-educacion-para-alvear\/","title":{"rendered":"MOLERO DESTAC\u00d3 UNA IMPORTANTE INVERSI\u00d3N EN EDUCACI\u00d3N PARA ALVEAR"},"content":{"rendered":"<h4 data-sourcepos=\"3:1-3:269\"><span style=\"color: #000000;\">Se trata de un nuevo impulso al m\u00e9todo Montessori en los jardines maternales y una fuerte inversi\u00f3n en infraestructura y equipamiento para las escuelas.<\/span><\/h4>\n<p><span style=\"color: #000000;\">El <span style=\"color: #003366;\"><strong>Sr. Intendente Alejandro Moler<\/strong><\/span>o destac\u00f3 que se trata de <strong><em><span class=\"grammar correction\" title=\"En una tipograf\u00eda cuidada, use comillas tipogr\u00e1ficas.\" data-type=\"grammar\" data-suggestions=\"[{&quot;value&quot;:&quot;\u201c&quot;},{&quot;value&quot;:&quot;\u00ab&quot;}]\" data-rule=\"COMILLAS_TIPOGRAFICAS\" data-word=\"&quot;\">\u201c<\/span>un m\u00e9todo que tiene un fuerte impacto en lo cognitivo, lo motriz y lo did\u00e1ctico de los ni\u00f1os<span class=\"grammar correction\" title=\"En una tipograf\u00eda cuidada, use comillas tipogr\u00e1ficas.\" data-type=\"grammar\" data-suggestions=\"[{&quot;value&quot;:&quot;\u201d&quot;},{&quot;value&quot;:&quot;\u00bb&quot;}]\" data-rule=\"COMILLAS_TIPOGRAFICAS\" data-word=\"&quot;\">\u201d<\/span><\/em><\/strong>. Adem\u00e1s, la implementaci\u00f3n de este material requiere la <span class=\"misspelling correction selected\" title=\"Se ha encontrado un posible error ortogr\u00e1fico.\" data-type=\"misspelling\" data-suggestions=\"[{&quot;value&quot;:&quot;capacitaci\u00f3n&quot;}]\" data-rule=\"MORFOLOGIK_RULE_ES\" data-word=\"apacitaci\u00f3n\">capacitaci\u00f3n<\/span> al personal docente y no docente para que puedan aplicar este m\u00e9todo de la mejor manera.<\/span><\/p>\n<p><span style=\"color: #000000;\">En ese <span class=\"misspelling correction\" title=\"Se ha encontrado un posible error ortogr\u00e1fico.\" data-type=\"misspelling\" data-suggestions=\"[{&quot;value&quot;:&quot;contexto&quot;}]\" data-rule=\"MORFOLOGIK_RULE_ES\" data-word=\"contexyto\">contexto<\/span>, Molero anunci\u00f3 que el <strong>Municipio ha invertido m\u00e1s de 800 millones de pesos en reparaci\u00f3n de escuelas para el a\u00f1o 2024. Esto incluye reparaciones estructurales, de sanitarios, cocinas y <span class=\"error misspelling\" title=\"Se ha encontrado un posible error ortogr\u00e1fico.\" data-type=\"misspelling\" data-suggestions=\"[{&quot;value&quot;:&quot;bielorrusos&quot;}]\" data-rule=\"MORFOLOGIK_RULE_ES\" data-word=\"cielorrasos\">cielorrasos<\/span>.<\/strong> Adem\u00e1s, se han comprado e instalado aires acondicionados, computadoras y otros elementos tecnol\u00f3gicos para las escuelas.<\/span><\/p>\n<p><span style=\"color: #000000;\">Para el a\u00f1o 2025, <strong>la inversi\u00f3n estimada es de 1.400 millones de pesos. El objetivo del municipio es que todas las escuelas del departamento est\u00e9n en inmejorables condiciones al final de la gesti\u00f3n.<\/strong><\/span><\/p>\n<p><a href=\"https:\/\/vinasfm.com\/noticias\/wp-content\/uploads\/2025\/02\/WhatsApp-Image-2025-02-14-at-10.59.16.jpeg\"><img loading=\"lazy\" decoding=\"async\" class=\"alignnone wp-image-144270\" src=\"https:\/\/vinasfm.com\/noticias\/wp-content\/uploads\/2025\/02\/WhatsApp-Image-2025-02-14-at-10.59.16-1024x577.jpeg\" alt=\"\" width=\"600\" height=\"338\" srcset=\"https:\/\/vinasfm.com\/noticias\/wp-content\/uploads\/2025\/02\/WhatsApp-Image-2025-02-14-at-10.59.16-1024x577.jpeg 1024w, https:\/\/vinasfm.com\/noticias\/wp-content\/uploads\/2025\/02\/WhatsApp-Image-2025-02-14-at-10.59.16-300x169.jpeg 300w, https:\/\/vinasfm.com\/noticias\/wp-content\/uploads\/2025\/02\/WhatsApp-Image-2025-02-14-at-10.59.16-768x432.jpeg 768w, https:\/\/vinasfm.com\/noticias\/wp-content\/uploads\/2025\/02\/WhatsApp-Image-2025-02-14-at-10.59.16-1536x865.jpeg 1536w, https:\/\/vinasfm.com\/noticias\/wp-content\/uploads\/2025\/02\/WhatsApp-Image-2025-02-14-at-10.59.16-1140x641.jpeg 1140w, https:\/\/vinasfm.com\/noticias\/wp-content\/uploads\/2025\/02\/WhatsApp-Image-2025-02-14-at-10.59.16.jpeg 1600w\" sizes=\"auto, (max-width: 600px) 100vw, 600px\" \/><\/a><\/p>\n<p><span style=\"color: #000000;\">El Jefe Comunal destac\u00f3 que se ha trabajado para que no haya diferencias entre los Jardines Maternales Municipales y los de las entidades intermedias. Se ha invertido lo mismo en todos y se ha capacitado a todo el personal por igual.<\/span><\/p>\n<p><span style=\"color: #000000;\">Presente en la Inauguraci\u00f3n del Ciclo Lectivo en el establecimiento <em><span class=\"grammar correction\" title=\"En una tipograf\u00eda cuidada, use comillas tipogr\u00e1ficas.\" data-type=\"grammar\" data-suggestions=\"[{&quot;value&quot;:&quot;\u201c&quot;},{&quot;value&quot;:&quot;\u00ab&quot;}]\" data-rule=\"COMILLAS_TIPOGRAFICAS\" data-word=\"&quot;\">\u00ab<\/span>Castillito de mis sue\u00f1os<span class=\"grammar correction\" title=\"En una tipograf\u00eda cuidada, use comillas tipogr\u00e1ficas.\" data-type=\"grammar\" data-suggestions=\"[{&quot;value&quot;:&quot;\u201d&quot;},{&quot;value&quot;:&quot;\u00bb&quot;}]\" data-rule=\"COMILLAS_TIPOGRAFICAS\" data-word=\"&quot;\">\u00bb<\/span><\/em>, de <span class=\"error misspelling\" title=\"Se ha encontrado un posible error ortogr\u00e1fico.\" data-type=\"misspelling\" data-suggestions=\"[{&quot;value&quot;:&quot;Christopher&quot;},{&quot;value&quot;:&quot;Christopher Lee&quot;}]\" data-rule=\"MORFOLOGIK_RULE_ES\" data-word=\"Christophersen\">Christophersen<\/span> y Maip\u00fa, Molero expres\u00f3: <strong><em><span class=\"grammar correction\" title=\"En una tipograf\u00eda cuidada, use comillas tipogr\u00e1ficas.\" data-type=\"grammar\" data-suggestions=\"[{&quot;value&quot;:&quot;\u201c&quot;},{&quot;value&quot;:&quot;\u00ab&quot;}]\" data-rule=\"COMILLAS_TIPOGRAFICAS\" data-word=\"&quot;\">\u201c<\/span>estas son las cosas lindas que nos hacen bien como sociedad. Son las cosas en las que hay que hacer un fuerte hincapi\u00e9, en donde todo lo que se haga es una inversi\u00f3n al futuro de nuestro departamento y en eso no vamos a reducir ning\u00fan tipo de esfuerzo ni a menguar los esfuerzos que se hacen desde el Estado para acompa\u00f1ar este proceso<span class=\"grammar correction\" title=\"En una tipograf\u00eda cuidada, use comillas tipogr\u00e1ficas.\" data-type=\"grammar\" data-suggestions=\"[{&quot;value&quot;:&quot;\u201d&quot;},{&quot;value&quot;:&quot;\u00bb&quot;}]\" data-rule=\"COMILLAS_TIPOGRAFICAS\" data-word=\"&quot;\">\u201d<\/span>.<\/em><\/strong><\/span><\/p>\n","protected":false},"excerpt":{"rendered":"<p>Se trata de un nuevo impulso al m\u00e9todo Montessori en los jardines maternales y una fuerte inversi\u00f3n en infraestructura y equipamiento &#8230;<\/p>\n","protected":false},"author":7,"featured_media":144271,"comment_status":"open","ping_status":"open","sticky":false,"template":"","format":"standard","meta":{"footnotes":""},"categories":[18,78],"tags":[],"class_list":["post-144269","post","type-post","status-publish","format-standard","has-post-thumbnail","hentry","category-educacion","category-municipalidad"],"_links":{"self":[{"href":"https:\/\/vinasfm.com\/noticias\/wp-json\/wp\/v2\/posts\/144269","targetHints":{"allow":["GET"]}}],"collection":[{"href":"https:\/\/vinasfm.com\/noticias\/wp-json\/wp\/v2\/posts"}],"about":[{"href":"https:\/\/vinasfm.com\/noticias\/wp-json\/wp\/v2\/types\/post"}],"author":[{"embeddable":true,"href":"https:\/\/vinasfm.com\/noticias\/wp-json\/wp\/v2\/users\/7"}],"replies":[{"embeddable":true,"href":"https:\/\/vinasfm.com\/noticias\/wp-json\/wp\/v2\/comments?post=144269"}],"version-history":[{"count":1,"href":"https:\/\/vinasfm.com\/noticias\/wp-json\/wp\/v2\/posts\/144269\/revisions"}],"predecessor-version":[{"id":144272,"href":"https:\/\/vinasfm.com\/noticias\/wp-json\/wp\/v2\/posts\/144269\/revisions\/144272"}],"wp:featuredmedia":[{"embeddable":true,"href":"https:\/\/vinasfm.com\/noticias\/wp-json\/wp\/v2\/media\/144271"}],"wp:attachment":[{"href":"https:\/\/vinasfm.com\/noticias\/wp-json\/wp\/v2\/media?parent=144269"}],"wp:term":[{"taxonomy":"category","embeddable":true,"href":"https:\/\/vinasfm.com\/noticias\/wp-json\/wp\/v2\/categories?post=144269"},{"taxonomy":"post_tag","embeddable":true,"href":"https:\/\/vinasfm.com\/noticias\/wp-json\/wp\/v2\/tags?post=144269"}],"curies":[{"name":"wp","href":"https:\/\/api.w.org\/{rel}","templated":true}]}}