{"id":144262,"date":"2025-02-14T10:26:46","date_gmt":"2025-02-14T13:26:46","guid":{"rendered":"https:\/\/vinasfm.com\/noticias\/?p=144262"},"modified":"2025-02-14T10:32:50","modified_gmt":"2025-02-14T13:32:50","slug":"llega-la-final-nacional-de-basquet-adaptado-en-general-alvear","status":"publish","type":"post","link":"https:\/\/vinasfm.com\/noticias\/llega-la-final-nacional-de-basquet-adaptado-en-general-alvear\/","title":{"rendered":"LLEGA LA FINAL NACIONAL DE B\u00c1SQUET ADAPTADO EN GENERAL ALVEAR"},"content":{"rendered":"<h4 data-sourcepos=\"3:1-3:253\"><span style=\"color: #000000;\">Alvear ser\u00e1 el escenario de la final nacional para el ascenso a la B. El evento contar\u00e1 con la participaci\u00f3n de equipos de Misiones, Tucum\u00e1n, Buenos Aires y <strong>DIMOT<\/strong> (Discapacitados Motrices Trabajando), que representa a la provincia de Mendoza.<\/span><\/h4>\n<p data-sourcepos=\"5:1-5:240\"><span style=\"color: #000000;\">Los partidos se jugar\u00e1n el s\u00e1bado a partir de las 09:00 horas y por la tarde a las 18:00 y 20:00 horas, y el domingo a las 09:00 y 11:00 horas. La entrada es libre y gratuita, por lo que se invita a todos los vecinos a asistir y apoyar a los equipos.<\/span><\/p>\n<p data-sourcepos=\"7:1-7:100\"><span style=\"color: #000000;\"><strong>El evento contar\u00e1 con la presencia de jugadores de la selecci\u00f3n argentina en los diferentes equipos.<\/strong><\/span><\/p>\n<p data-sourcepos=\"9:1-9:246\"><span style=\"color: #000000;\"><strong><em>\u00abEstamos muy contentos de poder tener nuevamente la Liga Nacional de B\u00e1squet Adaptado\u00bb<\/em><\/strong>, expres\u00f3 Viviana Lima, Asesora de Discapacidad. <strong><em>\u00abInvitamos a todo vecino de General Alvear que quiera asistir. Es un evento de gran magnitud y muy importante\u00bb.<\/em><\/strong><\/span><\/p>\n<p data-sourcepos=\"11:1-11:157\"><span style=\"color: #000000;\">Lima destac\u00f3 el despliegue de juego de los chicos y la calidad de los equipos participantes. <em><strong>\u00abSe van a sorprender del manejo que tienen los chicos\u00bb<\/strong><\/em>, asegur\u00f3.<\/span><\/p>\n<p data-sourcepos=\"13:1-13:114\"><span style=\"color: #000000;\">La invitaci\u00f3n est\u00e1 hecha para que los vecinos se acerquen a disfrutar de unos buenos partidos de b\u00e1squet adaptado.<\/span><\/p>\n","protected":false},"excerpt":{"rendered":"<p>Alvear ser\u00e1 el escenario de la final nacional para el ascenso a la B. El evento contar\u00e1 con la participaci\u00f3n de &#8230;<\/p>\n","protected":false},"author":7,"featured_media":144263,"comment_status":"open","ping_status":"open","sticky":false,"template":"","format":"standard","meta":{"footnotes":""},"categories":[1],"tags":[],"class_list":["post-144262","post","type-post","status-publish","format-standard","has-post-thumbnail","hentry","category-fmvinas"],"_links":{"self":[{"href":"https:\/\/vinasfm.com\/noticias\/wp-json\/wp\/v2\/posts\/144262","targetHints":{"allow":["GET"]}}],"collection":[{"href":"https:\/\/vinasfm.com\/noticias\/wp-json\/wp\/v2\/posts"}],"about":[{"href":"https:\/\/vinasfm.com\/noticias\/wp-json\/wp\/v2\/types\/post"}],"author":[{"embeddable":true,"href":"https:\/\/vinasfm.com\/noticias\/wp-json\/wp\/v2\/users\/7"}],"replies":[{"embeddable":true,"href":"https:\/\/vinasfm.com\/noticias\/wp-json\/wp\/v2\/comments?post=144262"}],"version-history":[{"count":2,"href":"https:\/\/vinasfm.com\/noticias\/wp-json\/wp\/v2\/posts\/144262\/revisions"}],"predecessor-version":[{"id":144268,"href":"https:\/\/vinasfm.com\/noticias\/wp-json\/wp\/v2\/posts\/144262\/revisions\/144268"}],"wp:featuredmedia":[{"embeddable":true,"href":"https:\/\/vinasfm.com\/noticias\/wp-json\/wp\/v2\/media\/144263"}],"wp:attachment":[{"href":"https:\/\/vinasfm.com\/noticias\/wp-json\/wp\/v2\/media?parent=144262"}],"wp:term":[{"taxonomy":"category","embeddable":true,"href":"https:\/\/vinasfm.com\/noticias\/wp-json\/wp\/v2\/categories?post=144262"},{"taxonomy":"post_tag","embeddable":true,"href":"https:\/\/vinasfm.com\/noticias\/wp-json\/wp\/v2\/tags?post=144262"}],"curies":[{"name":"wp","href":"https:\/\/api.w.org\/{rel}","templated":true}]}}