{"id":144243,"date":"2025-02-13T21:10:58","date_gmt":"2025-02-14T00:10:58","guid":{"rendered":"https:\/\/vinasfm.com\/noticias\/?p=144243"},"modified":"2025-02-13T21:15:10","modified_gmt":"2025-02-14T00:15:10","slug":"este-sabado-la-comunidad-alvearense-se-uno-en-la-lucha-contra-el-cancer-infantil","status":"publish","type":"post","link":"https:\/\/vinasfm.com\/noticias\/este-sabado-la-comunidad-alvearense-se-uno-en-la-lucha-contra-el-cancer-infantil\/","title":{"rendered":"ESTE S\u00c1BADO, LA COMUNIDAD ALVEARENSE SE UNE EN LA LUCHA CONTRA EL C\u00c1NCER INFANTIL"},"content":{"rendered":"<h4><span style=\"color: #000000;\">En conmemoraci\u00f3n del D\u00eda Internacional de la Lucha contra el C\u00e1ncer Infantil, este 15 de febrero, la Plaza de la Tradici\u00f3n en el B\u00b0 El Nevado ser\u00e1 el escenario de un acto significativo. Paula Lucero, Coordinadora de Ni\u00f1ez y Adolescencia, invita a la comunidad y a los ni\u00f1os a participar en esta jornada de sensibilizaci\u00f3n y apoyo.<\/span><\/h4>\n<p><span style=\"color: #000000;\">El evento, que comenzar\u00e1 a las 19:30, contar\u00e1 con diversas actividades para toda la familia. <strong>Uno de los momentos m\u00e1s destacados ser\u00e1 la inauguraci\u00f3n del \u00abcoraz\u00f3n de metal\u00bb, una estructura donde los ni\u00f1os podr\u00e1n depositar tapitas de pl\u00e1stico.<\/strong> Esta iniciativa tiene como objetivo visibilizar la Ley Oncopedi\u00e1trica, promover el cuidado del medio ambiente y recaudar fondos para tratamientos oncopedi\u00e1tricos en el Hospital Noti, as\u00ed como para la compra de juguetes y material did\u00e1ctico.<\/span><\/p>\n<p><span style=\"color: #000000;\">Adem\u00e1s, se inaugurar\u00e1 un mural conmemorativo y comunitario, donde los ni\u00f1os podr\u00e1n expresar su creatividad y dejar su huella en este espacio de encuentro. Se recomienda asistir con ropa c\u00f3moda, ya que habr\u00e1 actividades recreativas para los m\u00e1s peque\u00f1os.<\/span><\/p>\n<p><span style=\"color: #000000;\">Durante el acto, se homenajear\u00e1 a cuatro familias del departamento que han enfrentado el c\u00e1ncer infantil y se reconocer\u00e1 la labor de <strong>Camila Pacheco,<\/strong> pionera en la promoci\u00f3n de la ley oncopedi\u00e1trica en la provincia.<\/span><\/p>\n<p><span style=\"color: #000000;\">La<em> Coordinadora de Ni\u00f1ez y Adolescencia,<\/em><\/span> <span style=\"color: #003366;\"><strong>Paula Lucero<\/strong><\/span><span style=\"color: #000000;\">, invit\u00f3 a la comunidad a vestir de amarillo, el color que simboliza la lucha contra el c\u00e1ncer infantil, y que iluminar\u00e1 edificios emblem\u00e1ticos como la municipalidad y el monumento.<\/span><\/p>\n<p><span style=\"color: #000000;\">\u00abEs un momento muy especial, no solamente para informar y concientizar, sino principalmente para acompa\u00f1ar a todas aquellas familias que transitaron o que est\u00e1n transitando esta enfermedad en sus hijos\u00bb, expres\u00f3 Paula Lucero, subrayando la importancia de apoyar a quienes m\u00e1s lo necesitan.<\/span><\/p>\n<p><span style=\"color: #000000;\">La jornada concluir\u00e1 con un sorteo para los ni\u00f1os que hayan llevado tapitas, gracias al apoyo de los comercios de General Alvear.<\/span><\/p>\n","protected":false},"excerpt":{"rendered":"<p>En conmemoraci\u00f3n del D\u00eda Internacional de la Lucha contra el C\u00e1ncer Infantil, este 15 de febrero, la Plaza de la Tradici\u00f3n &#8230;<\/p>\n","protected":false},"author":7,"featured_media":144246,"comment_status":"open","ping_status":"open","sticky":false,"template":"","format":"standard","meta":{"footnotes":""},"categories":[1],"tags":[],"class_list":["post-144243","post","type-post","status-publish","format-standard","has-post-thumbnail","hentry","category-fmvinas"],"_links":{"self":[{"href":"https:\/\/vinasfm.com\/noticias\/wp-json\/wp\/v2\/posts\/144243","targetHints":{"allow":["GET"]}}],"collection":[{"href":"https:\/\/vinasfm.com\/noticias\/wp-json\/wp\/v2\/posts"}],"about":[{"href":"https:\/\/vinasfm.com\/noticias\/wp-json\/wp\/v2\/types\/post"}],"author":[{"embeddable":true,"href":"https:\/\/vinasfm.com\/noticias\/wp-json\/wp\/v2\/users\/7"}],"replies":[{"embeddable":true,"href":"https:\/\/vinasfm.com\/noticias\/wp-json\/wp\/v2\/comments?post=144243"}],"version-history":[{"count":5,"href":"https:\/\/vinasfm.com\/noticias\/wp-json\/wp\/v2\/posts\/144243\/revisions"}],"predecessor-version":[{"id":144249,"href":"https:\/\/vinasfm.com\/noticias\/wp-json\/wp\/v2\/posts\/144243\/revisions\/144249"}],"wp:featuredmedia":[{"embeddable":true,"href":"https:\/\/vinasfm.com\/noticias\/wp-json\/wp\/v2\/media\/144246"}],"wp:attachment":[{"href":"https:\/\/vinasfm.com\/noticias\/wp-json\/wp\/v2\/media?parent=144243"}],"wp:term":[{"taxonomy":"category","embeddable":true,"href":"https:\/\/vinasfm.com\/noticias\/wp-json\/wp\/v2\/categories?post=144243"},{"taxonomy":"post_tag","embeddable":true,"href":"https:\/\/vinasfm.com\/noticias\/wp-json\/wp\/v2\/tags?post=144243"}],"curies":[{"name":"wp","href":"https:\/\/api.w.org\/{rel}","templated":true}]}}