{"id":144240,"date":"2025-02-13T20:58:03","date_gmt":"2025-02-13T23:58:03","guid":{"rendered":"https:\/\/vinasfm.com\/noticias\/?p=144240"},"modified":"2025-02-13T20:58:03","modified_gmt":"2025-02-13T23:58:03","slug":"comenzaron-las-jornadas-institucionales-en-todos-los-niveles-y-modalidades","status":"publish","type":"post","link":"https:\/\/vinasfm.com\/noticias\/comenzaron-las-jornadas-institucionales-en-todos-los-niveles-y-modalidades\/","title":{"rendered":"COMENZARON LAS JORNADAS INSTITUCIONALES EN TODOS LOS NIVELES Y MODALIDADES"},"content":{"rendered":"<h4>Continuar\u00e1n hasta el viernes 14. Es el primer encuentro para trabajar en las problem\u00e1ticas surgidas en el ciclo lectivo pasado.<\/h4>\n<p>Comenzaron a desarrollarse este jueves las jornadas institucionales en todos los niveles y modalidades de la provincia, que continuar\u00e1n hasta el viernes 14. Esta actividad es muy importante en el calendario escolar, ya que es el primer encuentro entre los docentes para trabajar firmemente en las problem\u00e1ticas que surgieron en el 2024.<\/p>\n<p>En la zona del Valle de Uco, la escuela secundaria 4-260 Alma de Monta\u00f1a, ubicada en el distrito La Carrera, Tupungato, y que comparte edificio con la escuela primaria 1-518 Domingo L. Bombal, realiz\u00f3 una intensa jornada con su personal.<\/p>\n<p>Ivana Rodr\u00edguez, directora de la instituci\u00f3n, afirm\u00f3: \u201cEl formato que nosotros hemos utilizado para trabajar, tanto en las jornadas de diciembre como las de ahora, es por \u00e1reas, trabajando sobre la problem\u00e1tica que presenta dicha \u00e1rea de conocimiento -ingl\u00e9s, lengua, matem\u00e1ticas, etc\u00e9tera-, y proponiendo, a ra\u00edz de esos problemas, proyectos concretos de trabajo visualizados en un calendario general, con informes y cortes parciales y con una apuesta de llegada que es la muestra de un bachiller donde se aprecia todo lo trabajado\u201d.<\/p>\n<p>Cabe destacar que la propuesta del Bachiller en Agro y Ambiente que ofrece la escuela busca apoyar a los chicos en el desarrollo de microemprendimientos.<\/p>\n<p>Por su lado, la asesora de la escuela secundaria 4-260, Alejandra Herrera, manifest\u00f3: \u201cHemos trabajado para fortalecer cada una de las \u00e1reas, pensando principalmente en las problem\u00e1ticas presentadas en lengua y matem\u00e1tica. Los resultados en matem\u00e1tica no son muy buenos, es algo que hay que revisar permanentemente. De hecho, se trabaja a lo largo del a\u00f1o en diferentes estrategias para motivar a los chicos a que rindan, y que rindan bien\u201d.<\/p>\n<p>Herrera explic\u00f3 adem\u00e1s que hay recursos y apoyos de horas para fortalecer tanto esos espacios, como tambi\u00e9n los de fluidez lectora, en el \u00e1rea de lengua. En 2024, la instituci\u00f3n trabaj\u00f3 varios proyectos que tienen que ver con la producci\u00f3n, como una revista escolar. Este a\u00f1o, existe el proyecto de la creaci\u00f3n de una radio.<\/p>\n","protected":false},"excerpt":{"rendered":"<p>Continuar\u00e1n hasta el viernes 14. Es el primer encuentro para trabajar en las problem\u00e1ticas surgidas en el ciclo lectivo pasado. Comenzaron &#8230;<\/p>\n","protected":false},"author":7,"featured_media":144241,"comment_status":"open","ping_status":"open","sticky":false,"template":"","format":"standard","meta":{"footnotes":""},"categories":[1],"tags":[],"class_list":["post-144240","post","type-post","status-publish","format-standard","has-post-thumbnail","hentry","category-fmvinas"],"_links":{"self":[{"href":"https:\/\/vinasfm.com\/noticias\/wp-json\/wp\/v2\/posts\/144240","targetHints":{"allow":["GET"]}}],"collection":[{"href":"https:\/\/vinasfm.com\/noticias\/wp-json\/wp\/v2\/posts"}],"about":[{"href":"https:\/\/vinasfm.com\/noticias\/wp-json\/wp\/v2\/types\/post"}],"author":[{"embeddable":true,"href":"https:\/\/vinasfm.com\/noticias\/wp-json\/wp\/v2\/users\/7"}],"replies":[{"embeddable":true,"href":"https:\/\/vinasfm.com\/noticias\/wp-json\/wp\/v2\/comments?post=144240"}],"version-history":[{"count":1,"href":"https:\/\/vinasfm.com\/noticias\/wp-json\/wp\/v2\/posts\/144240\/revisions"}],"predecessor-version":[{"id":144242,"href":"https:\/\/vinasfm.com\/noticias\/wp-json\/wp\/v2\/posts\/144240\/revisions\/144242"}],"wp:featuredmedia":[{"embeddable":true,"href":"https:\/\/vinasfm.com\/noticias\/wp-json\/wp\/v2\/media\/144241"}],"wp:attachment":[{"href":"https:\/\/vinasfm.com\/noticias\/wp-json\/wp\/v2\/media?parent=144240"}],"wp:term":[{"taxonomy":"category","embeddable":true,"href":"https:\/\/vinasfm.com\/noticias\/wp-json\/wp\/v2\/categories?post=144240"},{"taxonomy":"post_tag","embeddable":true,"href":"https:\/\/vinasfm.com\/noticias\/wp-json\/wp\/v2\/tags?post=144240"}],"curies":[{"name":"wp","href":"https:\/\/api.w.org\/{rel}","templated":true}]}}