{"id":144234,"date":"2025-02-13T18:12:30","date_gmt":"2025-02-13T21:12:30","guid":{"rendered":"https:\/\/vinasfm.com\/noticias\/?p=144234"},"modified":"2025-02-17T08:20:43","modified_gmt":"2025-02-17T11:20:43","slug":"en-convenio-con-la-universidad-maza-general-alvear-da-inicio-al-profesorado-de-educacion-fisica","status":"publish","type":"post","link":"https:\/\/vinasfm.com\/noticias\/en-convenio-con-la-universidad-maza-general-alvear-da-inicio-al-profesorado-de-educacion-fisica\/","title":{"rendered":"EN CONVENIO CON LA UNIVERSIDAD MAZA, GENERAL ALVEAR DA INICIO AL PROFESORADO DE EDUCACI\u00d3N F\u00cdSICA"},"content":{"rendered":"<h4>\u00a0Durante la ma\u00f1ana del jueves, en el Sal\u00f3n San Mar\u00edn del HCD, se llev\u00f3 a cabo la primera reuni\u00f3n de inducci\u00f3n del Profesorado de Educaci\u00f3n F\u00edsica, un proyecto que se materializa gracias al convenio entre la Municipalidad de General Alvear y la Universidad Juan Agust\u00edn Maza.<\/h4>\n<p>Este nuevo trayecto educativo brindar\u00e1 a los estudiantes la oportunidad de formarse como profesionales en el \u00e1mbito del deporte y la educaci\u00f3n f\u00edsica, con la posibilidad de acceder a un t\u00edtulo intermedio y una licenciatura.<\/p>\n<p>El <em>director de Educaci\u00f3n<\/em>, <span style=\"color: #003366;\"><strong>Jos\u00e9 Mor\u00e1n<\/strong><\/span>, destac\u00f3 la importancia de este primer encuentro, que sirvi\u00f3 para orientar a los alumnos sobre la estructura del profesorado, el cronograma de materias y el funcionamiento de la plataforma virtual y las clases presenciales.<em><strong> \u00abParece impensado, pero hoy ya es una realidad: General Alvear cuenta con el Profesorado de Educaci\u00f3n F\u00edsica\u00bb<\/strong><\/em>, expres\u00f3 con entusiasmo Mor\u00e1n.<\/p>\n<p>Durante la reuni\u00f3n, tambi\u00e9n se present\u00f3 al coordinador de la carrera, quien explic\u00f3 en detalle el proceso acad\u00e9mico que los alumnos seguir\u00e1n a lo largo de los cuatro a\u00f1os de formaci\u00f3n. <strong>Este plan educativo no solo garantiza la obtenci\u00f3n del t\u00edtulo de Profesor de Educaci\u00f3n F\u00edsica, sino que tambi\u00e9n ofrece la posibilidad de una Licenciatura en el \u00e1rea.<\/strong><\/p>\n<p><a href=\"https:\/\/vinasfm.com\/noticias\/wp-content\/uploads\/2025\/02\/foto-7-scaled.jpg\"><img loading=\"lazy\" decoding=\"async\" class=\"alignnone size-medium wp-image-144235\" src=\"https:\/\/vinasfm.com\/noticias\/wp-content\/uploads\/2025\/02\/foto-7-300x169.jpg\" alt=\"\" width=\"300\" height=\"169\" srcset=\"https:\/\/vinasfm.com\/noticias\/wp-content\/uploads\/2025\/02\/foto-7-300x169.jpg 300w, https:\/\/vinasfm.com\/noticias\/wp-content\/uploads\/2025\/02\/foto-7-1024x576.jpg 1024w, https:\/\/vinasfm.com\/noticias\/wp-content\/uploads\/2025\/02\/foto-7-768x432.jpg 768w, https:\/\/vinasfm.com\/noticias\/wp-content\/uploads\/2025\/02\/foto-7-1536x864.jpg 1536w, https:\/\/vinasfm.com\/noticias\/wp-content\/uploads\/2025\/02\/foto-7-2048x1152.jpg 2048w, https:\/\/vinasfm.com\/noticias\/wp-content\/uploads\/2025\/02\/foto-7-750x420.jpg 750w, https:\/\/vinasfm.com\/noticias\/wp-content\/uploads\/2025\/02\/foto-7-1140x641.jpg 1140w\" sizes=\"auto, (max-width: 300px) 100vw, 300px\" \/><\/a> <a href=\"https:\/\/vinasfm.com\/noticias\/wp-content\/uploads\/2025\/02\/foto-5-scaled.jpg\"><img loading=\"lazy\" decoding=\"async\" class=\"alignnone size-medium wp-image-144236\" src=\"https:\/\/vinasfm.com\/noticias\/wp-content\/uploads\/2025\/02\/foto-5-300x169.jpg\" alt=\"\" width=\"300\" height=\"169\" srcset=\"https:\/\/vinasfm.com\/noticias\/wp-content\/uploads\/2025\/02\/foto-5-300x169.jpg 300w, https:\/\/vinasfm.com\/noticias\/wp-content\/uploads\/2025\/02\/foto-5-1024x576.jpg 1024w, https:\/\/vinasfm.com\/noticias\/wp-content\/uploads\/2025\/02\/foto-5-768x432.jpg 768w, https:\/\/vinasfm.com\/noticias\/wp-content\/uploads\/2025\/02\/foto-5-1536x864.jpg 1536w, https:\/\/vinasfm.com\/noticias\/wp-content\/uploads\/2025\/02\/foto-5-2048x1152.jpg 2048w, https:\/\/vinasfm.com\/noticias\/wp-content\/uploads\/2025\/02\/foto-5-750x420.jpg 750w, https:\/\/vinasfm.com\/noticias\/wp-content\/uploads\/2025\/02\/foto-5-1140x641.jpg 1140w\" sizes=\"auto, (max-width: 300px) 100vw, 300px\" \/><\/a><\/p>\n<p><span style=\"color: #003366;\"><strong>Diego Flores<\/strong><\/span>, <em>coordinador de la extensi\u00f3n \u00e1ulica de la Universidad Maza en Alvear<\/em>, resalt\u00f3 la importancia de esta iniciativa dentro del proceso de descentralizaci\u00f3n educativa de la universidad. <em><strong>\u00abLa Universidad Juan Agust\u00edn Maza tiene presencia en varias regiones de Mendoza, y ahora tambi\u00e9n en Alvear, permitiendo que los j\u00f3venes accedan a formaci\u00f3n universitaria sin necesidad de trasladarse a otras ciudades\u00bb<\/strong><\/em>, se\u00f1al\u00f3 Flores.<\/p>\n<p>La posibilidad de obtener un t\u00edtulo intermedio de T\u00e9cnico Deportivo a los dos a\u00f1os y la posterior licenciatura representa un gran avance para el departamento. <em><strong>\u00abHoy los j\u00f3venes alvearenses tienen la oportunidad de convertirse en profesores de Educaci\u00f3n F\u00edsica sin salir de su ciudad. Esto es lo que buscamos: apostar a la educaci\u00f3n y al desarrollo de nuestra comunidad\u00bb<\/strong><\/em>, concluy\u00f3 Mor\u00e1n.<\/p>\n<p>Uno de los aspectos m\u00e1s destacados es el apoyo econ\u00f3mico brindado por la Municipalidad de General Alvear. Seg\u00fan se explic\u00f3, <strong>los alumnos solo abonar\u00e1n el 25% del arancel, ya que el municipio cubrir\u00e1 la mayor parte de los costos, incluyendo gastos operativos como el traslado de docentes y el uso de infraestructura deportiva.<\/strong><\/p>\n","protected":false},"excerpt":{"rendered":"<p>\u00a0Durante la ma\u00f1ana del jueves, en el Sal\u00f3n San Mar\u00edn del HCD, se llev\u00f3 a cabo la primera reuni\u00f3n de inducci\u00f3n &#8230;<\/p>\n","protected":false},"author":7,"featured_media":144237,"comment_status":"open","ping_status":"open","sticky":false,"template":"","format":"standard","meta":{"footnotes":""},"categories":[10,18],"tags":[],"class_list":["post-144234","post","type-post","status-publish","format-standard","has-post-thumbnail","hentry","category-destacadas","category-educacion"],"_links":{"self":[{"href":"https:\/\/vinasfm.com\/noticias\/wp-json\/wp\/v2\/posts\/144234","targetHints":{"allow":["GET"]}}],"collection":[{"href":"https:\/\/vinasfm.com\/noticias\/wp-json\/wp\/v2\/posts"}],"about":[{"href":"https:\/\/vinasfm.com\/noticias\/wp-json\/wp\/v2\/types\/post"}],"author":[{"embeddable":true,"href":"https:\/\/vinasfm.com\/noticias\/wp-json\/wp\/v2\/users\/7"}],"replies":[{"embeddable":true,"href":"https:\/\/vinasfm.com\/noticias\/wp-json\/wp\/v2\/comments?post=144234"}],"version-history":[{"count":1,"href":"https:\/\/vinasfm.com\/noticias\/wp-json\/wp\/v2\/posts\/144234\/revisions"}],"predecessor-version":[{"id":144238,"href":"https:\/\/vinasfm.com\/noticias\/wp-json\/wp\/v2\/posts\/144234\/revisions\/144238"}],"wp:featuredmedia":[{"embeddable":true,"href":"https:\/\/vinasfm.com\/noticias\/wp-json\/wp\/v2\/media\/144237"}],"wp:attachment":[{"href":"https:\/\/vinasfm.com\/noticias\/wp-json\/wp\/v2\/media?parent=144234"}],"wp:term":[{"taxonomy":"category","embeddable":true,"href":"https:\/\/vinasfm.com\/noticias\/wp-json\/wp\/v2\/categories?post=144234"},{"taxonomy":"post_tag","embeddable":true,"href":"https:\/\/vinasfm.com\/noticias\/wp-json\/wp\/v2\/tags?post=144234"}],"curies":[{"name":"wp","href":"https:\/\/api.w.org\/{rel}","templated":true}]}}