{"id":144231,"date":"2025-02-13T12:14:16","date_gmt":"2025-02-13T15:14:16","guid":{"rendered":"https:\/\/vinasfm.com\/noticias\/?p=144231"},"modified":"2025-02-17T08:20:56","modified_gmt":"2025-02-17T11:20:56","slug":"el-papa-francisco-acepto-la-renuncia-del-mons-carlos-maria-dominguez","status":"publish","type":"post","link":"https:\/\/vinasfm.com\/noticias\/el-papa-francisco-acepto-la-renuncia-del-mons-carlos-maria-dominguez\/","title":{"rendered":"EL PAPA FRANCISCO ACEPT\u00d3 LA RENUNCIA DEL MONS. CARLOS MAR\u00cdA DOM\u00cdNGUEZ"},"content":{"rendered":"<h4><span style=\"color: #000000;\">El Obispo de la Di\u00f3cesis de San Rafael pidi\u00f3 que recen por \u00e9l. Se design\u00f3 a monse\u00f1or Marcelo Mazzitelli como Administrador Apost\u00f3lico.<\/span><\/h4>\n<p><span style=\"color: #000000;\">El Papa Francisco acept\u00f3 la renuncia de monse\u00f1o<span style=\"color: #003366;\">r\u00a0<strong>Carlos Mar\u00eda Dom\u00ednguez<\/strong>\u00a0<\/span>como obispo de la Di\u00f3cesis de San Rafael y design\u00f3 a monse\u00f1or\u00a0<strong><span style=\"color: #003366;\">Marcelo Fabi\u00e1n Mazzitelli<\/span>\u00a0<\/strong>como Administrador Apost\u00f3lico sede vacante.<\/span><\/p>\n<p><span style=\"color: #000000;\">La Santa Sede confirm\u00f3 oficialmente la decisi\u00f3n del sumo pont\u00edfice y anunci\u00f3 que Mazzitelli, actual obispo titular de Pauzera y auxiliar de la arquidi\u00f3cesis de Mendoza, asumir\u00e1 la conducci\u00f3n pastoral de la di\u00f3cesis en este per\u00edodo de transici\u00f3n.<\/span><\/p>\n<p><span style=\"color: #000000;\"><img decoding=\"async\" src=\"https:\/\/i0.wp.com\/www.elsol.com.ar\/wp-content\/uploads\/2025\/02\/67ade1b90de36_700_420.jpg?resize=700%2C420&amp;ssl=1\" \/><\/span><\/p>\n<h2 id=\"h-un-anuncio-inesperado\" class=\"wp-block-heading\"><span style=\"color: #000000;\">Un anuncio inesperado<\/span><\/h2>\n<p><span style=\"color: #000000;\">La renuncia de Dom\u00ednguez tom\u00f3 por sorpresa a la comunidad eclesi\u00e1stica. <strong>El pasado martes, ten\u00eda previstas dos actividades en el Hospital Shestakow y en la Iglesia de Lourdes, pero no las llev\u00f3 adelante.<\/strong><\/span><\/p>\n<aside class=\"scaip scaip-1    \"><\/aside>\n<p><span style=\"color: #000000;\">A trav\u00e9s de un comunicado, el ahora obispo em\u00e9rito explic\u00f3 los motivos de su decisi\u00f3n:<\/span><\/p>\n<p><span style=\"color: #000000;\"><em><strong>\u201cPor cuestiones de \u00edndole personal he presentado mi renuncia al gobierno pastoral como Obispo diocesano de San Rafael al Santo Padre Francisco, a quien le agradezco su confianza cuando me nombr\u00f3 obispo de esta Di\u00f3cesis\u201d<\/strong><\/em>, mencion\u00f3 en el escrito.<\/span><\/p>\n<p><span style=\"color: #000000;\">Dom\u00ednguez reconoci\u00f3 el impacto que gener\u00f3 la noticia y expres\u00f3 su dolor por la decisi\u00f3n tomada: <em><strong>\u201cIntuyo la perplejidad que cause en todos ustedes esta noticia. Pero, cr\u00e9anme, esta decisi\u00f3n me causa un profundo dolor. Durante tres a\u00f1os -uno como Administrador Apost\u00f3lico y dos como Obispo diocesano- me entregu\u00e9 con todo el coraz\u00f3n a esta Iglesia de San Rafael\u201d.<\/strong><\/em><\/span><\/p>\n<aside class=\"scaip scaip-2    \"><\/aside>\n<p><span style=\"color: #000000;\">En su mensaje, tambi\u00e9n agradeci\u00f3 el apoyo recibido y pidi\u00f3 perd\u00f3n: <em><strong>\u201cQuiero darles infinitas gracias por las incesantes muestras de afecto y por sentirme siempre acompa\u00f1ado por la oraci\u00f3n de todos. Quiero pedirles perd\u00f3n por lo que hice mal, por lo que no hice y por lo que no supe hacer\u201d.<\/strong><\/em><\/span><\/p>\n<p><span style=\"color: #000000;\">Finalmente, solicit\u00f3 oraciones para afrontar esta nueva etapa: <em><strong>\u201cRecen mucho por m\u00ed, que en estos momentos me hace mucha falta. Yo rezo y rezar\u00e9 siempre por ustedes y por esta Di\u00f3cesis a la que amo\u201d.<\/strong><\/em><\/span><\/p>\n<p><span style=\"color: #000000;\">El comunicado concluy\u00f3 con una bendici\u00f3n y la encomienda a la Virgen de Lourdes y a San Rafael.<\/span><\/p>\n","protected":false},"excerpt":{"rendered":"<p>El Obispo de la Di\u00f3cesis de San Rafael pidi\u00f3 que recen por \u00e9l. Se design\u00f3 a monse\u00f1or Marcelo Mazzitelli como Administrador &#8230;<\/p>\n","protected":false},"author":7,"featured_media":144232,"comment_status":"open","ping_status":"open","sticky":false,"template":"","format":"standard","meta":{"footnotes":""},"categories":[10,63],"tags":[],"class_list":["post-144231","post","type-post","status-publish","format-standard","has-post-thumbnail","hentry","category-destacadas","category-iglesia"],"_links":{"self":[{"href":"https:\/\/vinasfm.com\/noticias\/wp-json\/wp\/v2\/posts\/144231","targetHints":{"allow":["GET"]}}],"collection":[{"href":"https:\/\/vinasfm.com\/noticias\/wp-json\/wp\/v2\/posts"}],"about":[{"href":"https:\/\/vinasfm.com\/noticias\/wp-json\/wp\/v2\/types\/post"}],"author":[{"embeddable":true,"href":"https:\/\/vinasfm.com\/noticias\/wp-json\/wp\/v2\/users\/7"}],"replies":[{"embeddable":true,"href":"https:\/\/vinasfm.com\/noticias\/wp-json\/wp\/v2\/comments?post=144231"}],"version-history":[{"count":1,"href":"https:\/\/vinasfm.com\/noticias\/wp-json\/wp\/v2\/posts\/144231\/revisions"}],"predecessor-version":[{"id":144233,"href":"https:\/\/vinasfm.com\/noticias\/wp-json\/wp\/v2\/posts\/144231\/revisions\/144233"}],"wp:featuredmedia":[{"embeddable":true,"href":"https:\/\/vinasfm.com\/noticias\/wp-json\/wp\/v2\/media\/144232"}],"wp:attachment":[{"href":"https:\/\/vinasfm.com\/noticias\/wp-json\/wp\/v2\/media?parent=144231"}],"wp:term":[{"taxonomy":"category","embeddable":true,"href":"https:\/\/vinasfm.com\/noticias\/wp-json\/wp\/v2\/categories?post=144231"},{"taxonomy":"post_tag","embeddable":true,"href":"https:\/\/vinasfm.com\/noticias\/wp-json\/wp\/v2\/tags?post=144231"}],"curies":[{"name":"wp","href":"https:\/\/api.w.org\/{rel}","templated":true}]}}