{"id":144136,"date":"2025-02-11T20:05:33","date_gmt":"2025-02-11T23:05:33","guid":{"rendered":"https:\/\/vinasfm.com\/noticias\/?p=144136"},"modified":"2025-02-11T20:31:35","modified_gmt":"2025-02-11T23:31:35","slug":"choque-triple-en-olavarria-hay-alvearenses-involucrados","status":"publish","type":"post","link":"https:\/\/vinasfm.com\/noticias\/choque-triple-en-olavarria-hay-alvearenses-involucrados\/","title":{"rendered":"CHOQUE TRIPLE EN OLAVARR\u00cdA: HAY ALVEARENSES INVOLUCRADOS"},"content":{"rendered":"<h4>Cerca de las 15:00 horas de este martes la sirena de los Bomberos Voluntarios alert\u00f3 sobre un accidente ocurrido minutos antes sobre la ruta 226, a unos 35 kil\u00f3metros de la plata urbana de Bol\u00edvar, en el que se vieron involucrados tres veh\u00edculos y un total de 10 personas que circulaban en ellos.<\/h4>\n<p>El episodio fue verdaderamente impactante ya que todo sucedi\u00f3 en una amplia curva hacia la derecha, teniendo en cuenta la circulaci\u00f3n Bol\u00edvar-Olavarr\u00eda, que por precauci\u00f3n tiene colocadas en sus laterales defensas tripo guard rail y que ha sido escenario de otros accidentes incluso mortales, como lo dan cuenta las estrellas amarillas pintadas sobre el asfalto.<\/p>\n<p>Una camioneta Chevrolet S10 color negro, con dominio AE 427 DG, conducida por el bolivarense N\u00e9stor Vaquero, se trasladaba por la ruta en direcci\u00f3n hacia Olavarr\u00eda y, sobre el peralte de la curva, primero embisti\u00f3 a un Chevrolet Cruze con patente AC 080 OU con cinco ocupantes a bordo y de inmediato hizo lo propio con una Toyota SW4 patentada AG 228 QU en la que viajaban 4 personas.<\/p>\n<p><a href=\"https:\/\/vinasfm.com\/noticias\/wp-content\/uploads\/2025\/02\/Screenshot_20250211-203001.jpg\"><img loading=\"lazy\" decoding=\"async\" class=\"alignnone size-medium wp-image-144140\" src=\"https:\/\/vinasfm.com\/noticias\/wp-content\/uploads\/2025\/02\/Screenshot_20250211-203001-300x170.jpg\" alt=\"\" width=\"300\" height=\"170\" srcset=\"https:\/\/vinasfm.com\/noticias\/wp-content\/uploads\/2025\/02\/Screenshot_20250211-203001-300x170.jpg 300w, https:\/\/vinasfm.com\/noticias\/wp-content\/uploads\/2025\/02\/Screenshot_20250211-203001.jpg 657w\" sizes=\"auto, (max-width: 300px) 100vw, 300px\" \/><\/a><\/p>\n<p><strong>En el Chevrolet se trasladaban Lucas y Nicol\u00e1s Iriarte, Agust\u00edn Zabala, Ignacio Mary y Marcos G\u00f3mez, todos domiciliados en Mendoza, quienes retornaban hacia su ciudad luego de pasar sus vacaciones en Pinamar.<\/strong><\/p>\n<p>En tanto, en la Toyota lo hac\u00eda una familia domiciliada en R\u00edo Cuarto, provincia de C\u00f3rdoba, hacia donde se dirig\u00edan tambi\u00e9n retornando de una estad\u00eda de vacaciones en la costa. Uno de los integrantes de esa familia, Gustavo Pintado, dijo a este medio que lo hac\u00eda en compa\u00f1\u00eda de su esposa, un hijo y un nieto.<\/p>\n<p><a href=\"https:\/\/vinasfm.com\/noticias\/wp-content\/uploads\/2025\/02\/Screenshot_20250211-203004.jpg\"><img loading=\"lazy\" decoding=\"async\" class=\"alignnone size-medium wp-image-144141\" src=\"https:\/\/vinasfm.com\/noticias\/wp-content\/uploads\/2025\/02\/Screenshot_20250211-203004-300x163.jpg\" alt=\"\" width=\"300\" height=\"163\" srcset=\"https:\/\/vinasfm.com\/noticias\/wp-content\/uploads\/2025\/02\/Screenshot_20250211-203004-300x163.jpg 300w, https:\/\/vinasfm.com\/noticias\/wp-content\/uploads\/2025\/02\/Screenshot_20250211-203004.jpg 669w\" sizes=\"auto, (max-width: 300px) 100vw, 300px\" \/><\/a><\/p>\n<p>La espectacularidad del impacto gener\u00f3, adem\u00e1s, que este \u00faltimo veh\u00edculo mencionado fuera literalmente empujado hacia el pr\u00e9stamo de la ruta y, pasando sobre el guard rail, cayera unos tres metros debajo del talud. La activaci\u00f3n de los airbags fue sin dudas la causa de que no registraran sus ocupantes da\u00f1os mayores, m\u00e1s all\u00e1 de que la mujer qued\u00f3 atrapada dentro del habit\u00e1culo y debi\u00f3 ser asistida por servidores p\u00fablicos para ser extra\u00edda y llevada, m\u00e1s tarde, al hospital Capredoni v\u00edctima de algunos golpes que, en principio, no revest\u00edan gravedad.<\/p>\n<p><strong><em>Como resultado del siniestro, al menos 5 personas fueron llevadas al hospital local, la mayor\u00eda de ellas por cuestiones de prevenci\u00f3n. Se trata de tres integrantes de la familia de C\u00f3rdoba y dos de los mendocinos involucrados<\/em>.<\/strong><\/p>\n<p>Varias ambulancias del hospital de Bol\u00edvar fueron destinadas al sitio del accidente, registr\u00e1ndose las presencias de los doctores Etcheverry, Gonz\u00e1lez y otros m\u00e1s pertenecientes a la Guardia del Capredoni.<\/p>\n<p>En tanto, <strong>fue muy importante la labor desempe\u00f1ada por efectivos de Seguridad Vial y de Bomberos Voluntarios, estos \u00faltimos con una dotaci\u00f3n a cargo de Franco Rojas, que se traslad\u00f3 a bordo de la Unidad de Rescate N\u00ba 8.<\/strong><\/p>\n<p>Hierros, pl\u00e1sticos y vidrios rotos esparcidos a lo largo de un centenar de metros, y el estado en el que quedaron los veh\u00edculos, dan cuenta de la virulencia del choque protagonizado.<\/p>\n","protected":false},"excerpt":{"rendered":"<p>Cerca de las 15:00 horas de este martes la sirena de los Bomberos Voluntarios alert\u00f3 sobre un accidente ocurrido minutos antes &#8230;<\/p>\n","protected":false},"author":7,"featured_media":144137,"comment_status":"open","ping_status":"open","sticky":false,"template":"","format":"standard","meta":{"footnotes":""},"categories":[1],"tags":[],"class_list":["post-144136","post","type-post","status-publish","format-standard","has-post-thumbnail","hentry","category-fmvinas"],"_links":{"self":[{"href":"https:\/\/vinasfm.com\/noticias\/wp-json\/wp\/v2\/posts\/144136","targetHints":{"allow":["GET"]}}],"collection":[{"href":"https:\/\/vinasfm.com\/noticias\/wp-json\/wp\/v2\/posts"}],"about":[{"href":"https:\/\/vinasfm.com\/noticias\/wp-json\/wp\/v2\/types\/post"}],"author":[{"embeddable":true,"href":"https:\/\/vinasfm.com\/noticias\/wp-json\/wp\/v2\/users\/7"}],"replies":[{"embeddable":true,"href":"https:\/\/vinasfm.com\/noticias\/wp-json\/wp\/v2\/comments?post=144136"}],"version-history":[{"count":3,"href":"https:\/\/vinasfm.com\/noticias\/wp-json\/wp\/v2\/posts\/144136\/revisions"}],"predecessor-version":[{"id":144139,"href":"https:\/\/vinasfm.com\/noticias\/wp-json\/wp\/v2\/posts\/144136\/revisions\/144139"}],"wp:featuredmedia":[{"embeddable":true,"href":"https:\/\/vinasfm.com\/noticias\/wp-json\/wp\/v2\/media\/144137"}],"wp:attachment":[{"href":"https:\/\/vinasfm.com\/noticias\/wp-json\/wp\/v2\/media?parent=144136"}],"wp:term":[{"taxonomy":"category","embeddable":true,"href":"https:\/\/vinasfm.com\/noticias\/wp-json\/wp\/v2\/categories?post=144136"},{"taxonomy":"post_tag","embeddable":true,"href":"https:\/\/vinasfm.com\/noticias\/wp-json\/wp\/v2\/tags?post=144136"}],"curies":[{"name":"wp","href":"https:\/\/api.w.org\/{rel}","templated":true}]}}