{"id":144126,"date":"2025-02-11T10:48:10","date_gmt":"2025-02-11T13:48:10","guid":{"rendered":"https:\/\/vinasfm.com\/noticias\/?p=144126"},"modified":"2025-02-11T10:48:10","modified_gmt":"2025-02-11T13:48:10","slug":"vendimia-2025-reserva-y-retiro-de-entradas-para-personas-con-discapacidad","status":"publish","type":"post","link":"https:\/\/vinasfm.com\/noticias\/vendimia-2025-reserva-y-retiro-de-entradas-para-personas-con-discapacidad\/","title":{"rendered":"VENDIMIA 2025: RESERVA Y RETIRO DE ENTRADAS PARA PERSONAS CON DISCAPACIDAD"},"content":{"rendered":"<h4><span style=\"color: #000000;\">La Subsecretar\u00eda de Cultura de Mendoza, en conjunto con la Direcci\u00f3n Provincial de Atenci\u00f3n a Personas con Discapacidad, informa que ya est\u00e1 habilitado el proceso de reserva y retiro de entradas para personas con discapacidad que deseen asistir a la Fiesta Nacional de la Vendimia 2025.<\/span><\/h4>\n<h2><span style=\"color: #000000;\"><strong>Reserva de entradas<\/strong><\/span><\/h2>\n<p><span style=\"color: #000000;\">Los interesados deber\u00e1n completar el formulario de reserva correspondiente a<\/span><\/p>\n<p><span style=\"color: #000000;\">cada caso:<\/span><\/p>\n<ul>\n<li><span style=\"color: #000000;\">Para Personas con CUD: <\/span><a href=\"https:\/\/forms.gle\/juH3f2T1JJnSmyaS8\" target=\"_blank\" rel=\"noreferrer noopener\">https:\/\/forms.gle\/juH3f2T1JJnSmyaS8<\/a><\/li>\n<li><span style=\"color: #000000;\">Para Instituciones:<\/span>\u00a0<a href=\"https:\/\/forms.gle\/8ze6kvBDs8AE8r4C7\" target=\"_blank\" rel=\"noreferrer noopener\">https:\/\/forms.gle\/8ze6kvBDs8AE8r4C7<\/a><\/li>\n<\/ul>\n<p><span style=\"color: #000000;\">Es requisito contar con el<strong> Certificado \u00danico de Discapacidad<\/strong> <em>(CUD)<\/em> vigente.<strong> El mismo estar\u00e1 disponible hasta completar el cupo de entradas. Una vez completo y enviado, dentro de las 48 horas, recibir\u00e1 la respuesta a la solicitud.<\/strong><\/span><\/p>\n<p><span style=\"color: #000000;\">El link para el ingreso al formulario estar\u00e1 visible en las p\u00e1ginas oficiales de Gobierno y redes sociales.<\/span><\/p>\n<p><span style=\"color: #000000;\">Para aquellas personas que no puedan completar el formulario de manera online, podr\u00e1n concurrir a la Direcci\u00f3n de Atenci\u00f3n a la Persona con Discapacidad, <strong>ubicada en Pedro Molina 565, Ciudad de Mendoza, en horario de 8 a 16, donde se brindar\u00e1 asistencia \u00f3 en el Municipio correspondiente, de 8:00 a 13:00 horas.<\/strong><\/span><\/p>\n<p><img decoding=\"async\" src=\"https:\/\/www.mendoza.gov.ar\/wp-content\/uploads\/sites\/5\/2025\/02\/Teatro-Griego-Rampa-Discapacidad-700x466.jpg\" \/><\/p>\n<p><span style=\"color: #000000;\">Se entregar\u00e1n 2 (dos) entradas, 1 para la PcD y otra para su acompa\u00f1ante. El requisito para acceder a la misma es que posea certificado \u00fanico de discapacidad -CUD- vigente a la fecha. Se podr\u00e1 optar por una sola noche de los eventos de Vendimia. La limitaci\u00f3n a una sola noche; tiene como objetivo asegurar que m\u00e1s personas con discapacidad puedan acceder y disfrutar de la Fiesta m\u00e1xima de los mendocinos.<\/span><\/p>\n<h2><span style=\"color: #000000;\"><strong>Retiro de entradas<\/strong><\/span><\/h2>\n<p><span style=\"color: #000000;\">Las personas que hayan completado el formulario y recibido la confirmaci\u00f3n por correo electr\u00f3nico, deber\u00e1n retirar sus entradas entre el 24 y el 28 de febrero, de 8 a 15, en la Direcci\u00f3n de Atenci\u00f3n a la Persona con Discapacidad, Pedro Molina 565, Ciudad de Mendoza. Para el retiro de las mismas se deber\u00e1 presentar DNI de la persona solicitante (PcD).<\/span><\/p>\n","protected":false},"excerpt":{"rendered":"<p>La Subsecretar\u00eda de Cultura de Mendoza, en conjunto con la Direcci\u00f3n Provincial de Atenci\u00f3n a Personas con Discapacidad, informa que ya &#8230;<\/p>\n","protected":false},"author":7,"featured_media":144127,"comment_status":"open","ping_status":"open","sticky":false,"template":"","format":"standard","meta":{"footnotes":""},"categories":[1],"tags":[],"class_list":["post-144126","post","type-post","status-publish","format-standard","has-post-thumbnail","hentry","category-fmvinas"],"_links":{"self":[{"href":"https:\/\/vinasfm.com\/noticias\/wp-json\/wp\/v2\/posts\/144126","targetHints":{"allow":["GET"]}}],"collection":[{"href":"https:\/\/vinasfm.com\/noticias\/wp-json\/wp\/v2\/posts"}],"about":[{"href":"https:\/\/vinasfm.com\/noticias\/wp-json\/wp\/v2\/types\/post"}],"author":[{"embeddable":true,"href":"https:\/\/vinasfm.com\/noticias\/wp-json\/wp\/v2\/users\/7"}],"replies":[{"embeddable":true,"href":"https:\/\/vinasfm.com\/noticias\/wp-json\/wp\/v2\/comments?post=144126"}],"version-history":[{"count":1,"href":"https:\/\/vinasfm.com\/noticias\/wp-json\/wp\/v2\/posts\/144126\/revisions"}],"predecessor-version":[{"id":144128,"href":"https:\/\/vinasfm.com\/noticias\/wp-json\/wp\/v2\/posts\/144126\/revisions\/144128"}],"wp:featuredmedia":[{"embeddable":true,"href":"https:\/\/vinasfm.com\/noticias\/wp-json\/wp\/v2\/media\/144127"}],"wp:attachment":[{"href":"https:\/\/vinasfm.com\/noticias\/wp-json\/wp\/v2\/media?parent=144126"}],"wp:term":[{"taxonomy":"category","embeddable":true,"href":"https:\/\/vinasfm.com\/noticias\/wp-json\/wp\/v2\/categories?post=144126"},{"taxonomy":"post_tag","embeddable":true,"href":"https:\/\/vinasfm.com\/noticias\/wp-json\/wp\/v2\/tags?post=144126"}],"curies":[{"name":"wp","href":"https:\/\/api.w.org\/{rel}","templated":true}]}}