{"id":144118,"date":"2025-02-11T10:18:31","date_gmt":"2025-02-11T13:18:31","guid":{"rendered":"https:\/\/vinasfm.com\/noticias\/?p=144118"},"modified":"2025-02-11T10:18:31","modified_gmt":"2025-02-11T13:18:31","slug":"un-vecino-denuncio-que-delincuentes-le-robaron-su-bicicleta","status":"publish","type":"post","link":"https:\/\/vinasfm.com\/noticias\/un-vecino-denuncio-que-delincuentes-le-robaron-su-bicicleta\/","title":{"rendered":"UN VECINO DENUNCI\u00d3 QUE DELINCUENTES LE ROBARON SU BICICLETA"},"content":{"rendered":"<h4 data-sourcepos=\"3:1-3:240\"><span style=\"color: #000000;\">Alrededor de las 12:05 horas, un hombre de 52 a\u00f1os, identificado como M.O., denunci\u00f3 el robo de su bicicleta rodado 28.<\/span><\/h4>\n<p data-sourcepos=\"5:1-5:242\"><span style=\"color: #000000;\">Seg\u00fan el relato de la v\u00edctima, <strong>hab\u00eda dejado su bicicleta apoyada sobre una ventana, en inmediaciones de calle Libertad, sin tomar las precauciones necesarias para asegurarla.<\/strong> Pocas horas m\u00e1s tarde, se percat\u00f3 de que el rodado hab\u00eda sido sustra\u00eddo.<\/span><\/p>\n<p data-sourcepos=\"7:1-7:200\"><span style=\"color: #000000;\">Personal policial ya se encuentra investigando el hecho y recolectando pruebas en el lugar del robo. <strong>Se recomienda a la comunidad extremar las medidas de seguridad y denunciar cualquier actividad sospechosa.<\/strong><\/span><\/p>\n","protected":false},"excerpt":{"rendered":"<p>Alrededor de las 12:05 horas, un hombre de 52 a\u00f1os, identificado como M.O., denunci\u00f3 el robo de su bicicleta rodado 28. &#8230;<\/p>\n","protected":false},"author":7,"featured_media":144030,"comment_status":"open","ping_status":"open","sticky":false,"template":"","format":"standard","meta":{"footnotes":""},"categories":[1],"tags":[],"class_list":["post-144118","post","type-post","status-publish","format-standard","has-post-thumbnail","hentry","category-fmvinas"],"_links":{"self":[{"href":"https:\/\/vinasfm.com\/noticias\/wp-json\/wp\/v2\/posts\/144118","targetHints":{"allow":["GET"]}}],"collection":[{"href":"https:\/\/vinasfm.com\/noticias\/wp-json\/wp\/v2\/posts"}],"about":[{"href":"https:\/\/vinasfm.com\/noticias\/wp-json\/wp\/v2\/types\/post"}],"author":[{"embeddable":true,"href":"https:\/\/vinasfm.com\/noticias\/wp-json\/wp\/v2\/users\/7"}],"replies":[{"embeddable":true,"href":"https:\/\/vinasfm.com\/noticias\/wp-json\/wp\/v2\/comments?post=144118"}],"version-history":[{"count":1,"href":"https:\/\/vinasfm.com\/noticias\/wp-json\/wp\/v2\/posts\/144118\/revisions"}],"predecessor-version":[{"id":144119,"href":"https:\/\/vinasfm.com\/noticias\/wp-json\/wp\/v2\/posts\/144118\/revisions\/144119"}],"wp:featuredmedia":[{"embeddable":true,"href":"https:\/\/vinasfm.com\/noticias\/wp-json\/wp\/v2\/media\/144030"}],"wp:attachment":[{"href":"https:\/\/vinasfm.com\/noticias\/wp-json\/wp\/v2\/media?parent=144118"}],"wp:term":[{"taxonomy":"category","embeddable":true,"href":"https:\/\/vinasfm.com\/noticias\/wp-json\/wp\/v2\/categories?post=144118"},{"taxonomy":"post_tag","embeddable":true,"href":"https:\/\/vinasfm.com\/noticias\/wp-json\/wp\/v2\/tags?post=144118"}],"curies":[{"name":"wp","href":"https:\/\/api.w.org\/{rel}","templated":true}]}}